{"id":319076,"date":"2024-03-07T15:00:56","date_gmt":"2024-03-07T14:00:56","guid":{"rendered":"https:\/\/www.focolare.org\/itoikoumene-da-tutta-la-terraenoikoumene-from-all-over-the-earthesoikoumene-de-toda-la-tierrafroekoumene-venus-du-monde-entier\/"},"modified":"2024-05-15T21:15:15","modified_gmt":"2024-05-15T19:15:15","slug":"itoikoumene-da-tutta-la-terraenoikoumene-from-all-over-the-earthesoikoumene-de-toda-la-tierrafroekoumene-venus-du-monde-entier","status":"publish","type":"post","link":"https:\/\/www.focolare.org\/pt-pt\/itoikoumene-da-tutta-la-terraenoikoumene-from-all-over-the-earthesoikoumene-de-toda-la-tierrafroekoumene-venus-du-monde-entier\/","title":{"rendered":"[:it]Oikoumene \u2013 da tutta la terra[:en]Oikoumene \u2013 from all over the earth[:es]Oikoumene \u2013 de toda la tierra[:fr]\u0152koum\u00e8ne \u2013 venus du monde entier"},"content":{"rendered":"<p><em>Na sexta-feira, 01 de mar\u00e7o, na cidade hist\u00f3rica de Augsburg, na Alemanha, concluiu-se o 40\u00ba Encontro ecum\u00eanico dos Bispos amigos do Movimento dos Focolares. Eram 60 participantes provenientes de 26 pa\u00edses e pertencentes a 29 Igrejas crist\u00e3s. <\/em><em>O t\u00edtulo era \u201cDare to Be One. A call from Jesus to live the future, now\u201d, e mais ainda a realidade do encontro.<\/em><em>\u00a0<\/em>  <strong>1518<\/strong> &#8211; Em Augsburg (Alemanha), o cardeal romano Caetano, not\u00e1vel te\u00f3logo tomista, e o monge agostiniano Martinho Lutero, docente de Sagrada Escritura na universidade de Wittenberg (Alemanha), estavam discutindo sobre 95 teses sobre indulg\u00eancias que Lutero propunha. Nada a fazer. N\u00e3o se entendiam. Lutero, temendo pela sua vida, fugiu durante a noite.  <strong>1530<\/strong> &#8211; A Dieta do Sagrado Imp\u00e9rio Romano conduziu o imperador Carlos V a Augsburg. Ele pretendia juntar protestantes e cat\u00f3licos, que estavam divididos. Na ocasi\u00e3o, Felipe Melanchton, te\u00f3logo amigo de Lutero, preparou a <em>Confessio Augustana<\/em>, uma confiss\u00e3o de f\u00e9 redigida para chegar a um acordo. A tentativa falhou.  <strong>1555<\/strong> &#8211; Durante uma Dieta posterior em Augsburg, \u00e9 assinada a Paz religiosa que assegurou a coexist\u00eancia entre cat\u00f3licos e luteranos. Cada pr\u00edncipe do Imp\u00e9rio estabeleceu qual confiss\u00e3o seria seguida em seu territ\u00f3rio, uma decis\u00e3o que se resumia na express\u00e3o latina <em>cuius regio eius religio <\/em>(a religi\u00e3o \u00e9 de quem \u00e9 a regi\u00e3o).  <strong>1650<\/strong> &#8211; Depois da guerra sangrenta dos 30 anos, que tamb\u00e9m atingiu Augsburg, foi sancionada a liberdade de express\u00e3o religiosa e a paridade entre protestantes e cat\u00f3licos em todas as reparti\u00e7\u00f5es p\u00fablicas. Nasceu o Alto Festival da Paz, que ainda hoje \u00e9 celebrado no dia 8 de agosto.  <img alt=\"\" alt=\"\" loading=\"lazy\" decoding=\"async\" class=\"alignleft wp-image-261547\" src=\"https:\/\/www.focolare.org\/wp-content\/uploads\/2024\/03\/WK_20240229_093510-604x340.jpg\" alt=\"\" width=\"380\" height=\"214\" \/>Foi nesse lugar cheio de hist\u00f3ria, Augsburg, que, a convite do bispo cat\u00f3lico de Bertram Meier, aconteceu, de 27 de fevereiro a 01 de mar\u00e7o, o 40\u00ba Encontro ecum\u00eanico dos Bispos amigos do Movimento dos Focolares. Participaram 60 bispos de 26 pa\u00edses, pertencentes a todas as grandes fam\u00edlias de Igrejas: ortodoxas, Igrejas ortodoxas orientais, anglicanos, metodistas, evang\u00e9licos, reformados, cat\u00f3licos de rito latino, arm\u00eanio e bizantino. Nunca antes participaram tantos e de proveni\u00eancia t\u00e3o universal, que foi observada tamb\u00e9m pela prefeita da cidade, Eva Weber, quando recebeu os bispos no munic\u00edpio.  Desde a chegada, foi tocante ver o relacionamento entre esses bispos, entre os quais estavam tamb\u00e9m duas mulheres, bispos de Igrejas nascidas da Reforma. Cada Igreja foi acolhida como \u00e9. Um esp\u00edrito simples de fraternidade permeou os dias, sem subestimar as feridas e os pontos de desacordo entre as Igrejas que existem at\u00e9 hoje. Mas tudo foi sustentado por aquele pacto de amor rec\u00edproco que caracterizou desde o in\u00edcio esses Encontros e que os Bispos renovaram solenemente tamb\u00e9m este ano, prometendo compartilhar as alegrias e as cruzes um do outro. Nasceu uma sinodalidade ecum\u00eanica, como foi definido por v\u00e1rios participantes.  <em><img alt=\"\" alt=\"\" loading=\"lazy\" decoding=\"async\" class=\"alignright wp-image-261546\" src=\"https:\/\/www.focolare.org\/wp-content\/uploads\/2024\/03\/WK_20240227_120250-604x340.jpg\" alt=\"\" width=\"380\" height=\"214\" \/>Dare to Be One. A call from Jesus to live the future, now <\/em>(Ousar ser um. Um chamado de Jesus a viver o futuro agora) foi o mote do encontro e, mais ainda, do caminho do qual participaram tamb\u00e9m a presidente e o copresidente do Movimento dos Focolares, Margaret Karram e Jes\u00fas Mor\u00e1n. Foram tr\u00eas temas principais aprofundados, cada um ilustrado por experi\u00eancias: o ecumenismo receptivo como metodologia ecum\u00eanica que leva a aprender um com o outro; o chamado comum a testemunhar o Evangelho em um mundo dividido em busca de paz; Jesus crucificado e abandonado como caminho para enfrentar a noite do mundo e responder de modo generativo.  E mais uma data: 31 de outubro de 1999. S\u00e3o 25 anos desde que a Federa\u00e7\u00e3o Luterana Mundial e a Igreja cat\u00f3lica assinaram justamente em Augsburg a \u201cDeclara\u00e7\u00e3o conjunta sobre a doutrina da justifica\u00e7\u00e3o\u201d, reconhecendo que, sobre esse ponto-chave da dissid\u00eancia no s\u00e9culo XVI, hoje n\u00e3o h\u00e1 mais motivo de separa\u00e7\u00e3o. Uma ora\u00e7\u00e3o ecum\u00eanica comemorou o evento hist\u00f3rico no lugar da assinatura: a igreja evang\u00e9lica de Sant\u2019Anna. No dia seguinte, uma mesa redonda aprofundou a import\u00e2ncia. O reverendo Ismael Noko, na \u00e9poca secret\u00e1rio geral da Federa\u00e7\u00e3o Luterana Mundial, ilustrou o caminho humilde e tenaz que tornou poss\u00edvel a assinatura e viu a sucessiva ades\u00e3o de outras Comunh\u00f5es Mundiais (metodista, reformada e anglicana). O doutor Ernst \u00d6ffner, na \u00e9poca bispo cat\u00f3lico evang\u00e9lico regional de Augsburg, contou como lutou-se, junto ao Bispo cat\u00f3lico da \u00e9poca, para envolver a popula\u00e7\u00e3o e toda a cidade ficou em festa. O bispo cat\u00f3lico Bertram Meier falou dos desafios e das oportunidades do caminho que est\u00e1 agora diante de n\u00f3s.  Durante todo o encontro, sempre olhou-se de novo para as amea\u00e7as atuais \u00e0 paz e \u00e0 justi\u00e7a. Sobre isso, foi muito importante a mensagem em v\u00eddeo sobre a situa\u00e7\u00e3o que se vive na Terra Santa, mensagem esta enviada pelo cardeal Pizzaballa para os bispos participantes do encontro. Nesse contexto, duas realidades deram uma esperan\u00e7a particular: o desenvolvimento da rede ecum\u00eanica \u201cJuntos pela Europa\u201d que inclui cerca de 300 Movimentos e comunidades de v\u00e1rias Igrejas, e a visita \u00e0 Mari\u00e1polis permanente ecum\u00eanica de Ottmaring (Alemanha), onde, h\u00e1 56 anos, cat\u00f3licos e luteranos de diversos Movimentos testemunham a unidade na diversidade, um caminho n\u00e3o sempre f\u00e1cil no qual, de cada crise, nasceram novos desenvolvimentos.  Para o futuro, mira-se no crescimento das redes locais, na liga\u00e7\u00e3o entre todos por meio de contatos online peri\u00f3dicos e newsletters, em vista de um pr\u00f3ximo encontro internacional em dois ou tr\u00eas anos. <\/p>\n<p style=\"text-align: right;\"><em>Hubertus Blaumeiser<\/em><\/p>\n<div class=\"et_pb_slider et_pb_slider_fullwidth_off et_pb_gallery_post_type\">\n\t\t\t\t<div class=\"et_pb_slides\">\n\t\t\t\t\t\n\t\t\t\t<\/div>\n\t\t\t<\/div>\n","protected":false},"excerpt":{"rendered":"<p>Na sexta-feira, 01 de mar\u00e7o, na cidade hist\u00f3rica de Augsburg, na Alemanha, concluiu-se o 40\u00ba Encontro ecum\u00eanico dos Bispos amigos do Movimento dos Focolares. Eram 60 participantes provenientes de 26 pa\u00edses e pertencentes a 29 Igrejas crist\u00e3s. O t\u00edtulo era \u201cDare to Be One. A call from Jesus to live the future, now\u201d, e mais ainda a realidade do encontro.<\/p>\n","protected":false},"author":33,"featured_media":0,"comment_status":"open","ping_status":"open","sticky":false,"template":"","format":"standard","meta":{"give_campaign_id":0,"_seopress_robots_primary_cat":"","_seopress_titles_title":"","_seopress_titles_desc":"","_seopress_robots_index":"","_et_pb_use_builder":"","_et_pb_old_content":"","_et_gb_content_width":"","footnotes":""},"categories":[129],"tags":[],"class_list":["post-319076","post","type-post","status-publish","format-standard","hentry","category-sem-categoria"],"_links":{"self":[{"href":"https:\/\/www.focolare.org\/pt-pt\/wp-json\/wp\/v2\/posts\/319076","targetHints":{"allow":["GET"]}}],"collection":[{"href":"https:\/\/www.focolare.org\/pt-pt\/wp-json\/wp\/v2\/posts"}],"about":[{"href":"https:\/\/www.focolare.org\/pt-pt\/wp-json\/wp\/v2\/types\/post"}],"author":[{"embeddable":true,"href":"https:\/\/www.focolare.org\/pt-pt\/wp-json\/wp\/v2\/users\/33"}],"replies":[{"embeddable":true,"href":"https:\/\/www.focolare.org\/pt-pt\/wp-json\/wp\/v2\/comments?post=319076"}],"version-history":[{"count":0,"href":"https:\/\/www.focolare.org\/pt-pt\/wp-json\/wp\/v2\/posts\/319076\/revisions"}],"wp:attachment":[{"href":"https:\/\/www.focolare.org\/pt-pt\/wp-json\/wp\/v2\/media?parent=319076"}],"wp:term":[{"taxonomy":"category","embeddable":true,"href":"https:\/\/www.focolare.org\/pt-pt\/wp-json\/wp\/v2\/categories?post=319076"},{"taxonomy":"post_tag","embeddable":true,"href":"https:\/\/www.focolare.org\/pt-pt\/wp-json\/wp\/v2\/tags?post=319076"}],"curies":[{"name":"wp","href":"https:\/\/api.w.org\/{rel}","templated":true}]}}