{"id":319088,"date":"2024-04-02T13:00:16","date_gmt":"2024-04-02T11:00:16","guid":{"rendered":"https:\/\/www.focolare.org\/sinodalidade-e-comunicacao\/"},"modified":"2024-05-15T21:15:18","modified_gmt":"2024-05-15T19:15:18","slug":"sinodalidade-e-comunicacao","status":"publish","type":"post","link":"https:\/\/www.focolare.org\/pt-pt\/sinodalidade-e-comunicacao\/","title":{"rendered":"Sinodalidade e comunica\u00e7\u00e3o"},"content":{"rendered":"<p><em>Jornalistas, professores, especialistas em comunica\u00e7\u00e3o: um laborat\u00f3rio internacional no caminho sinodal<\/em>  <strong>\u201cQual comunica\u00e7\u00e3o para a sinodalidade?\u201d<\/strong> Este foi o t\u00edtulo de um webinar realizado no dia 7 de mar\u00e7o em direto no Youtube, nascido ap\u00f3s um longo debate entre especialistas em comunica\u00e7\u00e3o. <strong>Um caminho sinodal come\u00e7ou no ano passado com encontros mensais.<\/strong> Foi assim que, por iniciativa de <strong>NetOne<\/strong>, a rede internacional de comunicadores do Movimento dos Focolares, nasceu a ideia do webinar.  Durante a primeira sess\u00e3o do S\u00ednodo, em outubro passado, o Papa Francisco pediu aos participantes que fizessem jejum das palavras. \u201cA verdadeira comunica\u00e7\u00e3o tem um ritmo a ser respeitado: um tempo para calar e um tempo para falar\u201d \u2013 disse Dom Brendan Leahy, membro da Assembleia Sinodal conectado de Limerick, Dublin. \u201cA sinodalidade envolve ascetismo, aquela capacidade de olhar para dentro de n\u00f3s mesmos e oferecer o \u201cvinho destilado\u201d. Portanto, use as palavras certas e n\u00e3o palavras vazias que levam \u00e0 fofoca. Penso que o Papa nos convida sobretudo a imitar Maria na sua contempla\u00e7\u00e3o\u201d.  \u201cUma Igreja sinodal \u00e9 essencialmente uma Igreja de comunh\u00e3o, que se torna real quando h\u00e1 a comunica\u00e7\u00e3o dos dons de todos\u201d &#8211; afirmou <strong>Monsenhor Piero Coda<\/strong>, secret\u00e1rio da Comiss\u00e3o Teol\u00f3gica Internacional que falou no evento. \u201cPrecisamos visar \u00e0 qualidade da comunica\u00e7\u00e3o: n\u00e3o propor respostas opinativas, mas descobrir as verdadeiras quest\u00f5es que existem na sociedade para dar respostas prof\u00e9ticas\u201d.  O discurso de <strong>Thierry Bonaventura<\/strong>, respons\u00e1vel de comunica\u00e7\u00e3o da Secretaria Geral do S\u00ednodo, liga-se \u00e0s palavras de Monsenhor Coda: \u201cA comunica\u00e7\u00e3o \u00e9 a base de qualquer rela\u00e7\u00e3o humana. Deus \u00e9 comunica\u00e7\u00e3o, comunica-se, \u00e9 di\u00e1logo entre as Pessoas da Trindade. Todas as quest\u00f5es que surgiram durante a primeira sess\u00e3o do S\u00ednodo de outubro passado est\u00e3o ligadas ao tema da relacionalidade, a comunica\u00e7\u00e3o permeou o S\u00ednodo, mesmo que tenha sido dada prioridade a fazer comunica\u00e7\u00e3o em vez de pensar na comunica\u00e7\u00e3o\u201d.  Em seguida, falou da Argentina, <strong>Isabel Gatti<\/strong>, coordenadora internacional da NetOne: \u201cA partir da teoria da comunica\u00e7\u00e3o \u00e9 poss\u00edvel oferecer chaves de interpreta\u00e7\u00e3o para que os conceitos filos\u00f3ficos e teol\u00f3gicos da sinodalidade possam melhorar as nossas pr\u00e1ticas eclesiais nas dimens\u00f5es individuais e tamb\u00e9m sociais. A nossa Igreja pode ser uma fam\u00edlia se, como Jesus e Maria, assumirmos a dor da humanidade sofredora que hoje tem muitas faces ligadas \u00e0 comunica\u00e7\u00e3o: polariza\u00e7\u00f5es sociais, guerras, desigualdades sociais\u201d.  Um exemplo de caminho sinodal \u00e9 a reforma da comunica\u00e7\u00e3o do Vaticano. \u201cO Papa quer uma Igreja em sa\u00edda, na qual haja espa\u00e7o para todos &#8211; afirma <strong>Dom Lucio Adrian Ruiz<\/strong>, secret\u00e1rio do Dicast\u00e9rio para a Comunica\u00e7\u00e3o. \u201cIsto implica uma comunica\u00e7\u00e3o que, por um lado, abrace todas as novas tecnologias e, por outro, n\u00e3o esque\u00e7a nenhuma das antigas, porque ningu\u00e9m deve ficar de fora. Depois h\u00e1 a experi\u00eancia do S\u00ednodo digital, um processo mission\u00e1rio para levar o carinho, o an\u00fancio de Jesus tamb\u00e9m \u00e0s pessoas que n\u00e3o vivem nas institui\u00e7\u00f5es da Igreja\u201d.  Depois h\u00e1 espa\u00e7o para a intelig\u00eancia artificial: como \u00e9 que ela nos questiona na nossa profiss\u00e3o de comunicadores? \u201cA resposta deve ser dada com tr\u00eas palavras: conhecimento, criatividade e responsabilidade \u2013 afirma <strong>Giovanni Tridente<\/strong>, diretor de Comunica\u00e7\u00f5es da Pontif\u00edcia Universidade da Santa Cruz de Roma. \u201cVoc\u00ea precisa conhecer essa inova\u00e7\u00e3o tecnol\u00f3gica para entender como utiliz\u00e1-la. Deve ser utilizada com criatividade para melhorar as nossas vidas e h\u00e1 necessidade de responsabilidade para utiliz\u00e1-la tamb\u00e9m do ponto de vista \u00e9tico para consciencializar e tornar as pessoas livres para formar a sua pr\u00f3pria opini\u00e3o.\u201d  Por fim, o discurso de <strong>Liliane Mugombozi<\/strong>, jornalista da Rep\u00fablica Democr\u00e1tica do Congo: \u201cQuando comunicamos estamos dando algo de n\u00f3s mesmos, da nossa vis\u00e3o de mundo, dos valores em que acreditamos, dos nossos medos, das tristezas, mas tamb\u00e9m as conquistas, as vit\u00f3rias, as d\u00favidas, as esperan\u00e7as, as nossas quest\u00f5es mais profundas. Um ato de comunica\u00e7\u00e3o pode ser uma d\u00e1diva que incentiva o encontro de pessoas, que cria contextos de di\u00e1logo e confian\u00e7a mesmo em situa\u00e7\u00f5es dif\u00edceis, e de caminhar juntos. Um prov\u00e9rbio Amhara (Eti\u00f3pia) diz que \u201cquando as teias de aranha se juntam, podem prender at\u00e9 um le\u00e3o\u201d.  Por fim, espa\u00e7o para di\u00e1logo e perguntas, experi\u00eancias e impress\u00f5es. Houve um desejo de transmitir e experimentar uma comunica\u00e7\u00e3o mais incisiva e sincera. Este webinar \u00e9 apenas o in\u00edcio de uma jornada de sinodalidade e comunica\u00e7\u00e3o.  Para mais informa\u00e7\u00f5es acesse: <a href=\"mailto:net4synodcom@gmail.com\">net4synodcom@gmail.com<\/a> <\/p>\n<p style=\"text-align: right;\"><em>Lorenzo Russo<\/em><\/p>\n<p> <iframe loading=\"lazy\" title=\"YouTube video player\" src=\"https:\/\/www.youtube.com\/embed\/bat8-y0R9V0?si=GyB3Fgj3xPhbIAf3\" width=\"560\" height=\"315\" frameborder=\"0\" allowfullscreen=\"allowfullscreen\"><\/iframe><\/p>\n","protected":false},"excerpt":{"rendered":"<p>Jornalistas, professores, especialistas em comunica\u00e7\u00e3o: um laborat\u00f3rio internacional no caminho sinodal<\/p>\n","protected":false},"author":33,"featured_media":0,"comment_status":"open","ping_status":"open","sticky":false,"template":"","format":"standard","meta":{"give_campaign_id":0,"_seopress_robots_primary_cat":"","_seopress_titles_title":"","_seopress_titles_desc":"","_seopress_robots_index":"","_et_pb_use_builder":"","_et_pb_old_content":"","_et_gb_content_width":"","footnotes":""},"categories":[142,129],"tags":[4094,913],"class_list":["post-319088","post","type-post","status-publish","format-standard","hentry","category-cultura","category-sem-categoria","tag-di1","tag-ppg"],"_links":{"self":[{"href":"https:\/\/www.focolare.org\/pt-pt\/wp-json\/wp\/v2\/posts\/319088","targetHints":{"allow":["GET"]}}],"collection":[{"href":"https:\/\/www.focolare.org\/pt-pt\/wp-json\/wp\/v2\/posts"}],"about":[{"href":"https:\/\/www.focolare.org\/pt-pt\/wp-json\/wp\/v2\/types\/post"}],"author":[{"embeddable":true,"href":"https:\/\/www.focolare.org\/pt-pt\/wp-json\/wp\/v2\/users\/33"}],"replies":[{"embeddable":true,"href":"https:\/\/www.focolare.org\/pt-pt\/wp-json\/wp\/v2\/comments?post=319088"}],"version-history":[{"count":0,"href":"https:\/\/www.focolare.org\/pt-pt\/wp-json\/wp\/v2\/posts\/319088\/revisions"}],"wp:attachment":[{"href":"https:\/\/www.focolare.org\/pt-pt\/wp-json\/wp\/v2\/media?parent=319088"}],"wp:term":[{"taxonomy":"category","embeddable":true,"href":"https:\/\/www.focolare.org\/pt-pt\/wp-json\/wp\/v2\/categories?post=319088"},{"taxonomy":"post_tag","embeddable":true,"href":"https:\/\/www.focolare.org\/pt-pt\/wp-json\/wp\/v2\/tags?post=319088"}],"curies":[{"name":"wp","href":"https:\/\/api.w.org\/{rel}","templated":true}]}}