{"id":319110,"date":"2024-04-26T13:00:15","date_gmt":"2024-04-26T11:00:15","guid":{"rendered":"https:\/\/www.focolare.org\/costa-do-marfim-simposio-da-edc-sobre-a-revolucao-da-doacao\/"},"modified":"2024-05-15T21:15:22","modified_gmt":"2024-05-15T19:15:22","slug":"costa-do-marfim-simposio-da-edc-sobre-a-revolucao-da-doacao","status":"publish","type":"post","link":"https:\/\/www.focolare.org\/pt-pt\/costa-do-marfim-simposio-da-edc-sobre-a-revolucao-da-doacao\/","title":{"rendered":"Costa do Marfim: simp\u00f3sio da EdC sobre a revolu\u00e7\u00e3o da doa\u00e7\u00e3o"},"content":{"rendered":"<p><em>No dia 13 de abril, o Instituto Universit\u00e1rio CERAP de Abidjan, na Costa do Marfim, acolheu um col\u00f3quio sobre a Economia de Comunh\u00e3o intitulado: &#8220;A revolu\u00e7\u00e3o da d\u00e1diva: um novo paradigma para a economia africana&#8221;.<\/em>  No dia 13 de abril de 2024, o<a href=\"https:\/\/cerap-inades.org\/\">\u00a0Instituto Universit\u00e1rio Cerap<\/a>, na Costa do Marfim, sediou um vibrante\u00a0simp\u00f3sio com foco na Economia de Comunh\u00e3o\u00a0(EdC). Com a presen\u00e7a de 146 participantes, provenientes principalmente da conceituada Faculdade de Economia dessa universidade, o evento proporcionou uma plataforma para discuss\u00f5es estimulantes e novas percep\u00e7\u00f5es sobre modelos econ\u00f4micos alternativos.  Tendo como pano de fundo os modelos econ\u00f4micos vigentes atualmente, marcados por uma\u00a0cultura de consumo em vez de uma &#8220;cultura de doa\u00e7\u00e3o&#8221;, os participantes se envolveram com entusiasmo nas apresenta\u00e7\u00f5es dos conferencistas.  <strong>Padre Bertin Dadier <\/strong>e<strong> Madame Julie Bodou Kone<\/strong> ocuparam o centro da cena, iluminando o potencial transformador da EdC como uma for\u00e7a complementar em nossa estrutura de mercado existente.  Suas apresenta\u00e7\u00f5es aprofundaram os princ\u00edpios e valores fundamentais por tr\u00e1s da EdC, promovendo um entendimento mais profundo entre os participantes. Apesar do ceticismo inicial, seguiram-se trocas profundas, com os participantes buscando desvendar as implica\u00e7\u00f5es pr\u00e1ticas dessa abordagem inovadora.  Um dos destaques do simp\u00f3sio foi a apresenta\u00e7\u00e3o do empreendimento de EdC da\u00a0<a href=\"https:\/\/www.edc-online.org\/br\/empresas-br\/best-practices\/17257-camaroes-cozinha-mabs-smalls-o-coracao-a-mente-e-o-espirito-no-negocio.html\">Chocomabs<\/a>, que ofereceu um exemplo tang\u00edvel de como esses princ\u00edpios podem ser colocados em pr\u00e1tica. \u00c0 medida que os participantes se aprofundavam no estudo de caso, uma sensa\u00e7\u00e3o palp\u00e1vel de entusiasmo e curiosidade permeava a sala, destacando a relev\u00e2ncia de tais iniciativas na sociedade atual.  Steve William Azeumo, coordenador da\u00a0<a href=\"https:\/\/aecac.org\/\">A\u00e7\u00e3o em prol da Economia de Comunh\u00e3o na \u00c1frica Central,<\/a>\u00a0fez uma apresenta\u00e7\u00e3o impactante. Azeumo enfatizou o papel crucial da incuba\u00e7\u00e3o de empreendedores da EdC, oferecendo exemplos convincentes de Camar\u00f5es para ilustrar seu discurso. Ele tamb\u00e9m enfatizou a import\u00e2ncia de fomentar e promover essas empresas na sociedade, simbolizando sua import\u00e2ncia com as sete cores do arco-\u00edris.  Para o futuro, o impulso gerado pelo simp\u00f3sio est\u00e1 pronto para catalisar mudan\u00e7as tang\u00edveis. Est\u00e3o em andamento planos para\u00a0criar um clube de EdC dentro da universidade,\u00a0proporcionando uma plataforma para explora\u00e7\u00e3o e colabora\u00e7\u00e3o cont\u00ednua entre a Comiss\u00e3o de EdC, os alunos e os membros do corpo docente.  Essencialmente, o simp\u00f3sio de EdC no Cerap serviu como um catalisador para o di\u00e1logo, desafiando o pensamento convencional e estabelecendo as bases para um futuro econ\u00f4mico mais inclusivo e sustent\u00e1vel.  <em>Fonte: <\/em><a href=\"https:\/\/www.edc-online.org\/br\/home-br\/noticias\/19315-costa-do-marfim-simposio-da-edc-sobre-a-revolucao-do-dom.html\"><em>EdC<\/em><\/a><\/p>\n","protected":false},"excerpt":{"rendered":"<p>No dia 13 de abril, o Instituto Universit\u00e1rio CERAP de Abidjan, na Costa do Marfim, acolheu um col\u00f3quio sobre a Economia de Comunh\u00e3o intitulado: &#8220;A revolu\u00e7\u00e3o da d\u00e1diva: um novo paradigma para a economia africana&#8221;.<\/p>\n","protected":false},"author":33,"featured_media":354327,"comment_status":"open","ping_status":"open","sticky":false,"template":"","format":"standard","meta":{"give_campaign_id":0,"_seopress_robots_primary_cat":"","_seopress_titles_title":"","_seopress_titles_desc":"","_seopress_robots_index":"","_et_pb_use_builder":"","_et_pb_old_content":"","_et_gb_content_width":"","footnotes":""},"categories":[129,3176],"tags":[3198],"class_list":["post-319110","post","type-post","status-publish","format-standard","has-post-thumbnail","hentry","category-sem-categoria","category-social","tag-ppg-pt-pt"],"_links":{"self":[{"href":"https:\/\/www.focolare.org\/pt-pt\/wp-json\/wp\/v2\/posts\/319110","targetHints":{"allow":["GET"]}}],"collection":[{"href":"https:\/\/www.focolare.org\/pt-pt\/wp-json\/wp\/v2\/posts"}],"about":[{"href":"https:\/\/www.focolare.org\/pt-pt\/wp-json\/wp\/v2\/types\/post"}],"author":[{"embeddable":true,"href":"https:\/\/www.focolare.org\/pt-pt\/wp-json\/wp\/v2\/users\/33"}],"replies":[{"embeddable":true,"href":"https:\/\/www.focolare.org\/pt-pt\/wp-json\/wp\/v2\/comments?post=319110"}],"version-history":[{"count":0,"href":"https:\/\/www.focolare.org\/pt-pt\/wp-json\/wp\/v2\/posts\/319110\/revisions"}],"wp:featuredmedia":[{"embeddable":true,"href":"https:\/\/www.focolare.org\/pt-pt\/wp-json\/wp\/v2\/media\/354327"}],"wp:attachment":[{"href":"https:\/\/www.focolare.org\/pt-pt\/wp-json\/wp\/v2\/media?parent=319110"}],"wp:term":[{"taxonomy":"category","embeddable":true,"href":"https:\/\/www.focolare.org\/pt-pt\/wp-json\/wp\/v2\/categories?post=319110"},{"taxonomy":"post_tag","embeddable":true,"href":"https:\/\/www.focolare.org\/pt-pt\/wp-json\/wp\/v2\/tags?post=319110"}],"curies":[{"name":"wp","href":"https:\/\/api.w.org\/{rel}","templated":true}]}}