{"id":332726,"date":"2014-05-20T03:00:59","date_gmt":"2014-05-20T01:00:59","guid":{"rendered":"https:\/\/www.focolare.org\/indonesia-religiosas-e-religiosos-jovens\/"},"modified":"2024-05-16T15:21:04","modified_gmt":"2024-05-16T13:21:04","slug":"indonesia-religiosas-e-religiosos-jovens","status":"publish","type":"post","link":"https:\/\/www.focolare.org\/pt-pt\/indonesia-religiosas-e-religiosos-jovens\/","title":{"rendered":"Indon\u00e9sia: religiosas e religiosos jovens"},"content":{"rendered":"<p><a href=\"https:\/\/www.focolare.org\/wp-content\/uploads\/2014\/05\/20140520-03.jpg\"><img alt=\"\" alt=\"\" loading=\"lazy\" decoding=\"async\" class=\" wp-image-105943 alignleft\" style=\"margin-right: 10px\" src=\"https:\/\/www.focolare.org\/wp-content\/uploads\/2014\/05\/20140520-03.jpg\" alt=\"\" width=\"307\" height=\"230\" \/><\/a>\u201c<a href=\"https:\/\/www.focolare.org\/pt\/chiara-lubich\/spiritualita-dellunita\/\">A espiritualidade da unidade<\/a> ajuda-me a conhecer-me melhor e a aprofundar a minha vida como franciscano conventual [\u2026]. Provenho de uma ordem de fraternidade, hoje vi-a realizada aqui\u201d. \u201cO dia de hoje recordou-me de viver com empenho pela fraternidade na minha comunidade. Morando numa casa para estudantes, muitas vezes estamos ocupados com as nossas tarefas e esquecemo-nos o quanto isto \u00e9 importante!\u201d. Foram as express\u00f5es de dois religiosos na conclus\u00e3o do encontro, no dia 3 de maio, organizado pelo Movimento dos Focolares para religiosas e religiosos de v\u00e1rias congrega\u00e7\u00f5es, em Jakarta (<a href=\"https:\/\/www.focolare.org\/pt\/focolare-worldwide\/asia\/indonesia\/\">Indon\u00e9sia<\/a>). Recentemente os focolarinos transferiram-se de <a href=\"https:\/\/www.focolare.org\/pt\/focolare-worldwide\/asia\/singapore\/\">Singapura<\/a> para animar a numerosa e humilde comunidade desta na\u00e7\u00e3o.<\/p>\n<p><img alt=\"\" alt=\"\" loading=\"lazy\" decoding=\"async\" class=\"alignright  wp-image-105944\" src=\"https:\/\/www.focolare.org\/wp-content\/uploads\/2014\/05\/20140520-04.jpg\" alt=\"\" width=\"283\" height=\"212\" \/>O tema principal, \u201cO papel do carisma na vida consagrada por uma Igreja mais bela e um mundo mais unido\u201d, foi apresentado por P. Piero Trabucco da ordem da Consolata, vindo de Roma, do Centro dos Religiosos dos Focolares. A seguir, houve uma intensa troca de experi\u00eancias e perguntas para esclarecer como deve ser a liga\u00e7\u00e3o espiritual dos religiosos aos Focolares, que teve in\u00edcio desde o surgimento do Movimento. A vasta difus\u00e3o do esp\u00edrito evang\u00e9lico de unidade contido no carisma de Chiara Lubich, deve-se em boa parte ao trabalho de religiosas e religiosos que, tendo conhecido este esp\u00edrito de comunh\u00e3o na It\u00e1lia, depois o transmitiram em muitas partes do mundo.<\/p>\n<p>As impress\u00f5es positivas e at\u00e9 entusiastas dos 80 participantes de 18 congrega\u00e7\u00f5es diferentes, evidenciaram principalmente o desejo de redescobrir as origens dos diferentes carismas, conforme o pensamento dos seus fundadores. E, consequentemente, o empenho de viv\u00ea-lo com maior esp\u00edrito de fraternidade e unidade, nas pr\u00f3prias comunidades.<\/p>\n<p><a href=\"https:\/\/www.focolare.org\/wp-content\/uploads\/2014\/05\/20140520-02.jpg\"><img alt=\"\" alt=\"\" loading=\"lazy\" decoding=\"async\" class=\"wp-image-105942 alignleft\" style=\"margin-right: 10px\" src=\"https:\/\/www.focolare.org\/wp-content\/uploads\/2014\/05\/20140520-02.jpg\" alt=\"\" width=\"276\" height=\"207\" \/><\/a>Sary John, jesu\u00edta, diz-se impressionado pela ideia de \u201cser o primeiro a amar\u201d e salientou a riqueza da experi\u00eancia vivida durante o dia, junto com religiosos de outras congrega\u00e7\u00f5es.<\/p>\n<p>Irm\u00e3 Valentina comentou: \u201cEste encontro impulsionou-me a \u2018sair\u2019 da minha congrega\u00e7\u00e3o para conhecer outras e aprender a am\u00e1-las como a minha\u201d. E Irm\u00e3 Novianti: \u201cO exemplo de Chiara Lubich, profeta de paz e de amor no meio do mundo, tocou-me muito\u201d.<\/p>\n<p>Irm\u00e3 Pasifica (OSF) escreveu: \u201cO Focolare responde aos desafios da vida consagrada hoje. O encontro agradou-me muito porque reacendeu em mim a f\u00e9 e o amor pelo carisma da minha congrega\u00e7\u00e3o\u201d. E ainda: \u201cFoi um lindo encontro, sobretudo quando foi sublinhado que devemos voltar \u00e0s ra\u00edzes da espiritualidade das nossas pr\u00f3prias congrega\u00e7\u00f5es, ao sonho dos nossos fundadores. Esta consci\u00eancia impulsionou-me a desejar ter o seu mesmo pensamento e os seus sentimentos\u201d. \u201cDei-me conta de que at\u00e9 agora n\u00e3o vivo no amor pleno e desejo que este encontro seja um in\u00edcio para partilhar o amor com os outros\u201d.<\/p>\n<p>Muitos dos participantes manifestaram o desejo de terem novas ocasi\u00f5es de encontro, na mesma linha desta jornada \u00e0 luz da espiritualidade da unidade, para crescerem juntos neste caminho de comunh\u00e3o e de fraternidade entre v\u00e1rios carismas.<\/p>\n<p><a href=\"https:\/\/www.dropbox.com\/sh\/6z2oibqfnliz0n8\/AADoI8Z7X4uZXkUlOAuQJ8TCa\" target=\"_blank\" rel=\"noopener\">Galeria de fotos<\/a><\/p>\n","protected":false},"excerpt":{"rendered":"<p>Eram 80 de 18 congrega\u00e7\u00f5es diferentes para redescobrir, \u00e0 luz da espiritualidade da unidade, as ra\u00edzes do pr\u00f3prio carisma e o valor da fraternidade vivida nas pr\u00f3prias comunidades.<\/p>\n","protected":false},"author":34,"featured_media":0,"comment_status":"open","ping_status":"open","sticky":false,"template":"","format":"standard","meta":{"give_campaign_id":0,"_seopress_robots_primary_cat":"","_seopress_titles_title":"","_seopress_titles_desc":"","_seopress_robots_index":"","_et_pb_use_builder":"","_et_pb_old_content":"","_et_gb_content_width":"","footnotes":""},"categories":[909,910],"tags":[],"class_list":["post-332726","post","type-post","status-publish","format-standard","hentry","category-focolare-worldwide-2-4","category-senza-categoria-2-4"],"_links":{"self":[{"href":"https:\/\/www.focolare.org\/pt-pt\/wp-json\/wp\/v2\/posts\/332726","targetHints":{"allow":["GET"]}}],"collection":[{"href":"https:\/\/www.focolare.org\/pt-pt\/wp-json\/wp\/v2\/posts"}],"about":[{"href":"https:\/\/www.focolare.org\/pt-pt\/wp-json\/wp\/v2\/types\/post"}],"author":[{"embeddable":true,"href":"https:\/\/www.focolare.org\/pt-pt\/wp-json\/wp\/v2\/users\/34"}],"replies":[{"embeddable":true,"href":"https:\/\/www.focolare.org\/pt-pt\/wp-json\/wp\/v2\/comments?post=332726"}],"version-history":[{"count":0,"href":"https:\/\/www.focolare.org\/pt-pt\/wp-json\/wp\/v2\/posts\/332726\/revisions"}],"wp:attachment":[{"href":"https:\/\/www.focolare.org\/pt-pt\/wp-json\/wp\/v2\/media?parent=332726"}],"wp:term":[{"taxonomy":"category","embeddable":true,"href":"https:\/\/www.focolare.org\/pt-pt\/wp-json\/wp\/v2\/categories?post=332726"},{"taxonomy":"post_tag","embeddable":true,"href":"https:\/\/www.focolare.org\/pt-pt\/wp-json\/wp\/v2\/tags?post=332726"}],"curies":[{"name":"wp","href":"https:\/\/api.w.org\/{rel}","templated":true}]}}