{"id":332734,"date":"2014-05-24T04:00:58","date_gmt":"2014-05-24T02:00:58","guid":{"rendered":"https:\/\/www.focolare.org\/jordania-primeira-etapa-da-peregrinacao-do-papa-francisco\/"},"modified":"2024-05-16T15:21:07","modified_gmt":"2024-05-16T13:21:07","slug":"jordania-primeira-etapa-da-peregrinacao-do-papa-francisco","status":"publish","type":"post","link":"https:\/\/www.focolare.org\/pt-pt\/jordania-primeira-etapa-da-peregrinacao-do-papa-francisco\/","title":{"rendered":"Jord\u00e2nia: primeira etapa da peregrina\u00e7\u00e3o do Papa Francisco"},"content":{"rendered":"<p><b>\u201cO di\u00e1logo pode conduzir a uma a\u00e7\u00e3o comum e ben\u00e9fica, afirma o Rei Abdallah II, da <a href=\"https:\/\/www.focolare.org\/pt\/focolare-worldwide\/asia\/giordania\/\">Jord\u00e2nia<\/a><\/b>. Simples, mas, incisivas estas palavras que refletem a grandeza humana e espiritual do soberano e de toda a fam\u00edlia Hachemita. Ele, de fato, acredita no di\u00e1logo e n\u00e3o est\u00e1 medindo esfor\u00e7os para coloc\u00e1-lo em pr\u00e1tica nesta parte do mundo que, h\u00e1 dec\u00eanios, tem muitos desafios neste campo e onde n\u00e3o \u00e9 nada f\u00e1cil manter no alto a bandeira da conviv\u00eancia pac\u00edfica e da toler\u00e2ncia.  <b><img loading=\"lazy\" decoding=\"async\" class=\" wp-image-106162 alignleft\" style=\"border: 0px;margin: 10px\" alt=\"20140524PopeVisiteJordan3\" src=\"https:\/\/www.focolare.org\/wp-content\/uploads\/2014\/05\/20140524PopeVisiteJordan3.jpg\" width=\"299\" height=\"168\" \/>A acolhida ao Papa Francisco \u00e9 uma ulterior demonstra\u00e7\u00e3o concreta<\/b> de uma pessoa que quer estabelecer rela\u00e7\u00f5es ou refor\u00e7\u00e1-las, de quem quer, decididamente, trabalhar em conjunto pela conc\u00f3rdia e pela paz. E \u00e9 impressionante constatar o quanto esta pequena na\u00e7\u00e3o, cuja grande maioria dos habitantes \u00e9 mu\u00e7ulmana, est\u00e1 criando todas as condi\u00e7\u00f5es para que a mais importante personalidade cat\u00f3lica possa sentir-se em casa.  Pelas ruas de Am\u00e3, h\u00e1 muitos dias, foi fixada uma quantidade enorme de fotografias de Francisco e Abdallah II, que se cumprimentam e, ao lado, uma palavra expressiva: \u201c<i>Maan<\/i>\u201d (Juntos). O N\u00fancio Apost\u00f3lico, Dom Giorgio L\u00edngua, entusiasmado, h\u00e1 dias nos confirmou que nota-se o quanto a fam\u00edlia real faz tudo com entusiasmo, com o cora\u00e7\u00e3o.  Podemos afirmar que n\u00e3o existe nada de artificial, mas, \u00e9 evidente que o pa\u00eds ter\u00e1 vantagens com esta visita, tanto em proje\u00e7\u00e3o quanto economicamente, se considerarmos somente uma maior promo\u00e7\u00e3o do turismo. Mas, isso demonstra intelig\u00eancia e n\u00e3o falsidade.  O Papa Francisco n\u00e3o poderia come\u00e7ar a sua peregrina\u00e7\u00e3o na Terra Santa sen\u00e3o aqui! Assim tamb\u00e9m o fizeram Paulo VI, em 1964, acolhido pelo Rei Hussein, naquela \u00e9poca ainda jovem; Jo\u00e3o Paulo II, no ano 2000 e Bento XVI, em 2009, ambos recebidos pelo Rei Abdallah II.  Certamente <b>n\u00e3o se esperam dias muito tranquilos nesta regi\u00e3o cuja caracter\u00edstica \u00e9 a instabilidade<\/b>. O conflito na <a href=\"https:\/\/www.focolare.org\/pt\/focolare-worldwide\/asia\/siria\/\">S\u00edria<\/a>, pa\u00eds lim\u00edtrofe, \u00e9 um choque em todos os sentidos. Basta pensar que, na Jord\u00e2nia, contam-se mais de um milh\u00e3o de refugiados s\u00edrios e, tamb\u00e9m, uma quantidade enorme de iraquianos encontrou l\u00e1 ref\u00fagio seguro.  A Jord\u00e2nia encontra-se na lista dos pa\u00edses mais carentes de recursos h\u00eddricos e, n\u00e3o obstante a pouca quantidade de \u00e1gua, a acolhida a todas estas pessoas nos oferece uma id\u00e9ia da generosidade dos jordanianos. N\u00e3o citamos aqui as vagas de trabalho, j\u00e1 escassas para os jordanianos, pode-se imaginar a situa\u00e7\u00e3o atual, com o aumento da popula\u00e7\u00e3o que foi incrementada de ao menos 30% nos \u00faltimos dois anos, segundo as estimativas.  <div id=\"attachment_106166\" style=\"width: 640px\" class=\"wp-caption alignnone\"><img loading=\"lazy\" decoding=\"async\" aria-describedby=\"caption-attachment-106166\" class=\" wp-image-106166 \" alt=\"http:\/\/popevisit.jo\/\" src=\"https:\/\/www.focolare.org\/wp-content\/uploads\/2014\/05\/20140524PopeVisiteJordan2A.jpg\" width=\"630\" height=\"121\" \/><p id=\"caption-attachment-106166\" class=\"wp-caption-text\">http:\/\/popevisit.jo\/<\/p><\/div>  <b>A igreja local, h\u00e1 meses, prepara minuciosamente a visita do Papa<\/b>, no s\u00e1bado, dia 24 de maio. Depois da acolhida no aeroporto, haver\u00e1 a celebra\u00e7\u00e3o da missa no Est\u00e1dio de Am\u00e3 e, em seguida, a peregrina\u00e7\u00e3o do Papa Bergoglio \u00e0s margens do Rio Jord\u00e3o, local do batismo de Jesus, onde est\u00e1 previsto um encontro com dezenas de pessoas portadoras de defici\u00eancia, volunt\u00e1rios e refugiados. Na manh\u00e3 seguinte, domingo, o Papa deixa o pa\u00eds para continuar a peregrina\u00e7\u00e3o em Jerusal\u00e9m.  <b>No aeroporto n\u00f3s vimos uma senhora muito idosa proveniente de Bagd\u00e1<\/b>, com muitos outros crist\u00e3os que chegavam dos pa\u00edses mais pr\u00f3ximos. Aquela senhora causou-nos uma forte impress\u00e3o: locomovia-se com dificuldade, n\u00e3o tem uma boa sa\u00fade, e nem condi\u00e7\u00f5es para empreender uma viagem t\u00e3o cansativa. E, ao inv\u00e9s, ela irradiava uma f\u00e9 muito viva, a f\u00e9 de algu\u00e9m que compreende a import\u00e2ncia de colocar a pr\u00f3pria vida, o pr\u00f3prio povo, o futuro desta regi\u00e3o aos p\u00e9s do vig\u00e1rio de Cristo, o \u00fanico que pode infundir uma nova esperan\u00e7a em dias melhores de conviv\u00eancia pac\u00edfica entre todos\u201d.  <b>Fonte<\/b>: <a href=\"https:\/\/www.focolare.org\/pt\/focolare-worldwide\/asia\/giordania\/\">Movimento dos Focolares da Jord\u00e2nia<\/a><\/p>\n","protected":false},"excerpt":{"rendered":"<p>Um testemunho da comunidade dos Focolares da Jord\u00e2nia, as expectativas dos pr\u00f3ximos dias.<\/p>\n","protected":false},"author":34,"featured_media":0,"comment_status":"open","ping_status":"open","sticky":false,"template":"","format":"standard","meta":{"give_campaign_id":0,"_seopress_robots_primary_cat":"","_seopress_titles_title":"","_seopress_titles_desc":"","_seopress_robots_index":"","_et_pb_use_builder":"","_et_pb_old_content":"","_et_gb_content_width":"","footnotes":""},"categories":[909],"tags":[],"class_list":["post-332734","post","type-post","status-publish","format-standard","hentry","category-focolare-worldwide-2-4"],"_links":{"self":[{"href":"https:\/\/www.focolare.org\/pt-pt\/wp-json\/wp\/v2\/posts\/332734","targetHints":{"allow":["GET"]}}],"collection":[{"href":"https:\/\/www.focolare.org\/pt-pt\/wp-json\/wp\/v2\/posts"}],"about":[{"href":"https:\/\/www.focolare.org\/pt-pt\/wp-json\/wp\/v2\/types\/post"}],"author":[{"embeddable":true,"href":"https:\/\/www.focolare.org\/pt-pt\/wp-json\/wp\/v2\/users\/34"}],"replies":[{"embeddable":true,"href":"https:\/\/www.focolare.org\/pt-pt\/wp-json\/wp\/v2\/comments?post=332734"}],"version-history":[{"count":0,"href":"https:\/\/www.focolare.org\/pt-pt\/wp-json\/wp\/v2\/posts\/332734\/revisions"}],"wp:attachment":[{"href":"https:\/\/www.focolare.org\/pt-pt\/wp-json\/wp\/v2\/media?parent=332734"}],"wp:term":[{"taxonomy":"category","embeddable":true,"href":"https:\/\/www.focolare.org\/pt-pt\/wp-json\/wp\/v2\/categories?post=332734"},{"taxonomy":"post_tag","embeddable":true,"href":"https:\/\/www.focolare.org\/pt-pt\/wp-json\/wp\/v2\/tags?post=332734"}],"curies":[{"name":"wp","href":"https:\/\/api.w.org\/{rel}","templated":true}]}}