{"id":332826,"date":"2014-07-08T03:00:51","date_gmt":"2014-07-08T01:00:51","guid":{"rendered":"https:\/\/www.focolare.org\/arrancar-fragmentos-de-ceu\/"},"modified":"2024-05-16T15:21:28","modified_gmt":"2024-05-16T13:21:28","slug":"arrancar-fragmentos-de-ceu","status":"publish","type":"post","link":"https:\/\/www.focolare.org\/pt-pt\/arrancar-fragmentos-de-ceu\/","title":{"rendered":"Arrancar fragmentos de c\u00e9u"},"content":{"rendered":"<p><img loading=\"lazy\" decoding=\"async\" class=\"size-large wp-image-108198 alignleft\" style=\"margin-right: 10px\" alt=\"20140708_2\" src=\"https:\/\/www.focolare.org\/wp-content\/uploads\/2014\/07\/20140708_2-161x200.jpg\" width=\"161\" height=\"200\" \/><strong>No sil\u00eancio, n\u00e3o se assuste com a solid\u00e3o<\/strong>: a solid\u00e3o existe para proteger e n\u00e3o para amedrontar. Todavia, que d\u00ea frutos tamb\u00e9m, se faz sofrer.  <strong>A maior grandeza de Cristo \u00e9 a cruz.<\/strong> Ele nunca esteve t\u00e3o pr\u00f3ximo do Pai e t\u00e3o pr\u00f3ximo dos irm\u00e3os como quando nu, ferido, gritou da cruz: \u201cMeu Deus, meu Deus, porque me abandonastes?\u201d  Com aquele sofrimento redimiu: naquela fratura uniu novamente os homens a Deus.  E, portanto, n\u00e3o se pode pensar que os sofrimentos \u2013 presentes tamb\u00e9m neste per\u00edodo de pausa \u2013 sejam empecilhos; n\u00e3o, s\u00e3o est\u00edmulos.  Portanto [\u2026] <strong>ou\u00e7a aquela Voz, para estabelecer uma conversa \u00edntima<\/strong>. Uma Voz que se eleva da profundidade da sua alma e desce das alturas dos c\u00e9us. Voc\u00ea n\u00e3o tem o h\u00e1bito de escut\u00e1-la e, por isso, nas primeiras vezes, ter\u00e1 a impress\u00e3o de que tal Voz lhe fuja, quase como se um muro intranspon\u00edvel surgisse para lhe separar dela e criar entre voc\u00eas uma distancia c\u00f3smica. Ela brota do seu \u00edntimo e voc\u00ea est\u00e1 habituado ao barulho estrepitoso proveniente do externo.  Origina-se dos planetas, do sol, da natureza [\u2026] e tr\u00e1s consigo uma voz profunda: a do autor do c\u00e9u e da terra.  <strong>Pare, escute! Pare, contemple, dentro do sil\u00eancio no qual Deus fala<\/strong>. \u00c9 esta, na jornada da vida, a hora preciosa da contempla\u00e7\u00e3o, quando as criaturas se recolhem para fazer um balan\u00e7o do trabalho realizado e predisp\u00f5em a a\u00e7\u00e3o do futuro: um futuro imerso na eternidade [&#8230;].  <strong>Desapego do mundo, portanto, e apego a Deus, e, justamente por isso, n\u00e3o separa\u00e7\u00e3o dos homens<\/strong>, enquanto irm\u00e3os, componentes da mesma fam\u00edlia divina e humana. A eles faz bem o tesouro de experi\u00eancias de quem superou o exame da vida, mas, acima de todas as coisas, faz bem aquela sabedoria que na religi\u00e3o chama-se santidade. O m\u00edstico injeta nas art\u00e9rias do Corpo m\u00edstico as virtudes da contempla\u00e7\u00e3o: germes do sagrado que se expandem no corpo social. E este corpo, hoje como nunca, necessita do sagrado [&#8230;].  E assim (\u2026) separam-se das criaturas para encontr\u00e1-las em Deus e, nele n\u00e3o se separam jamais. Permita que o Senhor \u2013 a Trindade \u2013 viva em voc\u00ea; com o amor Dele ame as criaturas, e, am\u00e1-las \u00e9 unir-se a elas [&#8230;].  E uma vez que <strong>Deus encontra-se na serenidade do sil\u00eancio<\/strong>, alcan\u00e7a-se tal serenidade na distens\u00e3o do esp\u00edrito e, possivelmente, do corpo, buscando a distens\u00e3o no ato de estabelecer a paz com todas as criaturas, perdoando e esquecendo, de modo que o pensamento sobre todas elas n\u00e3o traga nenhum turbamento, mas as re\u00fana na casa do Senhor, na comunh\u00e3o entre todas. [&#8230;]  <strong>E nesta jornada nos encontramos com destemidos companheiros de viagem<\/strong>, os quais, colocando-se diante do dilema: \u201co Eterno ou o mundo?\u201d, escolheram, com desconcerto dos parentes e esc\u00e2ndalos dos conhecidos, o Eterno. Eles tornaram a obra que lhes foi atribu\u00edda no tempo uma marcha de acelera\u00e7\u00e3o \u2013 quase de assalto \u2013 ao Eterno e arrancaram fragmentos de c\u00e9u: assim ofereceram \u00e0s gera\u00e7\u00f5es uma id\u00e9ia do Infinito.  Paulo, Agostinho, Bernardo, Francisco. Tom\u00e1s, Dante, Catarina&#8230; E, ainda, Jo\u00e3o da Cruz, Teresa d\u2019\u00c1vila, Pascal, Newman e Manzoni\u2026 [&#8230;]  Meditar os textos deles \u2013 at\u00e9 \u00e0 assimila\u00e7\u00e3o \u2013 conduz a alma \u00e0 divindade. Escala-se at\u00e9 o cume na companhia deles que conhecem o caminho e oferecem os instrumentos necess\u00e1rios. E o cume \u00e9 um espa\u00e7o de paz e, tamb\u00e9m, da alegria porque toca, suavemente, o para\u00edso.  <b style=\"font-size: 14px;line-height: 1.5em\">(Fonte: \u201cCitt\u00e0 Nuova\u201d XXIII\/13 10\/7\/1979, pp.32-33)<\/b><\/p>\n","protected":false},"excerpt":{"rendered":"<p>A pausa das f\u00e9rias pode resultar uma ocasi\u00e3o para recolher-se \u00e0 procura de um relacionamento mais verdadeiro e transparente, com Deus e os irm\u00e3os, com a ajuda deste texto de Igino Giordani.<\/p>\n","protected":false},"author":34,"featured_media":0,"comment_status":"open","ping_status":"open","sticky":false,"template":"","format":"standard","meta":{"give_campaign_id":0,"_seopress_robots_primary_cat":"","_seopress_titles_title":"","_seopress_titles_desc":"","_seopress_robots_index":"","_et_pb_use_builder":"","_et_pb_old_content":"","_et_gb_content_width":"","footnotes":""},"categories":[909],"tags":[],"class_list":["post-332826","post","type-post","status-publish","format-standard","hentry","category-focolare-worldwide-2-4"],"_links":{"self":[{"href":"https:\/\/www.focolare.org\/pt-pt\/wp-json\/wp\/v2\/posts\/332826","targetHints":{"allow":["GET"]}}],"collection":[{"href":"https:\/\/www.focolare.org\/pt-pt\/wp-json\/wp\/v2\/posts"}],"about":[{"href":"https:\/\/www.focolare.org\/pt-pt\/wp-json\/wp\/v2\/types\/post"}],"author":[{"embeddable":true,"href":"https:\/\/www.focolare.org\/pt-pt\/wp-json\/wp\/v2\/users\/34"}],"replies":[{"embeddable":true,"href":"https:\/\/www.focolare.org\/pt-pt\/wp-json\/wp\/v2\/comments?post=332826"}],"version-history":[{"count":0,"href":"https:\/\/www.focolare.org\/pt-pt\/wp-json\/wp\/v2\/posts\/332826\/revisions"}],"wp:attachment":[{"href":"https:\/\/www.focolare.org\/pt-pt\/wp-json\/wp\/v2\/media?parent=332826"}],"wp:term":[{"taxonomy":"category","embeddable":true,"href":"https:\/\/www.focolare.org\/pt-pt\/wp-json\/wp\/v2\/categories?post=332826"},{"taxonomy":"post_tag","embeddable":true,"href":"https:\/\/www.focolare.org\/pt-pt\/wp-json\/wp\/v2\/tags?post=332826"}],"curies":[{"name":"wp","href":"https:\/\/api.w.org\/{rel}","templated":true}]}}