{"id":332852,"date":"2014-07-21T06:00:08","date_gmt":"2014-07-21T04:00:08","guid":{"rendered":"https:\/\/www.focolare.org\/seminario-no-vaticano-por-uma-economia-inclusiva\/"},"modified":"2024-05-16T15:21:35","modified_gmt":"2024-05-16T13:21:35","slug":"seminario-no-vaticano-por-uma-economia-inclusiva","status":"publish","type":"post","link":"https:\/\/www.focolare.org\/pt-pt\/seminario-no-vaticano-por-uma-economia-inclusiva\/","title":{"rendered":"Semin\u00e1rio no Vaticano por uma economia \u00abinclusiva\u00bb"},"content":{"rendered":"<p><a href=\"https:\/\/www.focolare.org\/wp-content\/uploads\/2014\/07\/2014_07_economia_inclusiva_3.jpg\"><img loading=\"lazy\" decoding=\"async\" class=\"alignleft size-large wp-image-108807\" style=\"margin-right: 10px\" alt=\"2014_07_economia_inclusiva_3\" src=\"https:\/\/www.focolare.org\/wp-content\/uploads\/2014\/07\/2014_07_economia_inclusiva_3-112x200.jpg\" width=\"112\" height=\"200\" \/><\/a><strong>Um di\u00e1logo aberto entre economistas \u201calternativos\u201d<\/strong>, mundo financeiro e sociedades transnacionais. Entre os presentes, o Nobel da Paz, Yunus (\u201co banqueiro dos pobres\u201d), o secret\u00e1rio geral da <strong>C\u00e1ritas Internacional, Michel Roy, e Juan Grabois<\/strong> (argentino, fundador do movimento dos exclu\u00eddos do trabalho), e ainda, o <strong>secret\u00e1rio geral da OCSE<\/strong> (Organiza\u00e7\u00e3o para a Coopera\u00e7\u00e3o e o Desenvolvimento Econ\u00f4mico, na sigla em italiano), Jos\u00e9 \u00c1ngel Gurr\u00eda, e os m\u00e1ximos representantes do<strong> Fundo Monet\u00e1rio Internacional<\/strong>, do <strong>Banco Mundial<\/strong>, do grupo financeiro <strong>Goldman Sachs<\/strong>, e de empresas multinacionais como <strong>Ferrero<\/strong> e <strong>Nestl\u00e9<\/strong>. Presentes tamb\u00e9m os economistas Stefano Zamagni, Leonardo Becchetti e Luigino Bruni (coordenador do projeto <a href=\"http:\/\/www.edc-online.org\" target=\"_blank\" rel=\"noopener\">Economia de Comunh\u00e3o<\/a>), entre os apoiadores do evento.  A proposta do encontro &#8211; <strong>\u00abBem comum global. Por uma economia cada vez mais inclusiva\u00bb<\/strong> &#8211; \u00a0nascera logo ap\u00f3s o lan\u00e7amento da <a href=\"http:\/\/w2.vatican.va\/content\/francesco\/pt\/apost_exhortations\/documents\/papa-francesco_esortazione-ap_20131124_evangelii-gaudium.html\" target=\"_blank\" rel=\"noopener\"><i>Evangelii Gaudium<\/i><\/a>, t\u00e3o atenta aos temas sociais, em especial nos pontos onde estigmatiza a economia global como uma <strong>economia da exclus\u00e3o<\/strong>. Na linha destas reflex\u00f5es reuniram-se no Vaticano, dias 11 e 12 de julho, os 50 especialistas, sob o ausp\u00edcio do Conselho Pontif\u00edcio Justi\u00e7a e Paz, para aprofundar o di\u00e1logo que levou \u00e0 assinatura de um documento <strong>por uma economia que coloque o homem ao centro<\/strong>, assinado por todos os participantes, com o t\u00edtulo: <strong>\u00abPara al\u00e9m da globaliza\u00e7\u00e3o da indiferen\u00e7a, por uma economia mais inclusiva\u00bb<\/strong>.  <a href=\"https:\/\/www.focolare.org\/wp-content\/uploads\/2014\/07\/2014_07_economia_inclusiva_2.jpg\"><img loading=\"lazy\" decoding=\"async\" class=\"size-large wp-image-108809 alignright\" style=\"margin-left: 10px\" alt=\"2014_07_economia_inclusiva_2\" src=\"https:\/\/www.focolare.org\/wp-content\/uploads\/2014\/07\/2014_07_economia_inclusiva_2-210x150.jpg\" width=\"210\" height=\"150\" \/><\/a>Nele salienta-se a import\u00e2ncia de <strong>que o mercado retorne \u00e0 sua voca\u00e7\u00e3o inclusiva<\/strong> e de cria\u00e7\u00e3o de trabalho e riqueza. Convidam-se os respons\u00e1veis das institui\u00e7\u00f5es a uma a\u00e7\u00e3o mais decidida contra os para\u00edsos fiscais; de salvaguarda da biodiversidade nas formas econ\u00f4micas e financeiras, hoje amea\u00e7ada por um pensamento \u00fanico, que anula as especificidades locais e territoriais, para dar espa\u00e7o a novas institui\u00e7\u00f5es financeiras que garantam a inclus\u00e3o dos mais pobres; de reimplantar a teoria econ\u00f4mica sobre hip\u00f3teses antropol\u00f3gicas mais humanas e realistas; de combater a discrimina\u00e7\u00e3o da mulher, o tr\u00e1fico de seres humanos, a criminalidade internacional, a corrup\u00e7\u00e3o e a reciclagem de dinheiro.  <strong>O evento chamou a aten\u00e7\u00e3o do conhecido peri\u00f3dico de economia \u201c<i>Wall Street Journal<\/i>\u201d, <\/strong>que em um <a href=\"http:\/\/www.edc-online.org\/en\/home\/139-josetta-1-en-gb\/publications-articles\/in-the-press\/9114-the-wall-street-journal-10-07-2014.html\" target=\"_blank\" rel=\"noopener\">artigo <\/a>sublinha como \u201co debate interessa n\u00e3o s\u00f3 a Igreja. Os cat\u00f3licos constituem 17% da popula\u00e7\u00e3o mundial e uma grande parte na Am\u00e9rica Latina e em vastas regi\u00f5es da Europa. Por isso, os ensinamentos da Igreja no campo econ\u00f4mico podem influenciar a finan\u00e7a em n\u00edvel mundial\u201d.  <strong>\u00abRefletir sem medo, refletir com intelig\u00eancia\u00bb<\/strong>, foi o <a href=\"http:\/\/w2.vatican.va\/content\/francesco\/pt\/speeches\/2014\/july\/documents\/papa-francesco_20140712_seminario-economia.html\" target=\"_blank\" rel=\"noopener\">convite <\/a>do Papa Francisco aos participantes. E dirigiu a aten\u00e7\u00e3o ao cerne do problema que a crise colocou em evid\u00eancia: \u00abo reducionismo antropol\u00f3gico\u00bb. O homem que perde a sua humanidade \u00abtorna-se um instrumento do sistema, sistema social, econ\u00f4mico, sistema onde predominam os desequil\u00edbrios\u00bb, e conduzem \u00e0 \u00abatitude do \u201cdescart\u00e1vel\u201d: descarta-se o que n\u00e3o serve, porque o homem n\u00e3o est\u00e1 no centro\u00bb. <strong>\u00abMuitas coisas tocaram-me no Papa Francisco<\/strong> \u2013 comenta Luigino Bruni \u2013 Antes de tudo a sua escuta, como se estivesse ali inteiramente para n\u00f3s, esquecido at\u00e9 de comer. E depois, a sua gratid\u00e3o, a palavra que mais repetiu foi \u201cobrigado\u201d. \u201cNo mundo hoje n\u00e3o existem pessoas mais competentes que o Papa\u201d, disse-me Carney, diretor do Banco da Inglaterra, sentado ao meu lado. \u00c9 verdade. E nesta <strong>\u201cDavos dos pobres\u201d<\/strong> o Papa ensinou-nos a escolher o ponto de observa\u00e7\u00e3o sobre o mundo. Ele escolheu o lugar de L\u00e1zaro, que est\u00e1 embaixo da mesa, com os cachorrinhos, e de l\u00e1 olha para cima, v\u00ea o homem rico em cima, mas v\u00ea tamb\u00e9m o c\u00e9u. O seu convite \u00e9 de que olhemos o mundo, e o c\u00e9u, junto aos L\u00e1zaros de hoje. No final eu propus que esta \u201cDavos dos pobres\u201d torne-se bienal, um convite que tem boas probabilidades de ser atendido\u00bb.<\/p>\n","protected":false},"excerpt":{"rendered":"<p>As m\u00e1ximas autoridades da economia mundial reunidas com o Papa. Tema central: a urg\u00eancia de n\u00e3o reduzir o ser humano a \u201cobjeto descart\u00e1vel\u201d. O trabalho de articula\u00e7\u00e3o da Economia de Comunh\u00e3o.<\/p>\n","protected":false},"author":34,"featured_media":0,"comment_status":"open","ping_status":"open","sticky":false,"template":"","format":"standard","meta":{"give_campaign_id":0,"_seopress_robots_primary_cat":"","_seopress_titles_title":"","_seopress_titles_desc":"","_seopress_robots_index":"","_et_pb_use_builder":"","_et_pb_old_content":"","_et_gb_content_width":"","footnotes":""},"categories":[129],"tags":[],"class_list":["post-332852","post","type-post","status-publish","format-standard","hentry","category-sem-categoria"],"_links":{"self":[{"href":"https:\/\/www.focolare.org\/pt-pt\/wp-json\/wp\/v2\/posts\/332852","targetHints":{"allow":["GET"]}}],"collection":[{"href":"https:\/\/www.focolare.org\/pt-pt\/wp-json\/wp\/v2\/posts"}],"about":[{"href":"https:\/\/www.focolare.org\/pt-pt\/wp-json\/wp\/v2\/types\/post"}],"author":[{"embeddable":true,"href":"https:\/\/www.focolare.org\/pt-pt\/wp-json\/wp\/v2\/users\/34"}],"replies":[{"embeddable":true,"href":"https:\/\/www.focolare.org\/pt-pt\/wp-json\/wp\/v2\/comments?post=332852"}],"version-history":[{"count":0,"href":"https:\/\/www.focolare.org\/pt-pt\/wp-json\/wp\/v2\/posts\/332852\/revisions"}],"wp:attachment":[{"href":"https:\/\/www.focolare.org\/pt-pt\/wp-json\/wp\/v2\/media?parent=332852"}],"wp:term":[{"taxonomy":"category","embeddable":true,"href":"https:\/\/www.focolare.org\/pt-pt\/wp-json\/wp\/v2\/categories?post=332852"},{"taxonomy":"post_tag","embeddable":true,"href":"https:\/\/www.focolare.org\/pt-pt\/wp-json\/wp\/v2\/tags?post=332852"}],"curies":[{"name":"wp","href":"https:\/\/api.w.org\/{rel}","templated":true}]}}