{"id":332856,"date":"2014-07-23T03:00:28","date_gmt":"2014-07-23T01:00:28","guid":{"rendered":"https:\/\/www.focolare.org\/adolescentes-dos-focolares-nos-locais-de-desembarque-na-sicilia\/"},"modified":"2024-05-16T15:21:35","modified_gmt":"2024-05-16T13:21:35","slug":"adolescentes-dos-focolares-nos-locais-de-desembarque-na-sicilia","status":"publish","type":"post","link":"https:\/\/www.focolare.org\/pt-pt\/adolescentes-dos-focolares-nos-locais-de-desembarque-na-sicilia\/","title":{"rendered":"Adolescentes dos Focolares nos locais de desembarque na Sic\u00edlia"},"content":{"rendered":"<p><img loading=\"lazy\" decoding=\"async\" class=\"alignleft size-large wp-image-108548\" style=\"margin-right: 10px\" alt=\"2014_07_rpu_sicillia_sbarchi\" src=\"https:\/\/www.focolare.org\/wp-content\/uploads\/2014\/07\/2014_07_rpu_sicillia_sbarchi-210x139.jpg\" width=\"210\" height=\"139\" \/>Os jovens do <a href=\"https:\/\/www.focolare.org\/pt\/movimento-dei-focolari\/un-popolo\/rpu\/\" target=\"_blank\" rel=\"noopener\">Movimento Juvenil pela Unidade<\/a> do sul da It\u00e1lia realizaram, de 1 a 6 de julho de 2014, o seu encontro anual, com o t\u00edtulo \u201cBig Bang\u201d, na zona mais perif\u00e9rica da Sic\u00edlia. Foi o quinto encontro, tamb\u00e9m este ano rico de conte\u00fados e de emo\u00e7\u00f5es e generoso de empenhos.  <strong>A prepara\u00e7\u00e3o foi feita pelos pr\u00f3prios jovens<\/strong> que n\u00e3o decidiram apenas as tem\u00e1ticas, mas o formato e a din\u00e2mica a ser utilizada. Recordou-se a hist\u00f3ria desses cinco anos e, ao mesmo tempo, considerou-se o momento atual. Foram os jovens redatores do notici\u00e1rio do MJPU da Cal\u00e1bria e Sic\u00edlia, \u201cGRAFOTEENS\u201d que introduziram as tem\u00e1ticas mais candentes da adolesc\u00eancia, estre estas o relacionamento problem\u00e1tico com o pr\u00f3prio corpo, respons\u00e1vel pelo incremento de casos de anorexia e bulimia. Os adolescentes desejaram mudar a abordagem ao problema, e assim trataram do assunto com artigos no notici\u00e1rio e depois com a encena\u00e7\u00e3o de um \u201cpsicodrama\u201d com final aberto \u00e0 elabora\u00e7\u00e3o dos v\u00e1rios grupos de trabalho.  <strong>Outro tema pol\u00eamico foi a rela\u00e7\u00e3o entre adolescentes e pais<\/strong>, proposto pelo psiquiatra e ensa\u00edsta Ezio Aceti que abordou a comunica\u00e7\u00e3o e os sentimentos mais fortes que hoje se traduzem em amizade, amor e, for\u00e7osamente, em educa\u00e7\u00e3o.  <strong>A not\u00edcia dos 45 migrantes mortos no por\u00e3o de um navio<\/strong> invadiu o acampamento com todo o peso de uma trag\u00e9dia. O navio com os corpos chegou ao porto de Pozzallo, a poucos quil\u00f4metros dali e os adolescentes decidiram cancelar a festa prevista para a conclus\u00e3o e participar de uma vig\u00edlia de ora\u00e7\u00e3o para recordar os mortos e encorajar os vivos. A partir dessa op\u00e7\u00e3o iniciou um aprofundamento que os fez entrar diretamente no drama da imigra\u00e7\u00e3o, conversando com agentes da C\u00e1ritas local sobre o percurso dos imigrantes e quais as causas profundas que constrangem milhares de pessoas a fugirem dos pr\u00f3prios pa\u00edses em guerra, em busca de paz e de trabalho. Aos jovens havia sido pedida uma ajuda durante a vig\u00edlia. Eles decidiram falar \u201cde suas ra\u00edzes e de suas asas\u201d, contar a pr\u00f3pria experi\u00eancia no Movimento dos Focolares e ler tamb\u00e9m um trecho de <a href=\"https:\/\/www.focolare.org\/pt\/chiara-lubich\/chi-e-chiara\/igino-giordani\/\" target=\"_blank\" rel=\"noopener\">Igino Giordani<\/a>, de 1926: <strong>\u201cVem irm\u00e3o desconhecido, abracemo-nos\u201d<\/strong>, texto que explica o compromisso com os outros, os \u00faltimos. As \u201casas\u201d foram representadas por uma carta aos 45 migrantes mortos, escrita por uma adolescente de 14 anos, que pedia perd\u00e3o pela insensibilidade de um mundo que se mostra indiferente.  No final da vig\u00edlia, os jovens do Movimento Juvenil foram acolhidos e receberam o agradecimento pelo que haviam dito, n\u00e3o s\u00f3 do representante do bispo, mas tamb\u00e9m dos pr\u00f3prios imigrantes que haviam escapado da morte alguns dias antes, com um grupo de menores. Imediatamente nasceu um di\u00e1logo &#8211; com um ingl\u00eas e um italiano apenas balbuciados \u2013 onde os adolescentes marcaram alguns encontros com os imigrantes para ajud\u00e1-los a inserirem-se na regi\u00e3o. O verdadeiro \u201cBig Bang\u201d terminou assim, ali\u00e1s, come\u00e7ou com esse ato e com um reconhecimento: o \u201cPr\u00eamio <a href=\"http:\/\/www.chiaraluce.org\" target=\"_blank\" rel=\"noopener\">Chiara Luce Badano<\/a>\u201d, entregue \u00e0s comunidades sicilianas de Ispica e Rosolini pela acolhida dada aos imigrantes, sobretudo aos jovens que esperam o futuro.  Fonte:\u00a0<a href=\"http:\/\/cittanuova.it\/c\/439631\/I_ragazzi_dei_Focolari_sui_luoghi_degli_sbarchi.html\" target=\"_blank\" rel=\"noopener\">Citt\u00e0 Nuova online<\/a><\/p>\n","protected":false},"excerpt":{"rendered":"<p>Durante um acampamento, na periferia siciliana, s\u00e3o analisadas as problem\u00e1ticas t\u00edpicas da adolesc\u00eancia, mas assume-se tamb\u00e9m um compromisso com a regi\u00e3o. Foi idealizado, junto com os migrantes, um plano de inser\u00e7\u00e3o ap\u00f3s a travessia do Mediterr\u00e2neo.<\/p>\n","protected":false},"author":34,"featured_media":0,"comment_status":"open","ping_status":"open","sticky":false,"template":"","format":"standard","meta":{"give_campaign_id":0,"_seopress_robots_primary_cat":"","_seopress_titles_title":"","_seopress_titles_desc":"","_seopress_robots_index":"","_et_pb_use_builder":"","_et_pb_old_content":"","_et_gb_content_width":"","footnotes":""},"categories":[909],"tags":[],"class_list":["post-332856","post","type-post","status-publish","format-standard","hentry","category-focolare-worldwide-2-4"],"_links":{"self":[{"href":"https:\/\/www.focolare.org\/pt-pt\/wp-json\/wp\/v2\/posts\/332856","targetHints":{"allow":["GET"]}}],"collection":[{"href":"https:\/\/www.focolare.org\/pt-pt\/wp-json\/wp\/v2\/posts"}],"about":[{"href":"https:\/\/www.focolare.org\/pt-pt\/wp-json\/wp\/v2\/types\/post"}],"author":[{"embeddable":true,"href":"https:\/\/www.focolare.org\/pt-pt\/wp-json\/wp\/v2\/users\/34"}],"replies":[{"embeddable":true,"href":"https:\/\/www.focolare.org\/pt-pt\/wp-json\/wp\/v2\/comments?post=332856"}],"version-history":[{"count":0,"href":"https:\/\/www.focolare.org\/pt-pt\/wp-json\/wp\/v2\/posts\/332856\/revisions"}],"wp:attachment":[{"href":"https:\/\/www.focolare.org\/pt-pt\/wp-json\/wp\/v2\/media?parent=332856"}],"wp:term":[{"taxonomy":"category","embeddable":true,"href":"https:\/\/www.focolare.org\/pt-pt\/wp-json\/wp\/v2\/categories?post=332856"},{"taxonomy":"post_tag","embeddable":true,"href":"https:\/\/www.focolare.org\/pt-pt\/wp-json\/wp\/v2\/tags?post=332856"}],"curies":[{"name":"wp","href":"https:\/\/api.w.org\/{rel}","templated":true}]}}