{"id":332870,"date":"2014-07-31T03:00:45","date_gmt":"2014-07-31T01:00:45","guid":{"rendered":"https:\/\/www.focolare.org\/um-abraco-planetario-para-roberto\/"},"modified":"2024-05-16T15:21:40","modified_gmt":"2024-05-16T13:21:40","slug":"um-abraco-planetario-para-roberto","status":"publish","type":"post","link":"https:\/\/www.focolare.org\/pt-pt\/um-abraco-planetario-para-roberto\/","title":{"rendered":"Um abra\u00e7o planet\u00e1rio para Roberto"},"content":{"rendered":"<p><strong><img loading=\"lazy\" decoding=\"async\" class=\"alignleft size-large wp-image-109184\" style=\"margin-right: 10px\" alt=\"2014_07_roberto\" src=\"https:\/\/www.focolare.org\/wp-content\/uploads\/2014\/07\/2014_07_roberto-210x157.jpg\" width=\"210\" height=\"157\" \/>\u201cSempre para cima\u201d e \u201csempre avante\u201d<\/strong>, com o polegar e o indicador da m\u00e3o. Este foi o \u00faltimo gesto de Roberto, quase s\u00edmbolo da aventura, a \u00faltima da sua vida nesta terra, antes de abandonar-se serenamente nos bra\u00e7os do Pai, quinta-feira, 24 de julho.  <strong>Ter\u00e7a-feira, dia 6 de maio. Roberto e sua esposa, Federica<\/strong>, j\u00e1 compraram as passagens para uma viagem \u00e0 Paris. Mas precisam correr ao Pronto Socorro, depois que algumas dores tornam-se mais fortes. Nada levava a pensar em algo mais grave. Mas no s\u00e1bado, dia 10 de maio, o resultado dos exames fala de uma doen\u00e7a sem nenhuma esperan\u00e7a de cura. <strong>H\u00e1 algum tempo Roberto compartilha uma experi\u00eancia de f\u00e9<\/strong>, unidade e amor m\u00fatuo com os <strong><a href=\"https:\/\/www.focolare.org\/pt\/movimento-dei-focolari\/scelte-e-impegno\/volontari\/\" target=\"_blank\" rel=\"noopener\">volunt\u00e1rios <\/a>do Movimento dos Focolares<\/strong>, pessoas que livremente escolhem Deus, e comprometem-se a viver o Evangelho no social. O Ideal da unidade fez reluzir ainda mais aquilo que ele j\u00e1 era: um homem livre de amar, meticuloso, criativo, generoso.  <strong>Peppe, seu amigo<\/strong>, tamb\u00e9m volunt\u00e1rio, estava com eles naquele dia. Foi quem recebeu do m\u00e9dico os resultados. H\u00e1 duas maneiras de jogar esta partida: desesperar-se ou conseguir v\u00ea-la como um sinal do Amor do Pai. Recordando o que <a href=\"https:\/\/www.focolare.org\/pt\/chiara-lubich\/\" target=\"_blank\" rel=\"noopener\">Chiara Lubich<\/a> contava de Santa Teresinha \u2013 que quando come\u00e7ou a cuspir sangue n\u00e3o disse que era a tuberculose, mas que era o Esposo que chegava -, ele disse a Roberto: <strong>\u201cRobi, chegou Jesus! Come\u00e7a uma partida somente entre voc\u00ea e Ele!\u201d<\/strong>. Roberto sabe bem o que uma doen\u00e7a comporta, especialmente esta. Conhece o sofrimento e a consuma\u00e7\u00e3o, porque a viveu em fam\u00edlia. Na volta para casa, consciente da situa\u00e7\u00e3o,<strong> ele tem um momento de revolta que dura poucos minutos<\/strong>. Federica o encontra sereno, luminoso. Roberto diz a ela: <strong>\u201cSabe, eu estou pronto\u201d<\/strong>.  Embora no sofrimento, a ades\u00e3o incondicional aos planos de Deus, por vezes misterioso, gera na casa deles uma realidade profunda, at\u00e9 mesmo alegre. Quem chega com a inten\u00e7\u00e3o de consolar sai de l\u00e1 consolado. Tudo se transforma. Os planos, que humanamente \u201cforam pelos ares\u201d, e entre esses especialmente o de assumir a guarda de dois irm\u00e3os, transformam-se em incenso, ora\u00e7\u00e3o e oferta.  <strong>Durante a primeira sess\u00e3o de quimioterapia<\/strong>, para dar coragem a Roberto, Federica cria um grupo no Whatsapp, e depois no Facebook, o grupo <strong>\u201cAbra\u00e7o planet\u00e1rio\u201d<\/strong>, uma fam\u00edlia de pessoas que al\u00e9m do apoio a Roberto, compartilha pequenos ou grandes fatos da vida cotidiana. Do Brasil, da \u00c1frica, da Su\u00e9cia&#8230; s\u00e3o os amigos conhecidos durante as numerosas viagens que Roberto e Federica haviam feito para saciar uma sede de conhecimento, com esp\u00edrito de verdadeira fraternidade. \u201cObrigado! <strong>Quanto sou amado por Deus, por voc\u00eas, e muitas outras pessoas!<\/strong> N\u00e3o imaginava que pudesse acontecer essa explos\u00e3o de unidade!\u201d, Roberto exclama um dia.  <strong>Nas \u00faltimas semanas come\u00e7a o trecho mais dif\u00edcil do caminho<\/strong>, como a subida de uma montanha. Os seus olhos s\u00e3o como uma nesga de c\u00e9u e revelam o encanto e o abandono aos planos de Deus. Roberto exprime sa\u00fade, n\u00e3o a do corpo certamente, que ia se agravando, mas a do esp\u00edrito que se elevava. Havia muita fadiga, sofrimento agudo, mas nunca a escurid\u00e3o. Na noite da quarta-feira Roberto diz a Federica: <strong>\u201cEsteja serena, porque eu estou sereno\u201d.<\/strong>  Um testemunho dado no funeral:<strong> \u201cAs suas \u00faltimas horas foram de uma extraordin\u00e1ria normalidade<\/strong>. Ao redor da sua cama, com Federica, rezamos, cantamos, escutamos os <i>Nomades<\/i>, e comemos um prato de massa. Chegaram os adolescentes do <a href=\"https:\/\/www.focolare.org\/pt\/movimento-dei-focolari\/un-popolo\/rpu\/\" target=\"_blank\" rel=\"noopener\">Movimento Juvenil pela Unidade<\/a>, por quem Roberto tem um afeto especial. Vieram para agradec\u00ea-lo. A sua respira\u00e7\u00e3o torna-se mais lenta e, mesmo com o profundo sofrimento da separa\u00e7\u00e3o, percebemos que a sua alma est\u00e1 para al\u00e7ar o voo, e vemos com os nossos olhos que a morte \u00e9 apenas uma passagem, da vida aqui \u00e0 Vida que n\u00e3o termina mais. Viver \u201csempre para cima e sempre avante\u201d agora \u00e9 o nosso modo de dizer-lhe: obrigado\u201d.<\/p>\n","protected":false},"excerpt":{"rendered":"<p>Semana passada deixou-nos Roberto Del Giudice. No mundo inteiro, uma corrente de cora\u00e7\u00f5es viveu com ele uma hist\u00f3ria extraordin\u00e1ria: florescimento de vida, escuta, comunidade, partilha.<\/p>\n","protected":false},"author":34,"featured_media":0,"comment_status":"open","ping_status":"open","sticky":false,"template":"","format":"standard","meta":{"give_campaign_id":0,"_seopress_robots_primary_cat":"","_seopress_titles_title":"","_seopress_titles_desc":"","_seopress_robots_index":"","_et_pb_use_builder":"","_et_pb_old_content":"","_et_gb_content_width":"","footnotes":""},"categories":[909],"tags":[],"class_list":["post-332870","post","type-post","status-publish","format-standard","hentry","category-focolare-worldwide-2-4"],"_links":{"self":[{"href":"https:\/\/www.focolare.org\/pt-pt\/wp-json\/wp\/v2\/posts\/332870","targetHints":{"allow":["GET"]}}],"collection":[{"href":"https:\/\/www.focolare.org\/pt-pt\/wp-json\/wp\/v2\/posts"}],"about":[{"href":"https:\/\/www.focolare.org\/pt-pt\/wp-json\/wp\/v2\/types\/post"}],"author":[{"embeddable":true,"href":"https:\/\/www.focolare.org\/pt-pt\/wp-json\/wp\/v2\/users\/34"}],"replies":[{"embeddable":true,"href":"https:\/\/www.focolare.org\/pt-pt\/wp-json\/wp\/v2\/comments?post=332870"}],"version-history":[{"count":0,"href":"https:\/\/www.focolare.org\/pt-pt\/wp-json\/wp\/v2\/posts\/332870\/revisions"}],"wp:attachment":[{"href":"https:\/\/www.focolare.org\/pt-pt\/wp-json\/wp\/v2\/media?parent=332870"}],"wp:term":[{"taxonomy":"category","embeddable":true,"href":"https:\/\/www.focolare.org\/pt-pt\/wp-json\/wp\/v2\/categories?post=332870"},{"taxonomy":"post_tag","embeddable":true,"href":"https:\/\/www.focolare.org\/pt-pt\/wp-json\/wp\/v2\/tags?post=332870"}],"curies":[{"name":"wp","href":"https:\/\/api.w.org\/{rel}","templated":true}]}}