{"id":332926,"date":"2014-08-26T06:07:05","date_gmt":"2014-08-26T04:07:05","guid":{"rendered":"https:\/\/www.focolare.org\/as-religioes-um-tesouro-muculmanos-pela-paz\/"},"modified":"2024-05-16T15:21:51","modified_gmt":"2024-05-16T13:21:51","slug":"as-religioes-um-tesouro-muculmanos-pela-paz","status":"publish","type":"post","link":"https:\/\/www.focolare.org\/pt-pt\/as-religioes-um-tesouro-muculmanos-pela-paz\/","title":{"rendered":"As religi\u00f5es, um tesouro: mu\u00e7ulmanos pela paz"},"content":{"rendered":"<p><img loading=\"lazy\" decoding=\"async\" class=\"alignleft  wp-image-110198\" style=\"margin-right: 10px\" alt=\"20140826-c\" src=\"https:\/\/www.focolare.org\/wp-content\/uploads\/2014\/08\/20140826-c.jpg\" width=\"266\" height=\"170\" \/>Nestes dias em que no mundo inteiro se fazem ouvir apelos pela paz, e tamb\u00e9m o Conselho Pontif\u00edcio para o Di\u00e1logo Inter-religioso convida a tomar uma posi\u00e7\u00e3o, recebemos uma carta dos mu\u00e7ulmanos dos Focolares no Magreb, em apoio \u00e0 <a href=\"https:\/\/www.focolare.org\/pt\/news\/2014\/08\/15\/pace-in-medio-oriente\/\" target=\"_blank\" rel=\"noopener\">declara\u00e7\u00e3o <\/a>dos Focolares na Jord\u00e2nia, compartilhada por todo o Movimento.  <strong>\u00abN\u00f3s, mu\u00e7ulmanos do Movimento dos Focolares do norte da \u00c1frica<\/strong> (Marrocos, Arg\u00e9lia e Tun\u00edsia) queremos testemunhar a nossa total ades\u00e3o e pleno apoio \u00e0 declara\u00e7\u00e3o dos Focolares na Jord\u00e2nia.  <strong>As nossas religi\u00f5es s\u00e3o um tesouro \u00e0 disposi\u00e7\u00e3o da humanidade<\/strong> e existem para magnificar o que de melhor existe no ser humano. Mas, como no momento atual, s\u00e3o manipuladas para servir planos de poder e de for\u00e7a e n\u00e3o de justi\u00e7a e paz.  <strong>As religi\u00f5es s\u00e3o \u201cinocentes\u201d<\/strong>. As v\u00edtimas pertencem a todas as religi\u00f5es, mas, infelizmente, tamb\u00e9m os manipuladores. O \u00faltimo engano, em ordem cronol\u00f3gica, acontece diante dos nossos olhos inermes no Iraque e na S\u00edria, sob a bandeira do ISIS. Quer se chame califado, emirado ou sultanado n\u00e3o muda o car\u00e1ter violento, selvagem e desumano do seu ser. A sua refer\u00eancia ao Isl\u00e3 \u00e9 usurpa\u00e7\u00e3o, pior ainda, uma falsifica\u00e7\u00e3o, e n\u00e3o s\u00f3, porque suas primeiras v\u00edtimas foram outros mu\u00e7ulmanos.  Somente considera\u00e7\u00f5es pol\u00edticas e geoestrat\u00e9gicas irrespons\u00e1veis guiaram esses atores e seus maquinadores.  <strong>Unimos as nossas vozes \u00e0quelas que, no mundo inteiro, est\u00e3o exortando \u00e0 paz e ao di\u00e1logo<\/strong> entre culturas e religi\u00f5es. Queremos gritar com for\u00e7a porque o sil\u00eancio mata. Ainda que estejamos distantes dos locais das opera\u00e7\u00f5es militares isso n\u00e3o nos impede de sentir fortemente os sofrimentos. Nas nossas recorda\u00e7\u00f5es eles ainda permanecem vivos.  H\u00e1 apenas alguns meses, pessoas de todas as religi\u00f5es reuniram-se para dialogar e declarar-se reciprocamente o amor para com cada irm\u00e3o, cada qual na pr\u00f3pria f\u00e9 [<a href=\"https:\/\/www.focolare.org\/pt\/news\/2013\/10\/07\/roma-insieme-per-lunita-della-famiglia-umana-chiara-lubich-e-le-religioni\/\" target=\"_blank\" rel=\"noopener\"><em>Chiara e as religi\u00f5es. Juntos rumo \u00e0 unidade da fam\u00edlia humana<\/em><\/a> \u2013 Roma, 20 de mar\u00e7o de 2014 \u2013 <i>ndr<\/i>]. A partilha que fizemos demonstrou que s\u00e3o mais numerosas as coisas que nos unem do que as que nos dividem.  <strong>Manifestamos<\/strong> <strong>a nossa disponibilidade<\/strong> a participar de qualquer a\u00e7\u00e3o que seja orientada a uma justa solu\u00e7\u00e3o dos conflitos em curso; recordando que \u00e9 \u201cfazendo aos outros o que gostar\u00edamos fosse feito a n\u00f3s\u201d que tra\u00e7aremos o caminho da fraternidade\u00bb.<\/p>\n","protected":false},"excerpt":{"rendered":"<p>Mensagem dos mu\u00e7ulmanos do Movimento dos Focolares do Magreb.<\/p>\n","protected":false},"author":34,"featured_media":0,"comment_status":"open","ping_status":"open","sticky":false,"template":"","format":"standard","meta":{"give_campaign_id":0,"_seopress_robots_primary_cat":"","_seopress_titles_title":"","_seopress_titles_desc":"","_seopress_robots_index":"","_et_pb_use_builder":"","_et_pb_old_content":"","_et_gb_content_width":"","footnotes":""},"categories":[909],"tags":[],"class_list":["post-332926","post","type-post","status-publish","format-standard","hentry","category-focolare-worldwide-2-4"],"_links":{"self":[{"href":"https:\/\/www.focolare.org\/pt-pt\/wp-json\/wp\/v2\/posts\/332926","targetHints":{"allow":["GET"]}}],"collection":[{"href":"https:\/\/www.focolare.org\/pt-pt\/wp-json\/wp\/v2\/posts"}],"about":[{"href":"https:\/\/www.focolare.org\/pt-pt\/wp-json\/wp\/v2\/types\/post"}],"author":[{"embeddable":true,"href":"https:\/\/www.focolare.org\/pt-pt\/wp-json\/wp\/v2\/users\/34"}],"replies":[{"embeddable":true,"href":"https:\/\/www.focolare.org\/pt-pt\/wp-json\/wp\/v2\/comments?post=332926"}],"version-history":[{"count":0,"href":"https:\/\/www.focolare.org\/pt-pt\/wp-json\/wp\/v2\/posts\/332926\/revisions"}],"wp:attachment":[{"href":"https:\/\/www.focolare.org\/pt-pt\/wp-json\/wp\/v2\/media?parent=332926"}],"wp:term":[{"taxonomy":"category","embeddable":true,"href":"https:\/\/www.focolare.org\/pt-pt\/wp-json\/wp\/v2\/categories?post=332926"},{"taxonomy":"post_tag","embeddable":true,"href":"https:\/\/www.focolare.org\/pt-pt\/wp-json\/wp\/v2\/tags?post=332926"}],"curies":[{"name":"wp","href":"https:\/\/api.w.org\/{rel}","templated":true}]}}