{"id":332928,"date":"2014-08-27T03:00:16","date_gmt":"2014-08-27T01:00:16","guid":{"rendered":"https:\/\/www.focolare.org\/a-assembleia-geral-do-movimento-dos-focolares-esta-prestes-a-comecar\/"},"modified":"2024-05-16T15:21:53","modified_gmt":"2024-05-16T13:21:53","slug":"a-assembleia-geral-do-movimento-dos-focolares-esta-prestes-a-comecar","status":"publish","type":"post","link":"https:\/\/www.focolare.org\/pt-pt\/a-assembleia-geral-do-movimento-dos-focolares-esta-prestes-a-comecar\/","title":{"rendered":"A Assembleia geral do Movimento dos Focolares est\u00e1 prestes a come\u00e7ar"},"content":{"rendered":"<p><img loading=\"lazy\" decoding=\"async\" class=\"alignleft  wp-image-110237\" style=\"margin-right: 10px\" alt=\"20140827-a\" src=\"https:\/\/www.focolare.org\/wp-content\/uploads\/2014\/08\/20140827-a.jpg\" width=\"379\" height=\"180\" \/>S\u00e3o esperados no Centro Mari\u00e1polis de Castelgandolfo, Roma, 494 delegados dos <a href=\"https:\/\/www.focolare.org\/pt\/movimento-dei-focolari\/\">Focolares <\/a>que representam o centro internacional e as diversas \u00e1reas geogr\u00e1ficas do mundo, express\u00e3o da pluralidade que caracteriza o Movimento: leigos e consagrados, adultos e jovens, homens e mulheres. Al\u00e9m desses acompanhar\u00e3o os trabalhos da Assembleia 49 convidados, entre os quais alguns <a href=\"https:\/\/www.focolare.org\/pt\/in-dialogo\/chiese-cristiane\/\" target=\"_blank\" rel=\"noopener\">crist\u00e3os de v\u00e1rias Igrejas<\/a>. S\u00e3o convidados tamb\u00e9m representantes das <a href=\"https:\/\/www.focolare.org\/pt\/in-dialogo\/grandi-religioni\/\" target=\"_blank\" rel=\"noopener\">grandes religi\u00f5es<\/a> e de <a href=\"https:\/\/www.focolare.org\/pt\/in-dialogo\/persone-di-convinzioni-non-religiose\/\" target=\"_blank\" rel=\"noopener\">culturas n\u00e3o religiosas<\/a>, pertencentes ao Movimento.  <strong>O evento foi preparado<\/strong> com uma grande participa\u00e7\u00e3o das comunidades dos Focolares, concretizada por reflex\u00f5es e propostas para uma Assembleia que ser\u00e1 chamada a exprimir-se com argumentos fundamentais para a vida do Movimento. Segundo o pre\u00e2mbulo dos Estatutos gerais, \u201ca norma das normas, a premissa de qualquer outra regra\u201d \u00e9 o amor rec\u00edproco, o fundamento da a\u00e7\u00e3o do Esp\u00edrito Santo: \u00e9 esta a \u201cl\u00f3gica\u201d que guiou tal consulta em todo o mundo.  Do <a href=\"https:\/\/www.focolare.org\/pt\/news\/2014\/07\/15\/assemblea-focolari-parola-chiave-partecipazione\/\">trabalho preparat\u00f3rio<\/a>, emergiram questionamentos, desafios e exig\u00eancias de um povo que est\u00e1 em caminho. Em particular, emergiram a fidelidade \u00e0 indentidade carism\u00e1tica; a aten\u00e7\u00e3o para os jovens, anci\u00e3os e fam\u00edlias; a exig\u00eancia de ir al\u00e9m do pr\u00f3prio movimento movendo-se em dire\u00e7\u00e3o \u00e0s dores da humanidade, com um olhar privilegiado \u00e0s diversas necessidades.  <strong>Um impulso \u00e0 a\u00e7\u00e3o,<\/strong> portanto, com uma forma\u00e7\u00e3o espiritual e cultural adequada e atualizada, na linha da espiritualidade de comunh\u00e3o t\u00edpica do carisma dos Focolares, a fim de que seja Jesus mesmo, presente entre os que estiverem unidos em Seu nome (Mt 18, 20), a caminhar pelas estradas para encontrar os homens e mulheres de hoje.  Os contributos foram sintetizados em 12 grandes temas que os participantes da Assembleia, em\u00a0 grupos e plen\u00e1rias, abordar\u00e3o para direcionar o Movimento nos pr\u00f3ximos anos.  Depois de alguns dias de retiro espiritual e de trabalho, a Assembleia proceder\u00e1 \u00e0 elei\u00e7\u00e3o da Presidente, do Co-presidente, dos conselheiros e das conselheiras gerais para os pr\u00f3ximos seis anos.  Os participantes ser\u00e3o recebidos pelo <strong>papa Francisco na sexta-feira, 26 de setembro, no Vaticano<\/strong>.  A Assembleia geral \u00e9 o principal \u00f3rg\u00e3o de governo do Movimento dos Focolares e acontece a cada seis anos.<\/p>\n","protected":false},"excerpt":{"rendered":"<p>De 1 a 28 de setembro de 2014, acontecer\u00e1 a Assembleia geral do Movimento dos Focolares. \u00c9 prevista uma audi\u00eancia com o papa Francisco.<\/p>\n","protected":false},"author":27,"featured_media":0,"comment_status":"open","ping_status":"open","sticky":false,"template":"","format":"standard","meta":{"give_campaign_id":0,"_seopress_robots_primary_cat":"","_seopress_titles_title":"","_seopress_titles_desc":"","_seopress_robots_index":"","_et_pb_use_builder":"","_et_pb_old_content":"","_et_gb_content_width":"","footnotes":""},"categories":[129],"tags":[],"class_list":["post-332928","post","type-post","status-publish","format-standard","hentry","category-sem-categoria"],"_links":{"self":[{"href":"https:\/\/www.focolare.org\/pt-pt\/wp-json\/wp\/v2\/posts\/332928","targetHints":{"allow":["GET"]}}],"collection":[{"href":"https:\/\/www.focolare.org\/pt-pt\/wp-json\/wp\/v2\/posts"}],"about":[{"href":"https:\/\/www.focolare.org\/pt-pt\/wp-json\/wp\/v2\/types\/post"}],"author":[{"embeddable":true,"href":"https:\/\/www.focolare.org\/pt-pt\/wp-json\/wp\/v2\/users\/27"}],"replies":[{"embeddable":true,"href":"https:\/\/www.focolare.org\/pt-pt\/wp-json\/wp\/v2\/comments?post=332928"}],"version-history":[{"count":0,"href":"https:\/\/www.focolare.org\/pt-pt\/wp-json\/wp\/v2\/posts\/332928\/revisions"}],"wp:attachment":[{"href":"https:\/\/www.focolare.org\/pt-pt\/wp-json\/wp\/v2\/media?parent=332928"}],"wp:term":[{"taxonomy":"category","embeddable":true,"href":"https:\/\/www.focolare.org\/pt-pt\/wp-json\/wp\/v2\/categories?post=332928"},{"taxonomy":"post_tag","embeddable":true,"href":"https:\/\/www.focolare.org\/pt-pt\/wp-json\/wp\/v2\/tags?post=332928"}],"curies":[{"name":"wp","href":"https:\/\/api.w.org\/{rel}","templated":true}]}}