{"id":332944,"date":"2014-09-03T03:00:59","date_gmt":"2014-09-03T01:00:59","guid":{"rendered":"https:\/\/www.focolare.org\/sobreviventes-do-tufao-hayan\/"},"modified":"2024-05-16T15:21:55","modified_gmt":"2024-05-16T13:21:55","slug":"sobreviventes-do-tufao-hayan","status":"publish","type":"post","link":"https:\/\/www.focolare.org\/pt-pt\/sobreviventes-do-tufao-hayan\/","title":{"rendered":"Sobreviventes do tuf\u00e3o Hayan"},"content":{"rendered":"<p><img loading=\"lazy\" decoding=\"async\" class=\"alignleft  wp-image-110487\" style=\"margin-right: 10px\" alt=\"20140903-01\" src=\"https:\/\/www.focolare.org\/wp-content\/uploads\/2014\/09\/20140903-01.jpg\" width=\"301\" height=\"193\" \/>Minx e Alfred moram em Kalibo, ilha filipina da Prov\u00edncia de Visayas Ocidentais, particularmente atingida pelo <a href=\"https:\/\/www.focolare.org\/pt\/news\/2013\/11\/11\/filippine-colpite-dal-tifone-haiyan\/\" target=\"_blank\" rel=\"noopener\">tuf\u00e3o Hayan<\/a> no dia 8 de novembro de 2013. Eles conheceram o <a href=\"https:\/\/www.focolare.org\/pt\/movimento-dei-focolari\/\" target=\"_blank\" rel=\"noopener\">Movimento dos Focolares<\/a> h\u00e1 29 anos e desde ent\u00e3o, como dizem, suas vidas mudaram, e \u201ccome\u00e7amos a servir Deus em cada pr\u00f3ximo\u201d.  <strong>\u00abUm dia antes da chegada do tuf\u00e3o<\/strong> \u2013 contam \u2013 fomos avisados pela televis\u00e3o e r\u00e1dio, mas escutamos a not\u00edcia como se fosse um dos tantos que j\u00e1 t\u00ednhamos enfrentado no passado. Os nossos quatro filhos estavam em casa para as f\u00e9rias escolares do final do semestre. Por isso est\u00e1vamos todos juntos quando come\u00e7aram as fortes ventanias e a chuva. Pela primeira vez v\u00edamos uma tempestade t\u00e3o forte: as janelas tremiam, o teto come\u00e7ava a soltar, peda\u00e7o por peda\u00e7o, e a grande mangueira, arrancada pela raiz, caiu, para nossa sorte, sem atingir a casa. A \u00e1gua da chuva come\u00e7ou a entrar por todo lado at\u00e9 alagar a casa inteira. Quando o segundo andar come\u00e7ou a tremer pensamos que tudo seria destru\u00eddo\u00bb.  <strong><img loading=\"lazy\" decoding=\"async\" class=\" wp-image-110492 alignright\" alt=\"20140903-05\" src=\"https:\/\/www.focolare.org\/wp-content\/uploads\/2014\/09\/20140903-05.jpg\" width=\"286\" height=\"172\" \/>\u00abNo meio do desastre<\/strong> \u2013 recorda Minx \u2013 no meu cora\u00e7\u00e3o eu dizia: \u201c\u00c9s tu, Senhor, esta trag\u00e9dia \u00e9 uma sombra do Teu abandono e eu quero amar-te. Pe\u00e7o-te, salva todos n\u00f3s&#8230;\u201d. Aquela noite, na escurid\u00e3o por causa do blackout, pensava naquilo que certamente havia acontecido a todos os que moram em casas de madeira. Enquanto as l\u00e1grimas desciam eu rezava por eles. De manh\u00e3 cedo, depois de ter visto que todos est\u00e1vamos bem, fui procurar nossos vizinhos. Havia s\u00f3 destrui\u00e7\u00e3o e rostos assustados. Procurei colocar de lado o meu sofrimento para acolher cada pessoa sofredora que via. Uma menina, amiga da nossa fam\u00edlia, me disse chorando: \u201cTia Minx, n\u00e3o temos mais casa&#8230;\u201d, como n\u00f3s. As suas palavras inocentes partiam o meu cora\u00e7\u00e3o. Abracei-a e disse: \u201cN\u00e3o perdemos o nosso amor e a f\u00e9 em Jesus, vamos rezar e continuar a amar os outros.. Jesus vai nos ajudar\u201d.  <strong><img loading=\"lazy\" decoding=\"async\" class=\"alignleft  wp-image-110488\" alt=\"20140903-02\" src=\"https:\/\/www.focolare.org\/wp-content\/uploads\/2014\/09\/20140903-02.jpg\" width=\"283\" height=\"210\" \/>A nossa ora\u00e7\u00e3o foi ouvida<\/strong>, porque no dia seguinte come\u00e7aram a chegar ajudas, primeiro de parentes e amigos e depois de muitos lugares do mundo, atrav\u00e9s dos Focolares. Chegou at\u00e9 um gerador para poder continuar uma pequena atividade comercial da nossa fam\u00edlia, j\u00e1 que a eletricidade faltou durante meses. Eu procurava estar sempre dispon\u00edvel em qualquer momento para dar uma ajuda. Um dos meus filhos dizia: \u201cMam\u00e3e, a senhora prefere ajudar os outros mesmo se n\u00e3o temos nada para consertar a nossa casa?\u201d, porque quando chovia a \u00e1gua continuava a entrar. Eu o tranquilizei: \u201cJesus ir\u00e1 se lembrar da nossa bondade\u201d. Depois de alguns meses ficamos surpresos e felizes porque a nossa casa foi inclu\u00edda no projeto de restaura\u00e7\u00e3o e reconstru\u00e7\u00e3o para as v\u00edtimas do tuf\u00e3o Hayan. Agora est\u00e1 consertada e mesmo se continuam a chegar tuf\u00f5es fortes n\u00f3s nos sentimos mais protegidos e seguros. Somos gratos a Deus e ao Focolare, que sustentou o projeto\u00bb.  <strong>Projeto de reconstru\u00e7\u00e3o para as v\u00edtimas do tuf\u00e3o<\/strong>. O Movimento dos Focolares nas <a href=\"https:\/\/www.focolare.org\/pt\/focolare-worldwide\/asia\/filippine\/\" target=\"_blank\" rel=\"noopener\">Filipinas<\/a>, com a contribui\u00e7\u00e3o de <a href=\"http:\/\/www.famiglienuove.org\/it\/afn.php\" target=\"_blank\" rel=\"noopener\">A\u00e7\u00f5es para Fam\u00edlias Novas<\/a> (AFN) e da <a href=\"http:\/\/www.amu-it.eu\/?lang=it\" target=\"_blank\" rel=\"noopener\">Associa\u00e7\u00e3o Mundo Unido<\/a> (AMU), est\u00e1 levando adiante um projeto de reconstru\u00e7\u00e3o para 60 fam\u00edlias. Em Tacloban j\u00e1 foram terminadas seis casas e est\u00e3o sendo preparados os documentos e licen\u00e7as para come\u00e7ar a constru\u00e7\u00e3o de outras cinco. Al\u00e9m disso, foi dada uma consider\u00e1vel contribui\u00e7\u00e3o a sete fam\u00edlias que j\u00e1 tinham come\u00e7ado o trabalho de restaura\u00e7\u00e3o. A Baybay se est\u00e1 concluindo a compra de um terreno onde poder construir. Na Ilha Panay, al\u00e9m das cinco casas j\u00e1 feitas, outras sete est\u00e3o em fase de constru\u00e7\u00e3o, enquanto est\u00e1 sendo negociada a compra de um terreno onde ser\u00e3o constru\u00eddas cerca de vinte pequenas moradias, para fam\u00edlias que n\u00e3o possuem terreno pr\u00f3prio. \u00a0As casas s\u00e3o constru\u00eddas com materiais s\u00f3lidos: tetos com calhas de cimento, alicerces e paredes de alvenaria, de um ou dois andares (segundo as necessidades), com cerca de 50 m\u00b2.  Ajudas para a <strong>emerg\u00eancia Filipinas<\/strong> podem ser enviadas atrav\u00e9s das seguintes contas correntes:  <strong>AZIONE per FAMIGLIE NUOVE Onlus<\/strong> c\/c n\u00b0 1000\/1060 BANCA PROSSIMA Cod. IBAN: IT 55 K 03359 01600 100000001060 Cod. Bic \u2013 Swift: BCITITMX <\/p>\n<div><strong>MOVIMENTO DOS FOCOLARES EM CEBU<\/strong> <strong><\/strong>Pag\u00e1vel a:\u00a0<strong>Emergency Typhoon Haiyan Philippines<\/strong> METROPOLITAN BANK &amp; TRUST COMPANY Cebu \u2013 Guadalupe Branch 6000 Cebu City \u2013 Cebu, Philippines Tel: 0063-32-2533728<strong> Conta banc\u00e1ria em nome de:\u00a0 WORK OF MARY\/FOCOLARE MOVEMENT FOR WOMEN<\/strong> Euro Bank Account no.:\u00a0 398-2-39860031-7 SWIFT Code:\u00a0 MBTCPHMM Pag\u00e1vel a:\u00a0\u00a0<strong>Help Philippines\u2013 Typhoon Haiyan<\/strong> Email:\u00a0<a href=\"mailto:focolaremovementcebf@gmail.com\" target=\"_blank\" rel=\"noopener\">focolaremovementcebf@gmail.com<\/a> Tel. 0063 (032) 345 1563 \u2013 2537883 \u2013 2536407<\/div>\n","protected":false},"excerpt":{"rendered":"<p>A hist\u00f3ria de uma fam\u00edlia filipina que sobreviveu ao forte furac\u00e3o que atingiu o pa\u00eds asi\u00e1tico em novembro de 2013. O projeto de reconstru\u00e7\u00e3o mantido pelo Movimento dos Focolares.<\/p>\n","protected":false},"author":27,"featured_media":0,"comment_status":"open","ping_status":"open","sticky":false,"template":"","format":"standard","meta":{"give_campaign_id":0,"_seopress_robots_primary_cat":"","_seopress_titles_title":"","_seopress_titles_desc":"","_seopress_robots_index":"","_et_pb_use_builder":"","_et_pb_old_content":"","_et_gb_content_width":"","footnotes":""},"categories":[129],"tags":[],"class_list":["post-332944","post","type-post","status-publish","format-standard","hentry","category-sem-categoria"],"_links":{"self":[{"href":"https:\/\/www.focolare.org\/pt-pt\/wp-json\/wp\/v2\/posts\/332944","targetHints":{"allow":["GET"]}}],"collection":[{"href":"https:\/\/www.focolare.org\/pt-pt\/wp-json\/wp\/v2\/posts"}],"about":[{"href":"https:\/\/www.focolare.org\/pt-pt\/wp-json\/wp\/v2\/types\/post"}],"author":[{"embeddable":true,"href":"https:\/\/www.focolare.org\/pt-pt\/wp-json\/wp\/v2\/users\/27"}],"replies":[{"embeddable":true,"href":"https:\/\/www.focolare.org\/pt-pt\/wp-json\/wp\/v2\/comments?post=332944"}],"version-history":[{"count":0,"href":"https:\/\/www.focolare.org\/pt-pt\/wp-json\/wp\/v2\/posts\/332944\/revisions"}],"wp:attachment":[{"href":"https:\/\/www.focolare.org\/pt-pt\/wp-json\/wp\/v2\/media?parent=332944"}],"wp:term":[{"taxonomy":"category","embeddable":true,"href":"https:\/\/www.focolare.org\/pt-pt\/wp-json\/wp\/v2\/categories?post=332944"},{"taxonomy":"post_tag","embeddable":true,"href":"https:\/\/www.focolare.org\/pt-pt\/wp-json\/wp\/v2\/tags?post=332944"}],"curies":[{"name":"wp","href":"https:\/\/api.w.org\/{rel}","templated":true}]}}