{"id":332954,"date":"2014-09-08T04:30:14","date_gmt":"2014-09-08T02:30:14","guid":{"rendered":"https:\/\/www.focolare.org\/assembleia-focolares-primeira-fase-de-trabalhos\/"},"modified":"2024-05-16T15:21:59","modified_gmt":"2024-05-16T13:21:59","slug":"assembleia-focolares-primeira-fase-de-trabalhos","status":"publish","type":"post","link":"https:\/\/www.focolare.org\/pt-pt\/assembleia-focolares-primeira-fase-de-trabalhos\/","title":{"rendered":"Assembleia Focolares: primeira fase de trabalhos"},"content":{"rendered":"<p><a href=\"https:\/\/www.focolare.org\/wp-content\/uploads\/2014\/09\/20140908-01.jpg\"><img loading=\"lazy\" decoding=\"async\" class=\"alignleft  wp-image-110713\" style=\"margin-right: 10px\" alt=\"20140908-01\" src=\"https:\/\/www.focolare.org\/wp-content\/uploads\/2014\/09\/20140908-01.jpg\" width=\"317\" height=\"211\" \/><\/a>\u00abAs elei\u00e7\u00f5es da presidente, do copresidente e dos membros eleitos do Conselho Geral ser\u00e3o precedidas por tr\u00eas dias de retiro espiritual, a fim de que os eleitores, unidos no nome de Jesus [&#8230;] sejam d\u00f3ceis \u00e0 gra\u00e7a do Esp\u00edrito Santo, de modo que a sua escolha seja para o maior bem da Obra\u00bb, <strong>est\u00e1 escrito nos Estatutos Gerais do<\/strong> <a href=\"https:\/\/www.focolare.org\/pt\/movimento-dei-focolari\/\" target=\"_blank\" rel=\"noopener\">Movimento dos Focolares<\/a>. <strong>Um grande desafio<\/strong>, considerando-se a variedade dos participantes: focolarinos, fam\u00edlias, jovens, religiosos e sacerdotes. S\u00e3o convidados tamb\u00e9m alguns bispos, representando os <a href=\"https:\/\/www.focolare.org\/pt\/movimento-dei-focolari\/scelte-e-impegno\/vescovi\/\" target=\"_blank\" rel=\"noopener\">bispos \u201camigos\u201d<\/a> dos Focolares. Significativa a presen\u00e7a ecum\u00eanica, com a participa\u00e7\u00e3o de <a href=\"https:\/\/www.focolare.org\/pt\/in-dialogo\/chiese-cristiane\/\" target=\"_blank\" rel=\"noopener\">crist\u00e3os de v\u00e1rias Igrejas.<\/a> Est\u00e3o presentes ainda, em nome dos muitos fieis de <a href=\"https:\/\/www.focolare.org\/pt\/in-dialogo\/grandi-religioni\/\" target=\"_blank\" rel=\"noopener\">outras religi\u00f5es<\/a> que fazem parte do Movimento, Metta, budista, e Racim, mu\u00e7ulmano. E a universalidade do carisma da unidade \u00e9 expressa tamb\u00e9m pelo grupo de <a href=\"https:\/\/www.focolare.org\/pt\/in-dialogo\/persone-di-convinzioni-non-religiose\/\" target=\"_blank\" rel=\"noopener\">pessoas de convic\u00e7\u00f5es n\u00e3o religiosas<\/a>, que chegou nos \u00faltimos dias.  <a href=\"https:\/\/www.focolare.org\/wp-content\/uploads\/2014\/09\/20140908-04.jpg\"><img loading=\"lazy\" decoding=\"async\" class=\"wp-image-110717 alignright\" style=\"margin-left: 10px\" alt=\"20140908-04\" src=\"https:\/\/www.focolare.org\/wp-content\/uploads\/2014\/09\/20140908-04.jpg\" width=\"346\" height=\"194\" \/><\/a><strong>Os tr\u00eas dias de retiro espiritual foram definidos por muitos como necess\u00e1rios<\/strong>, para que as op\u00e7\u00f5es previstas sejam fruto de um discernimento coletivo. Foi apresentado um dos pontos da espiritualidade da unidade, \u201cA <a href=\"https:\/\/www.focolare.org\/pt\/chiara-lubich\/spiritualita-dellunita\/gesu-eucaristia\/\" target=\"_blank\" rel=\"noopener\">Eucaristia<\/a>, mist\u00e9rio de comunh\u00e3o\u201d, que ser\u00e1 objeto de reflex\u00e3o para todos os membros dos Focolares. Um assunto que poderia ser considerado \u201cinc\u00f4modo\u201d na \u00f3tica ecum\u00eanica ou inter-religiosa, mas que tornou-se ocasi\u00e3o para um di\u00e1logo profundo entre todos. Antes da apresenta\u00e7\u00e3o do tema procedeu-se \u00e0 leitura da ora\u00e7\u00e3o de Jesus pela unidade (Jo 17), feita por um grupo de focolarinos e focolarinas das v\u00e1rias Igrejas presentes, e alguns deles comentaram o tema. \u00abPara Lutero a Eucaristia \u00e9 um mist\u00e9rio \u2013 explicou <strong>Heike<\/strong>, luterana \u2013 por isso j\u00e1 com o t\u00edtulo eu me senti \u201cem casa\u201d. Permanece ainda algo que nos divide, mas, na minha opini\u00e3o, mais de 90% j\u00e1 podemos viver juntos\u00bb. <strong>Cathy<\/strong>, da Igreja anglicana, comentou: \u00abN\u00e3o poder participar da \u00fanica mesa me d\u00e1 ocasi\u00e3o para reconhecer e aceitar a dor da divis\u00e3o e, portanto, amar mais\u00bb. <strong>Metta<\/strong>, budista tailandesa, sente-se parte da fam\u00edlia dos Focolares. \u00abComo posso viver este ponto da espiritualidade?\u00bb, ela se perguntou, \u00abEntendi que devo purificar-me cada dia, ser nada para acolher os irm\u00e3os\u00bb. E tamb\u00e9m <strong>Racim<\/strong>, jovem mu\u00e7ulmano argelino, afirmou que o que Chiara diz sobre a Eucaristia o faz recordar um Hadith do Profeta, no qual se diz que Deus entra no cora\u00e7\u00e3o e no corpo de cada pessoa.  <img loading=\"lazy\" decoding=\"async\" class=\"alignleft  wp-image-110716\" style=\"margin-right: 10px\" alt=\"20140908-02\" src=\"https:\/\/www.focolare.org\/wp-content\/uploads\/2014\/09\/20140908-02.jpg\" width=\"266\" height=\"194\" \/>Os mais de trinta grupos de trabalho constituem um <strong>espa\u00e7o privilegiado para um confronto aberto<\/strong> sobre temas e desafios presentes e futuros; s\u00e3o compostos por participantes de diferentes proveni\u00eancias, idades e voca\u00e7\u00f5es. S\u00e3o verdadeiras sess\u00f5es de di\u00e1logo cotidiano, onde se faz ouvir a voz do povo dos Focolares. <strong>Muito participados os momentos de di\u00e1logo<\/strong> na plen\u00e1ria, onde se compartilham hist\u00f3rias, testemunhos e desafios dos diferentes contextos nacionais e culturais. <strong>Jean Paul<\/strong>, do Burundi, estuda na Arg\u00e9lia. Ele falou do desafio que comporta fazer parte da minoria crist\u00e3 num pa\u00eds 90% mu\u00e7ulmano, e exprimiu a sua satisfa\u00e7\u00e3o pela aten\u00e7\u00e3o especial dirigida por Maria Voce aos jovens presentes na Assembleia.  <a href=\"https:\/\/www.focolare.org\/wp-content\/uploads\/2014\/09\/20140908-05.jpg\"><img loading=\"lazy\" decoding=\"async\" class=\" wp-image-110718 alignright\" style=\"margin-left: 10px\" alt=\"20140908-05\" src=\"https:\/\/www.focolare.org\/wp-content\/uploads\/2014\/09\/20140908-05.jpg\" width=\"360\" height=\"202\" \/><\/a><strong>Um momento central <\/strong>da primeira semana foi o relat\u00f3rio da Presid\u00eancia. <a href=\"https:\/\/www.focolare.org\/pt\/news\/2014\/09\/15\/maria-voce\/\">Maria Voce<\/a> e Giancarlo Faletti tra\u00e7aram um balan\u00e7o do caminho percorrido de 2008 at\u00e9 hoje. Foram tocados muitos aspectos: da difus\u00e3o do pensamento de <a href=\"https:\/\/www.focolare.org\/pt\/chiara-lubich\/\">Chiara Lubich<\/a> em v\u00e1rios campos ao pedido feito \u00e0 Igreja Cat\u00f3lica para a abertura do seu processo de beatifica\u00e7\u00e3o; a distribui\u00e7\u00e3o dos membros do Movimento por \u00e1reas geogr\u00e1ficas; os sofrimentos enfrentados, reflexo dos males que afligem toda a sociedade; os di\u00e1logos com as Igrejas, as religi\u00f5es, a cultura; os jovens; as perspectivas para o sex\u00eanio que segue e que est\u00e3o sendo avaliadas pela Assembleia.  Uma plen\u00e1ria foi dedicada a uma reflex\u00e3o sobre o panorama cultural atual, guiada pela <a href=\"https:\/\/www.focolare.org\/pt\/all-opera\/studio-e-formazione\/scuola-abba\/\" target=\"_blank\" rel=\"noopener\">Escola Abba<\/a>, centro de estudos interdisciplinares dos Focolares. Falou-se de mundializa\u00e7\u00e3o, tecnologia e ambiente, rela\u00e7\u00f5es humanas, a quest\u00e3o de Deus; todas tem\u00e1ticas presentes nas mais de tr\u00eas mil solicita\u00e7\u00f5es enviadas pelos membros do Movimento, do mundo inteiro. Entre as v\u00e1rias interven\u00e7\u00f5es que seguiram, a de <strong>Eddie<\/strong>, de Hong Kong, sobre a busca de caminhos para levar Deus ao Oriente, evidenciando a necessidade de que, \u00e0s palavras, sejam associados mais fatos e maior concretude de vida.  Na semana que inicia prosseguem os trabalhos de grupo sobre os desafios culturais e a abertura social, forma\u00e7\u00e3o, vida das comunidades dos Focolares em diferentes contextos, fam\u00edlia e novas gera\u00e7\u00f5es, di\u00e1logo inter-religioso e com a cultura, relacionamentos com a Igreja Cat\u00f3lica e com as outras Igrejas. Esta ser\u00e1 a semana da elei\u00e7\u00e3o da presidente e do copresidente.<\/p>\n","protected":false},"excerpt":{"rendered":"<p>Abre-se a segunda semana da Assembleia Geral 2014. O balan\u00e7o sobre a primeira fase dos trabalhos, o caminho do Movimento nos \u00faltimos seis anos, o trabalho dos grupos dirigido aos pr\u00f3ximos desafios.<\/p>\n","protected":false},"author":27,"featured_media":0,"comment_status":"open","ping_status":"open","sticky":false,"template":"","format":"standard","meta":{"give_campaign_id":0,"_seopress_robots_primary_cat":"","_seopress_titles_title":"","_seopress_titles_desc":"","_seopress_robots_index":"","_et_pb_use_builder":"","_et_pb_old_content":"","_et_gb_content_width":"","footnotes":""},"categories":[129],"tags":[],"class_list":["post-332954","post","type-post","status-publish","format-standard","hentry","category-sem-categoria"],"_links":{"self":[{"href":"https:\/\/www.focolare.org\/pt-pt\/wp-json\/wp\/v2\/posts\/332954","targetHints":{"allow":["GET"]}}],"collection":[{"href":"https:\/\/www.focolare.org\/pt-pt\/wp-json\/wp\/v2\/posts"}],"about":[{"href":"https:\/\/www.focolare.org\/pt-pt\/wp-json\/wp\/v2\/types\/post"}],"author":[{"embeddable":true,"href":"https:\/\/www.focolare.org\/pt-pt\/wp-json\/wp\/v2\/users\/27"}],"replies":[{"embeddable":true,"href":"https:\/\/www.focolare.org\/pt-pt\/wp-json\/wp\/v2\/comments?post=332954"}],"version-history":[{"count":0,"href":"https:\/\/www.focolare.org\/pt-pt\/wp-json\/wp\/v2\/posts\/332954\/revisions"}],"wp:attachment":[{"href":"https:\/\/www.focolare.org\/pt-pt\/wp-json\/wp\/v2\/media?parent=332954"}],"wp:term":[{"taxonomy":"category","embeddable":true,"href":"https:\/\/www.focolare.org\/pt-pt\/wp-json\/wp\/v2\/categories?post=332954"},{"taxonomy":"post_tag","embeddable":true,"href":"https:\/\/www.focolare.org\/pt-pt\/wp-json\/wp\/v2\/tags?post=332954"}],"curies":[{"name":"wp","href":"https:\/\/api.w.org\/{rel}","templated":true}]}}