{"id":332960,"date":"2014-09-10T03:00:57","date_gmt":"2014-09-10T01:00:57","guid":{"rendered":"https:\/\/www.focolare.org\/escolas-de-verao-na-europa\/"},"modified":"2024-05-16T15:22:00","modified_gmt":"2024-05-16T13:22:00","slug":"escolas-de-verao-na-europa","status":"publish","type":"post","link":"https:\/\/www.focolare.org\/pt-pt\/escolas-de-verao-na-europa\/","title":{"rendered":"Escolas de ver\u00e3o na Europa"},"content":{"rendered":"<p><img loading=\"lazy\" decoding=\"async\" class=\"alignleft  wp-image-110796\" style=\"margin-right: 10px\" alt=\"20140910-01\" src=\"https:\/\/www.focolare.org\/wp-content\/uploads\/2014\/09\/20140910-01.jpg\" width=\"307\" height=\"230\" \/>Foi um ver\u00e3o muito quente na Europa no que se refere \u00e0s iniciativas no \u00e2mbito da <a href=\"https:\/\/www.focolare.org\/pt\/in-dialogo\/cultura\/economia\/\" target=\"_blank\" rel=\"noopener\">Economia de Comunh\u00e3o<\/a> e da <a href=\"https:\/\/www.focolare.org\/pt\/news\/2013\/05\/24\/economia-civile-la-centralita-della-persona\/\" target=\"_blank\" rel=\"noopener\">Economia Civil<\/a>.  <b>A \u00faltima em ordem cronol\u00f3gica \u00e9 a que se concluiu h\u00e1 pouco em Arny, na <\/b><a href=\"https:\/\/www.focolare.org\/pt\/focolare-worldwide\/europa\/francia\/\" target=\"_blank\" rel=\"noopener\">Fran\u00e7a<\/a>. Foi uma <i>Summer School <\/i>de Economia de Comunh\u00e3o (<a href=\"http:\/\/www.edc-online.org\/\" target=\"_blank\" rel=\"noopener\">EdC<\/a>) de car\u00e1ter internacional que se realizou de 26 a 31 de agosto. Participaram 40 jovens provenientes da Europa, \u00c1sia e \u00c1frica. As aulas dadas por quatro \u201cveteranos\u201d da EdC \u2013 os professores <strong>Luigino Bruni<\/strong> e <strong>Benedetto Gui<\/strong>, <strong>Vittorio Pelligra<\/strong> e <strong>Anouk Grevin<\/strong> \u2013 discorreram sobre temas ligados ao empreendedorismo social, emprego, desenvolvimento, pobreza, gratuidade, reciprocidade e felicidade \u00e0 luz do novo paradigma que emerge da Economia de Comunh\u00e3o. As palavras-chave deste laborat\u00f3rio foram esperan\u00e7a e comunh\u00e3o, explica uma das participantes: \u00ab<strong>O nosso desafio <\/strong>n\u00e3o est\u00e1 num campo de batalha, mas nas c\u00e1tedras universit\u00e1rias e nos escrit\u00f3rios de qualquer multinacional, ou como diretor de uma empresa, \u00e9 a\u00ed que somos chamados a construir um mundo mais justo\u00bb. O pr\u00f3ximo encontro sobre EdC ser\u00e1 um <i>workshop <\/i>no <a href=\"http:\/\/www.pololionellobonfanti.it\/\" target=\"_blank\" rel=\"noopener\">Polo<\/a> empresarial Lionello Bonfanti (<a href=\"http:\/\/www.loppiano.it\/\" target=\"_blank\" rel=\"noopener\">Loppiano <\/a>\u2013 It\u00e1lia) de 1 a 3 de outubro pr\u00f3ximo.  <b><img loading=\"lazy\" decoding=\"async\" class=\"wp-image-110798 alignright\" style=\"margin-left: 10px\" alt=\"20140910-02\" src=\"https:\/\/www.focolare.org\/wp-content\/uploads\/2014\/09\/20140910-02.jpg\" width=\"307\" height=\"230\" \/>\u201cRe-generar Institui\u00e7\u00f5es, Bens Comuns, Trabalho\u201d<\/b> foi o t\u00edtulo da V <i>Summer School<\/i> de Economia Civil (<a href=\"http:\/\/www.scuoladieconomiacivile.it\/\" target=\"_blank\" rel=\"noopener\">SEC<\/a>) que se realizou em Taranto (<a href=\"https:\/\/www.focolare.org\/pt\/focolare-worldwide\/europa\/italia\/\" target=\"_blank\" rel=\"noopener\">It\u00e1lia<\/a>), em julho passado. Participaram 45 jovens, na busca de uma economia e um trabalho na medida do homem e do ambiente, de um estilo empresarial que considere os princ\u00edpios da economia civil que prefiguram um <i>homo oeconomicus<\/i> \u2013 como explica o <strong>economista Stefano Zamagni<\/strong> \u2013 que se nutre tamb\u00e9m de relacionamentos, motiva\u00e7\u00f5es, confian\u00e7a, e que tende ao bem-comum mais que \u00e0 busca de satisfa\u00e7\u00f5es individuais. S\u00e3o conceitos para os quais a aten\u00e7\u00e3o est\u00e1 crescendo no mundo inteiro e que ressoam nas palavras pronunciadas em muitas ocasi\u00f5es pelo <strong>Papa Francisco<\/strong> sobre a tirania do dinheiro como causa da crise econ\u00f4mica, caracterizada pela rejei\u00e7\u00e3o da \u00e9tica e da solidariedade, da nega\u00e7\u00e3o do primado do homem.  <strong>Na conclus\u00e3o da experi\u00eancia<\/strong> os jovens declararam-se mais do que convencidos que fazer empresa, atrav\u00e9s da Economia Civil, \u00e9 uma estrada corajosa para contribuir para aliviar tamb\u00e9m a dif\u00edcil situa\u00e7\u00e3o econ\u00f4mica do sul do pa\u00eds.  <strong>O pr\u00f3ximo encontro<\/strong> para os interessados em Economia Civil ser\u00e1 em Siracusa (It\u00e1lia) de 11 a 14 de setembro, com o laborat\u00f3rio \u201c<em>A empresa civil: natureza, motiva\u00e7\u00f5es e perspectivas de desenvolvimento de um novo estado social\u201d.<\/em><\/p>\n","protected":false},"excerpt":{"rendered":"<p>Oficinas de Economia de Comunh\u00e3o e Economia Civil em Arny (Fran\u00e7a) e em Taranto (It\u00e1lia). Esperan\u00e7a e comunh\u00e3o, valores civis e busca do bem-comum foram as palavras-chaves.<\/p>\n","protected":false},"author":24,"featured_media":0,"comment_status":"open","ping_status":"open","sticky":false,"template":"","format":"standard","meta":{"give_campaign_id":0,"_seopress_robots_primary_cat":"","_seopress_titles_title":"","_seopress_titles_desc":"","_seopress_robots_index":"","_et_pb_use_builder":"","_et_pb_old_content":"","_et_gb_content_width":"","footnotes":""},"categories":[129],"tags":[],"class_list":["post-332960","post","type-post","status-publish","format-standard","hentry","category-sem-categoria"],"_links":{"self":[{"href":"https:\/\/www.focolare.org\/pt-pt\/wp-json\/wp\/v2\/posts\/332960","targetHints":{"allow":["GET"]}}],"collection":[{"href":"https:\/\/www.focolare.org\/pt-pt\/wp-json\/wp\/v2\/posts"}],"about":[{"href":"https:\/\/www.focolare.org\/pt-pt\/wp-json\/wp\/v2\/types\/post"}],"author":[{"embeddable":true,"href":"https:\/\/www.focolare.org\/pt-pt\/wp-json\/wp\/v2\/users\/24"}],"replies":[{"embeddable":true,"href":"https:\/\/www.focolare.org\/pt-pt\/wp-json\/wp\/v2\/comments?post=332960"}],"version-history":[{"count":0,"href":"https:\/\/www.focolare.org\/pt-pt\/wp-json\/wp\/v2\/posts\/332960\/revisions"}],"wp:attachment":[{"href":"https:\/\/www.focolare.org\/pt-pt\/wp-json\/wp\/v2\/media?parent=332960"}],"wp:term":[{"taxonomy":"category","embeddable":true,"href":"https:\/\/www.focolare.org\/pt-pt\/wp-json\/wp\/v2\/categories?post=332960"},{"taxonomy":"post_tag","embeddable":true,"href":"https:\/\/www.focolare.org\/pt-pt\/wp-json\/wp\/v2\/tags?post=332960"}],"curies":[{"name":"wp","href":"https:\/\/api.w.org\/{rel}","templated":true}]}}