{"id":332966,"date":"2014-09-12T10:49:56","date_gmt":"2014-09-12T08:49:56","guid":{"rendered":"https:\/\/www.focolare.org\/assembleia-geral-maria-voce-presidente-do-movimento-dos-focolares\/"},"modified":"2024-05-16T15:22:01","modified_gmt":"2024-05-16T13:22:01","slug":"assembleia-geral-maria-voce-presidente-do-movimento-dos-focolares","status":"publish","type":"post","link":"https:\/\/www.focolare.org\/pt-pt\/assembleia-geral-maria-voce-presidente-do-movimento-dos-focolares\/","title":{"rendered":"Assembleia Geral: Maria Voce presidente do Movimento dos Focolares"},"content":{"rendered":"<p><img loading=\"lazy\" decoding=\"async\" class=\"size-large wp-image-110972 alignright\" alt=\"20140912MariaVoce\" src=\"https:\/\/www.focolare.org\/wp-content\/uploads\/2013\/05\/20140912MariaVoce-210x140.jpg\" width=\"210\" height=\"140\" \/><strong>\u201cAceito<\/strong>\u201d era a palavra que a Assembleia esperava de <a href=\"https:\/\/www.focolare.org\/pt\/news\/2014\/09\/15\/maria-voce\/\">Maria Voce,<\/a> logo que foi confirmada pelos participantes como Presidente do Movimento dos Focolares pelos pr\u00f3ximos seis anos.  Em brev\u00edssimo tempo chegou a confirma\u00e7\u00e3o da Santa S\u00e9 \u2013 como \u00e9 previsto pelos Estatutos dos Focolares -. \u201cNo in\u00edcio deste segundo mandato, auspiciamos \u00e0 Dra. Maria Voce uma particular assist\u00eancia do Esp\u00edrito Santo e confiamos o seu servi\u00e7o \u00e0 intercess\u00e3o materna de Maria Sant\u00edssima, no dia em que celebra-se a festa de seu Santo Nome\u201d, escreveu o cardeal Rylko, presidente do Conselho Pontif\u00edcio para os Leigos.  Ao anunciar a sua ades\u00e3o, tamb\u00e9m Maria Voce salientou a feliz coincid\u00eancia com essa festa: \u201cMaria devia colocar o seu selo neste momento. Tenho certeza que continuar\u00e1 a faz\u00ea-lo\u201d.  E acrescentou: \u201cNo mundo inteiro a Obra est\u00e1 crescendo na ora\u00e7\u00e3o e no amor, e isso j\u00e1 \u00e9 um grande fruto do trabalho que estamos fazendo juntos, obrigada a todos\u201d.<\/p>\n","protected":false},"excerpt":{"rendered":"<p>Maria Voce (Emmaus) foi eleita para o segundo mandato consecutivo como Presidente da Movimento dos Focolares. Uma escolha fruto da comunh\u00e3o vivida nestes dias entre os 500 participantes, do mundo inteiro.<\/p>\n","protected":false},"author":34,"featured_media":0,"comment_status":"open","ping_status":"open","sticky":false,"template":"","format":"standard","meta":{"give_campaign_id":0,"_seopress_robots_primary_cat":"","_seopress_titles_title":"","_seopress_titles_desc":"","_seopress_robots_index":"","_et_pb_use_builder":"","_et_pb_old_content":"","_et_gb_content_width":"","footnotes":""},"categories":[129],"tags":[],"class_list":["post-332966","post","type-post","status-publish","format-standard","hentry","category-sem-categoria"],"_links":{"self":[{"href":"https:\/\/www.focolare.org\/pt-pt\/wp-json\/wp\/v2\/posts\/332966","targetHints":{"allow":["GET"]}}],"collection":[{"href":"https:\/\/www.focolare.org\/pt-pt\/wp-json\/wp\/v2\/posts"}],"about":[{"href":"https:\/\/www.focolare.org\/pt-pt\/wp-json\/wp\/v2\/types\/post"}],"author":[{"embeddable":true,"href":"https:\/\/www.focolare.org\/pt-pt\/wp-json\/wp\/v2\/users\/34"}],"replies":[{"embeddable":true,"href":"https:\/\/www.focolare.org\/pt-pt\/wp-json\/wp\/v2\/comments?post=332966"}],"version-history":[{"count":0,"href":"https:\/\/www.focolare.org\/pt-pt\/wp-json\/wp\/v2\/posts\/332966\/revisions"}],"wp:attachment":[{"href":"https:\/\/www.focolare.org\/pt-pt\/wp-json\/wp\/v2\/media?parent=332966"}],"wp:term":[{"taxonomy":"category","embeddable":true,"href":"https:\/\/www.focolare.org\/pt-pt\/wp-json\/wp\/v2\/categories?post=332966"},{"taxonomy":"post_tag","embeddable":true,"href":"https:\/\/www.focolare.org\/pt-pt\/wp-json\/wp\/v2\/tags?post=332966"}],"curies":[{"name":"wp","href":"https:\/\/api.w.org\/{rel}","templated":true}]}}