{"id":332996,"date":"2014-09-26T10:23:17","date_gmt":"2014-09-26T08:23:17","guid":{"rendered":"https:\/\/www.focolare.org\/contemplar-sair-fazer-escola-as-3-palavras-de-francisco-aos-focolares\/"},"modified":"2024-05-16T15:22:09","modified_gmt":"2024-05-16T13:22:09","slug":"contemplar-sair-fazer-escola-as-3-palavras-de-francisco-aos-focolares","status":"publish","type":"post","link":"https:\/\/www.focolare.org\/pt-pt\/contemplar-sair-fazer-escola-as-3-palavras-de-francisco-aos-focolares\/","title":{"rendered":"Contemplar, sair, fazer escola: as 3 palavras de Francisco aos Focolares"},"content":{"rendered":"<p><span style=\"text-decoration: underline\"><a href=\"http:\/\/media01.radiovaticana.va\/audio\/ra\/00445915.RM\"><img decoding=\"async\" alt=\"RealAudio\" src=\"http:\/\/pt.radiovaticana.va\/global_images\/ra_icon.gif\" border=\"0\" \/><\/a><a href=\"http:\/\/media01.radiovaticana.va\/audiomp3\/00445915.MP3\"><img decoding=\"async\" alt=\"MP3\" src=\"http:\/\/pt.radiovaticana.va\/global_images\/mp3_icon.gif\" border=\"0\" \/><\/a> <\/span>  <strong>Alegria, emo\u00e7\u00e3o, surpresa e tamb\u00e9m curiosidade<\/strong>. Muitos e diferentes os sentimentos e as expectativas dos 500 participantes da <a href=\"https:\/\/www.focolare.org\/pt\/news\/category\/assemblea-generale-2014\/\">assembleia geral<\/a> dos Focolares em audi\u00eancia com Papa Francisco. <strong>O grupo<\/strong> \u00e9 composto por pessoas provenientes de 137 pa\u00edses, s\u00e3o cat\u00f3licos, crist\u00e3os de outras igrejas, tamb\u00e9m algu\u00e9m sem um referencial religioso.  <a href=\"http:\/\/w2.vatican.va\/content\/francesco\/it\/apost_exhortations\/documents\/papa-francesco_esortazione-ap_20131124_evangelii-gaudium.html\" target=\"_blank\" rel=\"noopener\"><img loading=\"lazy\" decoding=\"async\" class=\"alignleft  wp-image-111749\" style=\"margin-right: 10px\" alt=\"1_0_827615\" src=\"https:\/\/www.focolare.org\/wp-content\/uploads\/2014\/09\/1_0_827615.jpg\" width=\"250\" height=\"167\" \/><\/a>Assim falou a Presidente <a href=\"https:\/\/www.focolare.org\/pt\/news\/2014\/09\/15\/maria-voce\/\">Maria Voce<\/a> apresentando a Assembleia reunida na Sala Clementina, no Vaticano, para o Papa: \u201cAs pessoas que est\u00e3o aqui presentes, de v\u00e1rias idades, culturas, voca\u00e7\u00f5es, leigos e consagrados, virgens e casados, viveram uma experi\u00eancia apaixonante de comunh\u00e3o na qual, devido a um constante e sempre renovado amor rec\u00edproco, percorreram um caminho de discernimento comunit\u00e1rio, escutando o Esp\u00edrito Santo, individualizando as linhas a serem seguidas para poder dar uma resposta \u00e0s dores e \u00e0s esperan\u00e7as da humanidade de hoje com o nosso espec\u00edfico carisma de unidade\u201d.  Significativa a sua refer\u00eancia \u00e0 <a href=\"http:\/\/w2.vatican.va\/content\/francesco\/it\/apost_exhortations\/documents\/papa-francesco_esortazione-ap_20131124_evangelii-gaudium.html\" target=\"_blank\" rel=\"noopener\">Evangelii Gaudium<\/a>: \u201cFoi quase uma escola-laborat\u00f3rio para exercitar-nos a partilhar, a pensar e trabalhar com Jesus entre n\u00f3s, redescobrindo-nos um povo que nasceu do Evangelho e por isso chamado a viver e testemunhar o nosso carisma e a do\u00e1-lo a todos. A sua exorta\u00e7\u00e3o apost\u00f3lica foi, sem d\u00favida, um dos far\u00f3is que iluminou os nossos trabalhos\u201d.  Outra nota significativa que testemunha o car\u00e1ter \u201cecum\u00eanico\u201d da assembleia dos Focolares:\u00a0 \u201cSentimo-nos particularmente solicitados a pesquisar com confian\u00e7a, novas poss\u00edveis vias para um Movimento de irm\u00e3os e irm\u00e3s de v\u00e1rias Igrejas \u00e0s quais pertencem.\u201d  E papa Francisco, encorajando a viver plenamente o carisma da unidade, assim se exprimiu.  <strong><img loading=\"lazy\" decoding=\"async\" class=\"alignright\" style=\"margin-left: 10px;margin-right: 10px;border: 0px none\" alt=\"Udienza20142609_2\" src=\"https:\/\/www.focolare.org\/wp-content\/uploads\/2014\/09\/Udienza20142609_2.jpg\" width=\"269\" height=\"170\" \/><\/strong>  <strong>\u201cContemplar\u201d, \u201csair\u201d, \u201cfazer escola<\/strong>\u201d \u2013 os tr\u00eas pontos fundamentais indicados pelo Papa Francisco ao <a href=\"https:\/\/www.focolare.org\/pt\/movimento-dei-focolari\/\" target=\"_blank\" rel=\"noopener\">Movimento dos Focolares<\/a>, (..) O Papa recordou que o n\u00facleo da mensagem e vida dos Focolares mant\u00e9m hoje em dia toda a sua actualidade.  <b><i> A cinquenta anos do Conc\u00edlio Vaticano II<\/i><\/b><i>, a Igreja est\u00e1 chamada a percorrer uma nova etapa da evangeliza\u00e7\u00e3o, testemunhando o amor de Deus por cada pessoa, a come\u00e7ar pelos mais pobres e exclu\u00eddos, e para fazer crescer \u2013 com a esperan\u00e7a, a fraternidade e a alegria \u2013 o caminho da humanidade em direc\u00e7\u00e3o \u00e0 unidade<\/i><b><i>.<\/i><\/b>  <strong>O Papa evocou<\/strong> \u201co carisma da unidade que o Pai quer dar \u00e0 Igreja e ao mundo\u201d como uma caracter\u00edstica central da Obra de Maria \u2013 conhecida como Movimento dos Focolares \u2013 tendo palavras de \u201cafeto e reconhecimento\u201d em rela\u00e7\u00e3o \u00e0 fundadora, <a href=\"https:\/\/www.focolare.org\/pt\/chiara-lubich\/\">Chiara Lubich,<\/a> \u201cextraordin\u00e1ria testemunha deste dom\u201d \u2013 disse. Convidando os \u201cFocolares\u201d a colaborar no esfor\u00e7o que hoje se pede \u00e0 Igreja \u2013 de oferecer \u201ccom responsabilidade e criatividade\u201d o pr\u00f3prio contributo para a evangeliza\u00e7\u00e3o, Papa Francisco apontou nesse sentido tr\u00eas palavras chave: contemplar, sair, fazer escola.  <b><i>Antes de mais, contemplar. <\/i><\/b><i>Precisamos\u2026 de contemplar Deus e as maravilhas do seu amor, de permanecer n\u2019Ele\u2026 <\/i> <i>Contemplar significa tamb\u00e9m viver na companhia dos irm\u00e3os e irm\u00e3s, partilhar com eles o P\u00e3o da comunh\u00e3o e da fraternidade\u2026<\/i>  O Santo Padre encorajou os membros do Movimento dos Focolares a permanecerem fi\u00e9is a este ideal de contempla\u00e7\u00e3o, na procura da uni\u00e3o com Deus e no amor m\u00fatuo com os irm\u00e3os e as irm\u00e3s, alimentando-se das riquezas da Palavra de Deus e da Tradi\u00e7\u00e3o da Igreja.  <b><i>A segunda palavra, muito importante porque exprime o movimento da evangeliza\u00e7\u00e3o, \u00e9 sair. <\/i><\/b> \u201cSair\u201d como Jesus saiu do seio do Pai para anunciar a palavra do amor a todos, at\u00e9 doar-se por inteiro no madeiro da cruz. H\u00e1 que aprender de Jesus \u201cesta din\u00e2mica do \u00eaxodo e do dom, do sair de si, do caminhar e semear sempre de novo\u201d\u2026 Para tal, \u00e9 preciso tornar-se perito na \u201carte\u201d do \u201cdi\u00e1logo\u201d, que n\u00e3o \u00e9 f\u00e1cil de aprender\u2026 Com a ajuda de Deus, \u00e9 preciso enfrentar as afrontas e dificuldades, como diz a Carta aos Hebreus.  <b><i>\u00c9 preciso sair com coragem <\/i><\/b><b>ao encontro d\u2019Ele fora do acampamento, levando a sua desonra<\/b><b><i>. <\/i><\/b><i>O Senhor nos espera, na prova\u00e7\u00f5es e nos gemidos dos nossos irm\u00e3os, nas chagas da sociedade e nas interroga\u00e7\u00f5es da cultura do nosso tempo.<\/i>  Finalmente, \u201cfazer escola\u201d. E aqui Papa Francisco recordou o convite que Jo\u00e3o Paulo II dirigiu a toda a Igreja, no in\u00edcio do novo mil\u00e9nio, a tornar-se \u201ccasa e escola de comunh\u00e3o\u201d\u2026  <b><i>V\u00f3s tomastes a s\u00e9rio esta indica\u00e7\u00e3o. <\/i><\/b><i>H\u00e1 que formar, como exige o Evangelho, homens e mulheres novos. Para tal, ocorre uma escola de humanidade \u00e0 medida da humanidade de Jesus. \u00c9 Ele, de facto, o Homem novo\u2026<\/i>  Chiara Lubich gostava de usar uma express\u00e3o que mant\u00e9m hoje grande actualidade. Ela dizia que eram precisos \u201chomens-mundo\u201d\u2026  <b><i>Homens e mulheres com a alma, o cora\u00e7\u00e3o, a mente de Jesus \u2013 <\/i><\/b><i>e portanto capazes de reconhecer e de interpretar as necessidades, preocupa\u00e7\u00f5es e esperan\u00e7as que habitam o cora\u00e7\u00e3o de cada um.<\/i><\/p>\n","protected":false},"excerpt":{"rendered":"<p>26 de setembro, os 500 participantes da Assembleia geral dos focolares foram recebidos em audi\u00eancia por Papa Francisco, com Maria Voce e Jes\u00fas Mor\u00e1n. O texto do Papa.<\/p>\n","protected":false},"author":34,"featured_media":0,"comment_status":"open","ping_status":"open","sticky":false,"template":"","format":"standard","meta":{"give_campaign_id":0,"_seopress_robots_primary_cat":"","_seopress_titles_title":"","_seopress_titles_desc":"","_seopress_robots_index":"","_et_pb_use_builder":"","_et_pb_old_content":"","_et_gb_content_width":"","footnotes":""},"categories":[129],"tags":[],"class_list":["post-332996","post","type-post","status-publish","format-standard","hentry","category-sem-categoria"],"_links":{"self":[{"href":"https:\/\/www.focolare.org\/pt-pt\/wp-json\/wp\/v2\/posts\/332996","targetHints":{"allow":["GET"]}}],"collection":[{"href":"https:\/\/www.focolare.org\/pt-pt\/wp-json\/wp\/v2\/posts"}],"about":[{"href":"https:\/\/www.focolare.org\/pt-pt\/wp-json\/wp\/v2\/types\/post"}],"author":[{"embeddable":true,"href":"https:\/\/www.focolare.org\/pt-pt\/wp-json\/wp\/v2\/users\/34"}],"replies":[{"embeddable":true,"href":"https:\/\/www.focolare.org\/pt-pt\/wp-json\/wp\/v2\/comments?post=332996"}],"version-history":[{"count":0,"href":"https:\/\/www.focolare.org\/pt-pt\/wp-json\/wp\/v2\/posts\/332996\/revisions"}],"wp:attachment":[{"href":"https:\/\/www.focolare.org\/pt-pt\/wp-json\/wp\/v2\/media?parent=332996"}],"wp:term":[{"taxonomy":"category","embeddable":true,"href":"https:\/\/www.focolare.org\/pt-pt\/wp-json\/wp\/v2\/categories?post=332996"},{"taxonomy":"post_tag","embeddable":true,"href":"https:\/\/www.focolare.org\/pt-pt\/wp-json\/wp\/v2\/tags?post=332996"}],"curies":[{"name":"wp","href":"https:\/\/api.w.org\/{rel}","templated":true}]}}