{"id":333022,"date":"2014-10-08T03:03:11","date_gmt":"2014-10-08T01:03:11","guid":{"rendered":"https:\/\/www.focolare.org\/maria-voce-uma-rede-de-familias-capazes-de-dividir-os-pesos\/"},"modified":"2024-05-16T15:22:14","modified_gmt":"2024-05-16T13:22:14","slug":"maria-voce-uma-rede-de-familias-capazes-de-dividir-os-pesos","status":"publish","type":"post","link":"https:\/\/www.focolare.org\/pt-pt\/maria-voce-uma-rede-de-familias-capazes-de-dividir-os-pesos\/","title":{"rendered":"Maria Voce: uma rede de fam\u00edlias capazes de dividir os pesos"},"content":{"rendered":"<p><strong><img loading=\"lazy\" decoding=\"async\" class=\" wp-image-112294 alignright\" style=\"margin-left: 10px\" alt=\"MariaVoce_2014\" src=\"https:\/\/www.focolare.org\/wp-content\/uploads\/2014\/10\/MariaVoce_2014.jpg\" width=\"251\" height=\"142\" \/>A situa\u00e7\u00e3o da fam\u00edlia no mundo. <\/strong><strong>Em meio a tantos problemas, quais s\u00e3o os sinais de esperan\u00e7a?<\/strong> O primeiro motivo de esperan\u00e7a \u00e9 o pr\u00f3prio S\u00ednodo. Foi o Papa Francisco que o quis, \u00e9 um sinal de que a fam\u00edlia \u00e9 uma prioridade tamb\u00e9m para ele. Cresceu a confian\u00e7a das pessoas na Igreja como institui\u00e7\u00e3o, reconhecendo-a como um apoio no qual a fam\u00edlia pode se ancorar. Outro sinal de esperan\u00e7a \u00e9 o enorme potencial de tantas fam\u00edlias que vivem a fidelidade conjugal, a abertura \u00e0 vida, que cuidam dos problemas de outras fam\u00edlias marcadas pela separa\u00e7\u00e3o. S\u00e3o fam\u00edlias, por assim dizer, \u201crecursos\u201d, capazes de compartilhar os pesos e de acompanhar os outros para que n\u00e3o se sintam exclu\u00eddos da Igreja, ou pior, do amor de Deus.  <strong>Destaca-se a necessidade de dirigir-se \u00e0s dificuldades das fam\u00edlias com um olhar de miseric\u00f3rdia renovado. <\/strong><strong>Esta ser\u00e1 a postura prevalente no S\u00ednodo?<\/strong> Parece-me ilus\u00f3rio esperar solu\u00e7\u00f5es extraordin\u00e1rias e universais. Esperamos, ao inv\u00e9s, ver emergir aquele potencial da fam\u00edlia do qual falei antes, e n\u00e3o s\u00f3 os pontos cr\u00edticos. De qualquer modo, n\u00e3o se pode reduzir o problema a quest\u00f5es sacramentais. Os sacramentos s\u00e3o sinais eficazes da gra\u00e7a. Podem existir tamb\u00e9m outros. Uma senhora, muito crist\u00e3, casada no civil com um divorciado, escreveu-me que mesmo com o desconforto da sua condi\u00e7\u00e3o nunca se sentiu exclu\u00edda da Igreja. No momento da distribui\u00e7\u00e3o da Eucaristia ela entra na fila, e a b\u00ean\u00e7\u00e3o que recebe do sacerdote refor\u00e7a nela a presen\u00e7a de Jesus. \u201cEstou percorrendo um caminho\u201d, disse. Um caminho de f\u00e9, al\u00e9m dos sacramentos, que pode lev\u00e1-la \u00e0 santidade.  <strong>Um dos pontos sobre o qual as Igrejas locais insistem \u00e9 a dificuldade de compreender a mensagem da Igreja sobre o matrim\u00f4nio e a fam\u00edlia. <\/strong><strong>Conte\u00fado a ser revisado ou linguagem a ser readaptada?<\/strong> Sobre o conte\u00fado dos documentos do magist\u00e9rio, podem haver obje\u00e7\u00f5es por parte de quem gostaria de adaptar na pr\u00f3pria medida o des\u00edgnio de Deus sobre homem e mulher. Sobre a linguagem haveria sugest\u00f5es, principalmente para os documentos que implicam quest\u00f5es morais. Precisam de mais clareza, simplicidade e s\u00edntese. As fam\u00edlias geralmente t\u00eam dias cheios, com mil incumb\u00eancias e muito stress, e n\u00e3o t\u00eam tempo para ler. Os documentos do magist\u00e9rio deveriam ser leves, capazes de compreender as dificuldades de quem, mesmo dando tudo de si, sente-se vulner\u00e1vel.  <strong>No confronto com os casais jovens, a Igreja se encontra diante de um problema de re-evangeliza\u00e7\u00e3o que \u00e9, ao mesmo tempo, um problema educativo. Em que espa\u00e7o \u00e9 poss\u00edvel agir?<\/strong> Na recente audi\u00eancia concedida ao Movimento dos Focolares, o Papa Francisco recordou, entre outras coisas, o dever de \u201cfazer escola\u201d e de distribuir os dons recebidos para todos. Tratamos essa sugest\u00e3o com muito carinho. O Movimento j\u00e1 promove \u2013 e estamos empenhados a torn\u00e1-la sempre mais adequada \u2013 uma forma\u00e7\u00e3o permanente, voltada das crian\u00e7as aos trabalhadores, dos namorados aos idosos, dos jovens a pessoas separadas, e assim por diante. Mas \u00e9 preciso reconhecer que no campo da fam\u00edlia, e das jovens fam\u00edlias, os meios de comunica\u00e7\u00e3o contam muito, de um modo positivo, mas mais ainda num sentido negativo. Assiste-se a espet\u00e1culos que insinuam estilos de vida transgressivos e prop\u00f5em modelos de homens e mulheres esvaziados de valores de refer\u00eancia. Eu, por\u00e9m, tenho certeza de que h\u00e1 espa\u00e7os onde \u00e9 poss\u00edvel agir.  <strong>Individualismo e crise econ\u00f4mica. Quais s\u00e3o as iniciativas do Movimento dos Focolares para contrastar esta mentalidade?<\/strong> \u00c9 importante <a href=\"https:\/\/www.focolare.org\/pt\/movimento-dei-focolari\/un-popolo\/famiglie-nuove\/\" target=\"_blank\" rel=\"noopener\">uma rede de fam\u00edlias<\/a> capazes de estarem pr\u00f3ximas das que est\u00e3o em dificuldade, com um acompanhamento discreto, que d\u00ea suporte \u00e0 reconcilia\u00e7\u00e3o. Para casais que atravessam graves dificuldades conjugais, criamos oportunidades de per\u00edodos vividos nas <a href=\"https:\/\/www.focolare.org\/pt\/all-opera\/cittadelle\/\" target=\"_blank\" rel=\"noopener\">Mari\u00e1polis permanentes<\/a> do Movimento (como a de Loppiano, na It\u00e1lia). Com t\u00e9cnicas de relacionamento confiadas a especialistas, mas principalmente em contato com a espiritualidade da unidade, conseguem reencontrar-se a si mesmos com a esperan\u00e7a de um futuro juntos. Estabelecemos relacionamentos e iniciamos uma trajet\u00f3ria com quem se separou, ou foi deixado, para abra\u00e7ar sua solid\u00e3o e refor\u00e7ar seu empenho de fidelidade ao sacramento. H\u00e1 iniciativas para casais de segunda uni\u00e3o, compartilhando a experi\u00eancia educativa dos filhos, no desejo de que experimentem a acolhida da Igreja e, antes ainda, do amor de Deus. Ultimamente, intensificamos a atua\u00e7\u00e3o na \u00f3tica da preven\u00e7\u00e3o, seja com mais \u201ctrabalho\u201d com as jovens fam\u00edlias, seja devolvendo aos jovens o encanto do \u201cpara sempre\u201d.  <span style=\"font-size: 14px;line-height: 1.5em\">Fonte: <a href=\"http:\/\/www.avvenire.it\/Cronaca\/Pagine\/Maria-Voce-in-rete-per-dire-no-a-individualismo.aspx\" target=\"_blank\" rel=\"noopener\">Avvenire online<\/a>\u00a0<\/span>  \u00a0<\/p>\n","protected":false},"excerpt":{"rendered":"<p>A fam\u00edlia pode ser um &#8220;recurso&#8221; para vencer a vasta crise que amea\u00e7a os valores da sociedade p\u00f3s-moderna. Entrevista concedida por Maria Voce ao jornal italiano \u201cAvvenire\u201d, enquanto o S\u00ednodo sobre a fam\u00edlia d\u00e1 os primeiros passos.<\/p>\n","protected":false},"author":34,"featured_media":0,"comment_status":"open","ping_status":"open","sticky":false,"template":"","format":"standard","meta":{"give_campaign_id":0,"_seopress_robots_primary_cat":"","_seopress_titles_title":"","_seopress_titles_desc":"","_seopress_robots_index":"","_et_pb_use_builder":"","_et_pb_old_content":"","_et_gb_content_width":"","footnotes":""},"categories":[129],"tags":[],"class_list":["post-333022","post","type-post","status-publish","format-standard","hentry","category-sem-categoria"],"_links":{"self":[{"href":"https:\/\/www.focolare.org\/pt-pt\/wp-json\/wp\/v2\/posts\/333022","targetHints":{"allow":["GET"]}}],"collection":[{"href":"https:\/\/www.focolare.org\/pt-pt\/wp-json\/wp\/v2\/posts"}],"about":[{"href":"https:\/\/www.focolare.org\/pt-pt\/wp-json\/wp\/v2\/types\/post"}],"author":[{"embeddable":true,"href":"https:\/\/www.focolare.org\/pt-pt\/wp-json\/wp\/v2\/users\/34"}],"replies":[{"embeddable":true,"href":"https:\/\/www.focolare.org\/pt-pt\/wp-json\/wp\/v2\/comments?post=333022"}],"version-history":[{"count":0,"href":"https:\/\/www.focolare.org\/pt-pt\/wp-json\/wp\/v2\/posts\/333022\/revisions"}],"wp:attachment":[{"href":"https:\/\/www.focolare.org\/pt-pt\/wp-json\/wp\/v2\/media?parent=333022"}],"wp:term":[{"taxonomy":"category","embeddable":true,"href":"https:\/\/www.focolare.org\/pt-pt\/wp-json\/wp\/v2\/categories?post=333022"},{"taxonomy":"post_tag","embeddable":true,"href":"https:\/\/www.focolare.org\/pt-pt\/wp-json\/wp\/v2\/tags?post=333022"}],"curies":[{"name":"wp","href":"https:\/\/api.w.org\/{rel}","templated":true}]}}