{"id":333058,"date":"2014-10-26T04:00:03","date_gmt":"2014-10-26T03:00:03","guid":{"rendered":"https:\/\/www.focolare.org\/edc-o-trabalho-como-vocacao\/"},"modified":"2024-05-16T15:22:22","modified_gmt":"2024-05-16T13:22:22","slug":"edc-o-trabalho-como-vocacao","status":"publish","type":"post","link":"https:\/\/www.focolare.org\/pt-pt\/edc-o-trabalho-como-vocacao\/","title":{"rendered":"EdC: o trabalho como voca\u00e7\u00e3o"},"content":{"rendered":"<p><div id=\"attachment_113078\" style=\"width: 368px\" class=\"wp-caption alignleft\"><a href=\"https:\/\/www.focolare.org\/wp-content\/uploads\/2014\/10\/EdC-011.jpg\"><img loading=\"lazy\" decoding=\"async\" aria-describedby=\"caption-attachment-113078\" class=\" wp-image-113078  \" style=\"margin-right: 10px\" src=\"https:\/\/www.focolare.org\/wp-content\/uploads\/2014\/10\/EdC-011.jpg\" alt=\"EdC-01\" width=\"358\" height=\"268\" \/><\/a><p id=\"caption-attachment-113078\" class=\"wp-caption-text\">A protagonista no workshop da EdC em Loppiano<\/p><\/div>  <strong>\u00abAno passado eu tive o prazer de participar de um workshop da Economia de Comunh\u00e3o<\/strong>, em <a href=\"http:\/\/www.loppiano.it\/\" target=\"_blank\" rel=\"noopener\">Loppiano<\/a>. Foi a ocasi\u00e3o para abrir os olhos. At\u00e9 aquele momento estava projetada em entender \u201co que fa\u00e7o\u201d, sem colocar a quest\u00e3o \u201cquem sou\u201d. Entendi que o trabalho \u00e9 uma voca\u00e7\u00e3o, e que eu devia encontrar a minha voca\u00e7\u00e3o, o que me teria feito feliz.  Estava para concluir o curso de <strong>engenharia biom\u00e9dica<\/strong>. Em outubro de 2013 recebi o diploma da Escola Polit\u00e9cnica de Turim, depois de ter apresentado uma tese na Polit\u00e9cnica de Lausanne, na Su\u00ed\u00e7a. Foram cinco anos passados dentro da faculdade, oito horas de aula por dia. Estudava de noite e passava dias inteiros sem estabelecer verdadeiras amizades com os colegas. Em ambientes de certa fama o individualismo \u00e9 muito forte, o medo de ser suplantados, e tamb\u00e9m os professores transmitem o \u201canseio da primazia\u201d.  Depois de tantos sacrif\u00edcios eu iria concluir em tempo e com a nota m\u00e1xima. Havia uma boa probabilidade de conseguir o doutorado na Su\u00ed\u00e7a com um sal\u00e1rio alto, casa no lago e \u00f3timos amigos que esperavam por mim. Era um momento fundamental da minha vida, onde podia tomar grandes decis\u00f5es.  <strong>Mas havia algo que me dava medo<\/strong>: o apego \u00e0 carreira e ao dinheiro. Desejava ter os instrumentos para poder come\u00e7ar a trabalhar de modo, eu diria, \u201ccontracorrente\u201d. Em tempo de crise muitos jovens como eu t\u00eam dificuldades para encontrar trabalho, e eu n\u00e3o queria me fechar na carreira sem olhar para ningu\u00e9m. Foi assim que cheguei ao workshop da <a href=\"http:\/\/www.edc-online.org\/\" target=\"_blank\" rel=\"noopener\">EdC<\/a>: com muitas perguntas. N\u00e3o encontrei todas as respostas, mas um clima de abertura onde empres\u00e1rios, professores e jovens estavam todos juntos, como iguais, olhando para a It\u00e1lia de hoje com os seus desafios.  <strong>Entendi que ter tanto dinheiro teria sido o primeiro obst\u00e1culo para a felicidade<\/strong>, que para mim consiste em outra coisa. Tive a confirma\u00e7\u00e3o disso quando fui \u00e0s Filipinas, antes de iniciar o doutorado (eu j\u00e1 estava no avi\u00e3o quando soube que havia sido aprovada!). Tratava-se de uma viagem social, que eu j\u00e1 tinha programado, e na qual conheci uma cultura bem diferente da minha.  <strong><img loading=\"lazy\" decoding=\"async\" class=\"alignright\" style=\"margin-left: 10px\" src=\"https:\/\/www.focolare.org\/wp-content\/uploads\/2014\/09\/20140903-01.jpg\" alt=\"\" width=\"301\" height=\"193\" \/>L\u00e1 eu me encontrei com o tuf\u00e3o mais forte do mundo, o <a href=\"https:\/\/www.focolare.org\/pt\/?s=+tifone+Yolanda&amp;x=0&amp;y=0\" target=\"_blank\" rel=\"noopener\">Haiyan<\/a><\/strong>, em novembro de 2013. O povo filipino, embora muitas vezes molestado por trag\u00e9dias semelhantes, tinha aquela dignidade que fazia com que eu tamb\u00e9m sentisse que&#8230; tinha tudo para ser feliz! Entendi a diferen\u00e7a entre \u201cpobreza\u201d e \u201cmis\u00e9ria\u201d. A pobreza era aquela que eu via nas <a href=\"https:\/\/www.focolare.org\/pt\/focolare-worldwide\/asia\/filippine\/\" target=\"_blank\" rel=\"noopener\">Filipinas<\/a>, a mis\u00e9ria \u00e9 uma pobreza sem confian\u00e7a, sem esperan\u00e7a, que havia visto nos rostos de muitos amigos italianos depois dessa crise. Aqui na Europa entram em jogo a depress\u00e3o e os psic\u00f3logos&#8230; \u00c9 verdade, a crise existe. Mas temos um teto sobre a cabe\u00e7a, e comida todos os dias tamb\u00e9m. A dignidade que descobri nas Filipinas \u00e9 uma li\u00e7\u00e3o que servir\u00e1 para a minha carreira profissional.  <strong>Por isso renunciei \u00e0 carreira na Su\u00ed\u00e7a e agora trabalho em Loppiano<\/strong>, numa empresa da Economia de Comunh\u00e3o, que quer formar os jovens n\u00e3o apenas no sentido relacional-social, mas tamb\u00e9m por meio do trabalho. Aqui n\u00e3o exer\u00e7o a profiss\u00e3o de engenheira, mas fa\u00e7o um trabalho manual, onde n\u00e3o existem m\u00e1quinas autom\u00e1ticas. Trabalho com a argila nas m\u00e3os. E sinto que para ser uma \u00f3tima engenheira, depois de anos vividos com os livros, \u00e9 \u00fatil colocar-se do lado dos oper\u00e1rios. Talvez para algu\u00e9m pare\u00e7a que estou perdendo tempo, mas gostaria de ser aquela engenheira que, quando olha para os oper\u00e1rios, sabe que est\u00e1 vendo pessoas com uma dignidade, e as coloca no centro do pr\u00f3prio trabalho\u00bb. \u00a0(Maria Antonietta Casulli, 25 anos, It\u00e1lia)<\/p>\n","protected":false},"excerpt":{"rendered":"<p>Uma jovem italiana renuncia e a uma promissora carreira como engenheira para aprender a colocar em primeiro lugar a pessoa e a sua dignidade. Testemunho narrado durante o evento LoppianoLab 2014.<\/p>\n","protected":false},"author":27,"featured_media":0,"comment_status":"open","ping_status":"open","sticky":false,"template":"","format":"standard","meta":{"give_campaign_id":0,"_seopress_robots_primary_cat":"","_seopress_titles_title":"","_seopress_titles_desc":"","_seopress_robots_index":"","_et_pb_use_builder":"","_et_pb_old_content":"","_et_gb_content_width":"","footnotes":""},"categories":[129],"tags":[],"class_list":["post-333058","post","type-post","status-publish","format-standard","hentry","category-sem-categoria"],"_links":{"self":[{"href":"https:\/\/www.focolare.org\/pt-pt\/wp-json\/wp\/v2\/posts\/333058","targetHints":{"allow":["GET"]}}],"collection":[{"href":"https:\/\/www.focolare.org\/pt-pt\/wp-json\/wp\/v2\/posts"}],"about":[{"href":"https:\/\/www.focolare.org\/pt-pt\/wp-json\/wp\/v2\/types\/post"}],"author":[{"embeddable":true,"href":"https:\/\/www.focolare.org\/pt-pt\/wp-json\/wp\/v2\/users\/27"}],"replies":[{"embeddable":true,"href":"https:\/\/www.focolare.org\/pt-pt\/wp-json\/wp\/v2\/comments?post=333058"}],"version-history":[{"count":0,"href":"https:\/\/www.focolare.org\/pt-pt\/wp-json\/wp\/v2\/posts\/333058\/revisions"}],"wp:attachment":[{"href":"https:\/\/www.focolare.org\/pt-pt\/wp-json\/wp\/v2\/media?parent=333058"}],"wp:term":[{"taxonomy":"category","embeddable":true,"href":"https:\/\/www.focolare.org\/pt-pt\/wp-json\/wp\/v2\/categories?post=333058"},{"taxonomy":"post_tag","embeddable":true,"href":"https:\/\/www.focolare.org\/pt-pt\/wp-json\/wp\/v2\/tags?post=333058"}],"curies":[{"name":"wp","href":"https:\/\/api.w.org\/{rel}","templated":true}]}}