{"id":333074,"date":"2014-11-01T07:27:35","date_gmt":"2014-11-01T06:27:35","guid":{"rendered":"https:\/\/www.focolare.org\/video-mensagem-do-papa-francisco-para-o-50-aniversario-de-loppiano-2\/"},"modified":"2024-05-16T15:22:25","modified_gmt":"2024-05-16T13:22:25","slug":"video-mensagem-do-papa-francisco-para-o-50-aniversario-de-loppiano-2","status":"publish","type":"post","link":"https:\/\/www.focolare.org\/pt-pt\/video-mensagem-do-papa-francisco-para-o-50-aniversario-de-loppiano-2\/","title":{"rendered":"V\u00eddeo-mensagem do Papa Francisco para o 50\u00b0 anivers\u00e1rio de Loppiano"},"content":{"rendered":"<p><p>http:\/\/www.youtube.com\/watch?feature=player_detailpage&#038;v=L7HYXR8mrNo<\/p>\n<hr \/>\n<p>\u00abCaros irm\u00e3os e irm\u00e3s habitantes de <a href=\"http:\/\/www.loppiano.it\/\" target=\"_blank\" rel=\"noopener\">Loppiano<\/a>, boa tarde.<\/p>\n<p>Com voc\u00eas sa\u00fado tamb\u00e9m todas as pessoas que hoje enchem a cidade desejada por <a href=\"https:\/\/www.focolare.org\/pt\/chiara-lubich\/\">Chiara Lubich<\/a>, inspirada no Evangelho da fraternidade \u2013 aquela fraternidade universal \u2013 e aqueles que, de tantos \u00e2ngulos do mundo, est\u00e3o ligados e participam nesta festa pelos primeiros 50 anos da sua funda\u00e7\u00e3o.<\/p>\n<p><b>Loppiano \u00e9 uma realidade que vive ao servi\u00e7o da Igreja e do mundo<\/b>, pela qual devemos agradecer ao Senhor; uma cidade que \u00e9 um testemunho vivo e eficaz de comunh\u00e3o entre pessoas de na\u00e7\u00f5es, culturas e voca\u00e7\u00f5es diferentes, que no quotidiano procuram, antes de tudo, manter a m\u00fatua e cont\u00ednua caridade.<\/p>\n<p>Alegro-me por terem escolhido para esta vossa festa o dia em que, em toda a Igreja, se recorda <b>S\u00e3o Francisco de Assis<\/b>, testemunha e art\u00edfice de paz e de fraternidade. \u00c9 uma feliz coincid\u00eancia tamb\u00e9m para mim, realmente.<\/p>\n<p>Os habitantes de Loppiano, tanto os a\u00ed est\u00e3o estabelecidos, como os que passam um per\u00edodo de experi\u00eancia e de forma\u00e7\u00e3o, querem tornar-se <b>especialista no acolhimento rec\u00edproco e no di\u00e1logo<\/b>, operadores de paz, geradores de fraternidade.<\/p>\n<p><b>Prossigam com entusiasmo renovado por esta estrada<\/b>. Desejo-vos que saibam permanecer fieis e que possam encarnar, cada vez mais, o des\u00edgnio prof\u00e9tico desta cidadela florescida do carisma da unidade precisamente h\u00e1 50 anos. Viver esta realidade em sintonia profunda com a mensagem do Conc\u00edlio Vaticano II\u00a0que ent\u00e3o se celebrava, isto \u00e9, o des\u00edgnio de testemunhar, no amor rec\u00edproco para com todos, a luz e a sabedoria do Evangelho. Loppiano, escola de vida, portanto, onde h\u00e1 um \u00fanico mestre: Jesus.<\/p>\n<p><b>Sim, uma cidade-escola de vida para dar esperan\u00e7a ao mundo<\/b>, para testemunhar que o Evangelho \u00e9 verdadeiramente o fermento e o sal da nova civiliza\u00e7\u00e3o do amor. Mas, para isso, buscando a linfa espiritual do Evangelho, \u00e9 preciso imaginar e experimentar uma nova cultura em todos os campos da vida social: da fam\u00edlia \u00e0 pol\u00edtica, \u00e0 economia. Isto \u00e9, a cultura dos relacionamentos. O princ\u00edpio da sabedoria \u00e9 o desejo sincero de instru\u00e7\u00e3o e o cuidado da instru\u00e7\u00e3o \u00e9 amor. N\u00e3o \u00e9 por acaso que em Loppiano tenha sede, h\u00e1 alguns anos, o <a href=\"http:\/\/www.iu-sophia.org\/\" target=\"_blank\" rel=\"noopener\">Instituto Universit\u00e1rio Sophia<\/a>, institu\u00eddo pela Santa S\u00e9. H\u00e1 uma necessidade urgente de jovens, homens e mulheres que, para al\u00e9m de serem oportunamente preparados nas v\u00e1rias disciplinas, sejam ao mesmo tempo impregnados pela sabedoria que brota do amor de Deus.<\/p>\n<p>Caros amigos, desejo de cora\u00e7\u00e3o a Loppiano e a todos voc\u00eas, que olhem para frente; que olhem sempre para frente. Olhem em frente e mirem alto com confian\u00e7a, coragem e criatividade. Nada de mediocridade.<\/p>\n<p><strong>Confio-vos a Maria Theotokos<\/strong>, M\u00e3e de Deus, que vos acolhe todos no santu\u00e1rio, no cora\u00e7\u00e3o da cidade. E pe\u00e7o-vos que rezem por mim. Sa\u00fado-vos e aben\u00e7oo. At\u00e9 logo\u00bb.<\/p><\/p>\n","protected":false},"excerpt":{"rendered":"<p>&#8220;Nada de mediocridade!&#8221;. Olhar em frente e mirar alto com confian\u00e7a, coragem e criatividade \u00e9 o convite do Papa Francisco aos habitantes de Loppiano (It\u00e1lia) e a todo que &#8220;querem ser especialistas no acolhimento rec\u00edproco e no di\u00e1logo&#8221;.<\/p>\n","protected":false},"author":34,"featured_media":0,"comment_status":"open","ping_status":"open","sticky":false,"template":"","format":"standard","meta":{"give_campaign_id":0,"_seopress_robots_primary_cat":"","_seopress_titles_title":"","_seopress_titles_desc":"","_seopress_robots_index":"","_et_pb_use_builder":"","_et_pb_old_content":"","_et_gb_content_width":"","footnotes":""},"categories":[909],"tags":[],"class_list":["post-333074","post","type-post","status-publish","format-standard","hentry","category-focolare-worldwide-2-4"],"_links":{"self":[{"href":"https:\/\/www.focolare.org\/pt-pt\/wp-json\/wp\/v2\/posts\/333074","targetHints":{"allow":["GET"]}}],"collection":[{"href":"https:\/\/www.focolare.org\/pt-pt\/wp-json\/wp\/v2\/posts"}],"about":[{"href":"https:\/\/www.focolare.org\/pt-pt\/wp-json\/wp\/v2\/types\/post"}],"author":[{"embeddable":true,"href":"https:\/\/www.focolare.org\/pt-pt\/wp-json\/wp\/v2\/users\/34"}],"replies":[{"embeddable":true,"href":"https:\/\/www.focolare.org\/pt-pt\/wp-json\/wp\/v2\/comments?post=333074"}],"version-history":[{"count":0,"href":"https:\/\/www.focolare.org\/pt-pt\/wp-json\/wp\/v2\/posts\/333074\/revisions"}],"wp:attachment":[{"href":"https:\/\/www.focolare.org\/pt-pt\/wp-json\/wp\/v2\/media?parent=333074"}],"wp:term":[{"taxonomy":"category","embeddable":true,"href":"https:\/\/www.focolare.org\/pt-pt\/wp-json\/wp\/v2\/categories?post=333074"},{"taxonomy":"post_tag","embeddable":true,"href":"https:\/\/www.focolare.org\/pt-pt\/wp-json\/wp\/v2\/tags?post=333074"}],"curies":[{"name":"wp","href":"https:\/\/api.w.org\/{rel}","templated":true}]}}