{"id":333088,"date":"2014-11-07T10:49:08","date_gmt":"2014-11-07T09:49:08","guid":{"rendered":"https:\/\/www.focolare.org\/papa-aos-bispos-amigos-dos-focolares-percorrer-os-caminhos-da-unidade\/"},"modified":"2024-05-16T15:22:28","modified_gmt":"2024-05-16T13:22:28","slug":"papa-aos-bispos-amigos-dos-focolares-percorrer-os-caminhos-da-unidade","status":"publish","type":"post","link":"https:\/\/www.focolare.org\/pt-pt\/papa-aos-bispos-amigos-dos-focolares-percorrer-os-caminhos-da-unidade\/","title":{"rendered":"Papa aos bispos amigos dos Focolares: percorrer os caminhos da unidade"},"content":{"rendered":"<p><a href=\"https:\/\/www.focolare.org\/wp-content\/uploads\/2014\/11\/Vescovi_PapaFrancesco_21.jpg\"><img loading=\"lazy\" decoding=\"async\" class=\" wp-image-113955 alignright\" style=\"margin-left: 10px\" alt=\"Vescovi_PapaFrancesco_2\" src=\"https:\/\/www.focolare.org\/wp-content\/uploads\/2014\/11\/Vescovi_PapaFrancesco_21.jpg\" width=\"384\" height=\"247\" \/><\/a><a href=\"https:\/\/www.focolare.org\/press\/files\/2014\/11\/20141102CS_ConvegnoEcumenicoVescoviAmiciFocolari_PT.pdf\" target=\"_blank\" rel=\"noopener\">O 33\u00ba Congresso<\/a>, que teve in\u00edcio no Centro Mari\u00e1polis, em Castelgandolfo, perto de Roma, no \u00faltimo dia 3 e se conclui hoje com a <strong>audi\u00eancia papal<\/strong>, contou com a participa\u00e7\u00e3o de representantes de 29 pa\u00edses, entre os quais o Brasil, e de oito igrejas diferentes: cat\u00f3licos, ortodoxos, siro-ortodoxos, anglicanos, metodistas, luteranos e l\u00edderes de outras comunidades eclesiais. Em sua sauda\u00e7\u00e3o, o Papa Francisco disse que \u201ceste Congresso \u00e9 express\u00e3o e fruto do amor \u00e0 Palavra de Deus, como tamb\u00e9m a vontade de conformar a pr\u00f3pria exist\u00eancia ao Evangelho&#8221;. Este ideal, alimentado pelo Movimento dos Focolares, suscitado e acompanhado pela gra\u00e7a do Esp\u00edrito Santo, disse o Papa, faz brotar tantas iniciativas, florescer s\u00f3lidas amizades e momentos fortes de fraternidade e partilha. Tudo isso manifesta o desejo de um claro testemunho de unidade entre os crist\u00e3os e uma expl\u00edcita confirma\u00e7\u00e3o da estima, respeito e fraternidade entre membros das diversas religi\u00f5es, sinais luminosos e atraentes da nossa f\u00e9 em Cristo ressuscitado. E o Pont\u00edfice acrescentou: \u201cSe, de fato, quisermos, como crist\u00e3os, responder de modo decisivo \u00e0s tantas problem\u00e1ticas e dramas do nosso tempo, devemos falar e agir como irm\u00e3os, de maneira que todos nos possam reconhecer como tais. Talvez, este seja um meio de responder tamb\u00e9m \u00e0 globaliza\u00e7\u00e3o da indiferen\u00e7a com uma globaliza\u00e7\u00e3o da solidariedade e da fraternidade\u201d. Neste contexto, o Bispo de Roma recordou que a nossa consci\u00eancia de crist\u00e3os e pastores \u00e9 interpelada por tantos fen\u00f4menos, em diversos pa\u00edses: falta de liberdade de expressar, publicamente, a pr\u00f3pria religi\u00e3o; viver abertamente as exig\u00eancias da \u00e9tica crist\u00e3; as persegui\u00e7\u00f5es contra crist\u00e3os e outras minorias; o fen\u00f4meno do terrorismo; o drama dos refugiados por causa das guerras e outras raz\u00f5es; os desafios do fundamentalismo e secularismo exasperado. E o Papa concluiu: \u201cTais desafios s\u00e3o um apelo a trilhar, com esfor\u00e7o renovado, com const\u00e2ncia e paci\u00eancia, os caminhos que conduzem \u00e0 unidade, para que o mundo creia e para que n\u00f3s, em primeira pessoa, possamos ser repletos de confian\u00e7a e coragem. Entre estes caminhos existe um principal: a Eucaristia, como mist\u00e9rio de comunh\u00e3o\u201d. Por fim, o Pont\u00edfice afirmou: \u201cNa Eucaristia sentimos claramente que a unidade \u00e9 dom e, ao mesmo tempo, uma grande responsabilidade. Por isso, o Papa Francisco fez votos de que este Congresso ecum\u00eanico dos Focolares possa produzir abundantes frutos de crescimento na comunh\u00e3o e no testemunho da fraternidade.  <a href=\"http:\/\/www.news.va\/pt\/news\/papa-aos-bispos-amigos-dos-focolares-percorrer-os\" target=\"_blank\" rel=\"noopener\">R\u00e1dio Vaticana<\/a><\/p>\n","protected":false},"excerpt":{"rendered":"<p>O Santo Padre recebeu na Sala do Consist\u00f3rio cerca de 40 participantes do Congresso Ecum\u00eanico dos Bispos amigos do Movimento dos Focolares, cujo tema \u00e9 \u201cA Eucaristia, mist\u00e9rio de comunh\u00e3o\u201d.<\/p>\n","protected":false},"author":34,"featured_media":0,"comment_status":"open","ping_status":"open","sticky":false,"template":"","format":"standard","meta":{"give_campaign_id":0,"_seopress_robots_primary_cat":"","_seopress_titles_title":"","_seopress_titles_desc":"","_seopress_robots_index":"","_et_pb_use_builder":"","_et_pb_old_content":"","_et_gb_content_width":"","footnotes":""},"categories":[129],"tags":[],"class_list":["post-333088","post","type-post","status-publish","format-standard","hentry","category-sem-categoria"],"_links":{"self":[{"href":"https:\/\/www.focolare.org\/pt-pt\/wp-json\/wp\/v2\/posts\/333088","targetHints":{"allow":["GET"]}}],"collection":[{"href":"https:\/\/www.focolare.org\/pt-pt\/wp-json\/wp\/v2\/posts"}],"about":[{"href":"https:\/\/www.focolare.org\/pt-pt\/wp-json\/wp\/v2\/types\/post"}],"author":[{"embeddable":true,"href":"https:\/\/www.focolare.org\/pt-pt\/wp-json\/wp\/v2\/users\/34"}],"replies":[{"embeddable":true,"href":"https:\/\/www.focolare.org\/pt-pt\/wp-json\/wp\/v2\/comments?post=333088"}],"version-history":[{"count":0,"href":"https:\/\/www.focolare.org\/pt-pt\/wp-json\/wp\/v2\/posts\/333088\/revisions"}],"wp:attachment":[{"href":"https:\/\/www.focolare.org\/pt-pt\/wp-json\/wp\/v2\/media?parent=333088"}],"wp:term":[{"taxonomy":"category","embeddable":true,"href":"https:\/\/www.focolare.org\/pt-pt\/wp-json\/wp\/v2\/categories?post=333088"},{"taxonomy":"post_tag","embeddable":true,"href":"https:\/\/www.focolare.org\/pt-pt\/wp-json\/wp\/v2\/tags?post=333088"}],"curies":[{"name":"wp","href":"https:\/\/api.w.org\/{rel}","templated":true}]}}