{"id":333176,"date":"2014-12-10T09:33:56","date_gmt":"2014-12-10T08:33:56","guid":{"rendered":"https:\/\/www.focolare.org\/por-uma-america-latina-mais-humana-e-fraterna\/"},"modified":"2024-05-16T15:22:49","modified_gmt":"2024-05-16T13:22:49","slug":"por-uma-america-latina-mais-humana-e-fraterna","status":"publish","type":"post","link":"https:\/\/www.focolare.org\/pt-pt\/por-uma-america-latina-mais-humana-e-fraterna\/","title":{"rendered":"Por uma Am\u00e9rica Latina mais humana e fraterna"},"content":{"rendered":"<p><p><img loading=\"lazy\" decoding=\"async\" class=\"alignright size-full wp-image-115812\" src=\"https:\/\/www.focolare.org\/wp-content\/uploads\/2014\/12\/20141210-02.jpg\" alt=\"20141210-02\" width=\"448\" height=\"292\" \/><\/p>\n<p>S\u00e3o mais de 50 organiza\u00e7\u00f5es sociais, iniciativas e movimentos presentes em 12 pa\u00edses da Am\u00e9rica Latina e Caribe, que buscam a transforma\u00e7\u00e3o social atrav\u00e9s de uma cultura baseada na fraternidade. As atividades realizadas s\u00e3o em diversas frentes: incid\u00eancia pol\u00edtica, social, econ\u00f4mica, ambiental, cultural e intergeracional. As iniciativas t\u00eam como caracter\u00edstica principal a promo\u00e7\u00e3o do protagonismo e a participa\u00e7\u00e3o de todos os atores envolvidos.<\/p>\n<p>Manifesto<\/p>\n<p>H\u00e1 64 anos da declara\u00e7\u00e3o do Dia Internacional dos Direitos Humanos e do chamado lan\u00e7ado pela Assembleia Geral das Na\u00e7\u00f5es Unidas \u201ca todos os povos do mundo\u201d, n\u00f3s, membros da UNIRedes, desejamos manifestar:<\/p>\n<p>\u2022 Nossa uni\u00e3o em uma rede disposta a criar verdadeiros v\u00ednculos de colabora\u00e7\u00e3o capazes de auxiliar na constru\u00e7\u00e3o de um mundo mais justo, solid\u00e1rio e empenhado na busca pelo respeito pleno aos direitos humanos;<\/p>\n<p>\u2022 O compromisso de cultivar e difundir uma cultura que respeite e proteja a dignidade, a liberdade e os direitos das pessoas nos locais onde estamos presentes e, consequentemente, de cada ser humano;<\/p>\n<p>\u2022 O trabalho incans\u00e1vel para fomentar, em nosso territ\u00f3rio, uma consci\u00eancia firme e convencida do seu valor como ser humano e o apoio \u00e0 difus\u00e3o desta perspectiva ao maior n\u00famero poss\u00edvel de pessoas;<\/p>\n<p>\u2022 O desejo de compartilhar experi\u00eancias, boas pr\u00e1ticas, elementos para a forma\u00e7\u00e3o e capacita\u00e7\u00e3o de nossos membros, necessidades e car\u00eancias para que possamos nos fortalecer reciprocamente sem barreiras geogr\u00e1ficas ou idiom\u00e1ticas, de modo a auxiliar a compreens\u00e3o de que todo ser humano \u00e9 parte de uma \u00fanica fam\u00edlia;<\/p>\n<p>\u2022 O apoio a todos os que desejam trabalhar em conjunto fazendo mais vis\u00edvel e concretas a justi\u00e7a e a fraternidade no mundo, superando a falta de dignidade a que muitos seres humanos est\u00e3o sujeitos.<\/p>\n<p>\u2022 Um chamado p\u00fablico \u00e0s institui\u00e7\u00f5es governamentais, aos diversos organismos da sociedade civil e \u00e0s pessoas que sustentam iniciativas de a\u00e7\u00f5es sociais, que se unam e compartilhem os nossos esfor\u00e7os para podermos construir um mundo no qual os direitos inerentes a cada indiv\u00edduo n\u00e3o sejam violados, mas sim, protegidos e garantidos em sua plenitude.<\/p>\n<p>Por fim, a UNIRedes vem a p\u00fablico expor seu compromisso de colaborar com as pessoas e institui\u00e7\u00f5es engajadas em iniciativas de a\u00e7\u00e3o social transformadora, somando esfor\u00e7os para constru\u00e7\u00e3o de um mundo mais fraterno.<\/p>\n<p><strong>Para saber mais<\/strong>: www.sumafraternidad.org<\/p>\n<p><strong>Contatos<\/strong>: info@sumafraternidad.org (AR) \/ uniredes@focolares.org.br (BR)<\/p>\n<p><strong>Organiza\u00e7\u00f5es da UNIRedes:<\/strong><\/p>\n<p><img loading=\"lazy\" decoding=\"async\" class=\"alignright wp-image-115837\" src=\"https:\/\/www.focolare.org\/wp-content\/uploads\/2014\/12\/mapa-UNIRedes2014.jpg\" alt=\"mapa-UNIRedes2014\" width=\"350\" height=\"350\" \/><a href=\"https:\/\/www.facebook.com\/apadis.degarin?fref=ts\" target=\"_blank\" rel=\"noopener\">Apadis (Asociaci\u00f3n de Padres de Ayuda al Discapacitado)<\/a> \u2013 AR<br \/> <a href=\"http:\/\/www.asociacionnuevosol.org.ar\/\" target=\"_blank\" rel=\"noopener\">Asociaci\u00f3n Civil Nuevo Sol<\/a> \u2013 ARAssocia\u00e7\u00e3o de Apoio \u00e0 Crian\u00e7a e ao Adolescente (AACA) \u2013 BR<br \/> Associa\u00e7\u00e3o de Apoio \u00e0 Fam\u00edlia, ao Grupo e \u00e0 Comunidade do Distrito Federal (Afago-DF) \u2013 BR<br \/> <a href=\"https:\/\/www.focolare.org\/news\/2007\/04\/19\/brasile-per-il-superamento-del-divario-tecnologico\/\" target=\"_blank\" rel=\"noopener\">Associa\u00e7\u00e3o de Apoio \u00e0 Fam\u00edlia, ao Grupo e \u00e0 Comunidade de S\u00e3o Paulo<\/a> (Afago-SP) \u2013 BR<br \/> Associa\u00e7\u00e3o Fam\u00edlias em Solidariedade (Afaso) \u2013 BR<br \/> Associa\u00e7\u00e3o Fam\u00edlias em Solidariedade de Cascavel (Afasovel) \u2013 BR<br \/> <a href=\"http:\/\/www.anpecom.com.br\/\" target=\"_blank\" rel=\"noopener\">Associa\u00e7\u00e3o Nacional por uma Economia de Comunh\u00e3o<\/a> (Anpecom) \u2013 BR<br \/> Associa\u00e7\u00e3o Civitas &#8211; BR<br \/> Associa\u00e7\u00e3o Pr\u00f3-Ado\u00e7\u00f5es a Dist\u00e2ncia (Apadi) \u2013 BR<br \/> Associa\u00e7\u00e3o Nossa Senhora Rainha da Paz (Anspaz) \u2013 BR<br \/> <a href=\"https:\/\/www.focolare.org\/pt\/news\/2013\/12\/09\/bolivia-la-casa-de-los-ninos\/\" target=\"_blank\" rel=\"noopener\">Casa de los Ni\u00f1os<\/a> \u2013 Bolivia<br \/> Casa do Menor S\u00e3o Miguel Arcanjo \u2013 BR<br \/> Centro de Atenci\u00f3n Integral Las \u00c1guilas \u2013 MEX<br \/> Centro Social Roger Cunha &#8211; BR<br \/> Codeso (Comuni\u00f3n para el Desarrollo Social) \u2013 UY<br \/> <a href=\"https:\/\/www.focolare.org\/pt\/news\/2012\/04\/02\/messico-scuola-santa-maria-laboratorio-di-promozione\/\" target=\"_blank\" rel=\"noopener\">Col\u00e9gio Santa Maria<\/a> \u2013 MEX<br \/> Dispensario Medico Igino Giordani \u2013 MEX<br \/> <a href=\"http:\/\/www.cidadenova.org.br\/\" target=\"_blank\" rel=\"noopener\">Editora Cidade Nova<\/a> \u2013 BR<br \/> <a href=\"https:\/\/www.focolare.org\/news\/2014\/04\/18\/la-fazenda-da-esperanca-e-il-carisma-dellunita\/\" target=\"_blank\" rel=\"noopener\">Fazenda da Esperan\u00e7a<\/a> \u2013 BR<br \/> Fundaci\u00f3n Unisol \u2013 BO<br \/> Fundaci\u00f3n Mundo Mejor \u2013 CO<br \/> Grupo Pensar \u2013 BR<br \/> Hacienda de la Esperanza de Guadalajara \u2013 MEX<br \/> Instituto Mundo Unido \u2013 BR<br \/> N\u00facleo de A\u00e7\u00e3o Comunit\u00e1ria (NAC)\/N\u00facleo Educacional Fiore \u2013 BR<br \/> N\u00facleo de A\u00e7\u00e3o Volunt\u00e1ria (NAV) \u2013 BR<br \/> Promoci\u00f3n Integral de la Persona para una Sociedad Fraterna \u2013 MEX<br \/> Ref\u00fagio Urbano \u2013 MEX<br \/> Sa\u00fade, Di\u00e1logo e Comunh\u00e3o \u2013 BR<br \/> Sociedade Movimento dos Focolari Nordeste\/Escola Santa Maria \u2013 BR<br \/> Sociedade Movimento dos Focolari \u2013 BR<br \/> <a href=\"https:\/\/www.facebook.com\/escuela.unipar?fref=ts\" target=\"_blank\" rel=\"noopener\">Unipar <\/a>(Unidad y Participaci\u00f3n) \u2013 PY<\/p>\n<p>A UNIRedes tamb\u00e9m est\u00e1 presente por meio de iniciativas sociais e movimentos em Chile, Cuba, El Salvador, Guatemala e Venezuela.<\/p><\/p>\n","protected":false},"excerpt":{"rendered":"<p>No Dia Internacional dos Direitos Humanos, manifesto assinado pelas organiza\u00e7\u00f5es, iniciativase movimentos membros da UNIRedes apresenta um plano de a\u00e7\u00e3o em prol de um mundo mais fraterno e socialmente coeso.<\/p>\n","protected":false},"author":34,"featured_media":0,"comment_status":"open","ping_status":"open","sticky":false,"template":"","format":"standard","meta":{"give_campaign_id":0,"_seopress_robots_primary_cat":"","_seopress_titles_title":"","_seopress_titles_desc":"","_seopress_robots_index":"","_et_pb_use_builder":"","_et_pb_old_content":"","_et_gb_content_width":"","footnotes":""},"categories":[909],"tags":[],"class_list":["post-333176","post","type-post","status-publish","format-standard","hentry","category-focolare-worldwide-2-4"],"_links":{"self":[{"href":"https:\/\/www.focolare.org\/pt-pt\/wp-json\/wp\/v2\/posts\/333176","targetHints":{"allow":["GET"]}}],"collection":[{"href":"https:\/\/www.focolare.org\/pt-pt\/wp-json\/wp\/v2\/posts"}],"about":[{"href":"https:\/\/www.focolare.org\/pt-pt\/wp-json\/wp\/v2\/types\/post"}],"author":[{"embeddable":true,"href":"https:\/\/www.focolare.org\/pt-pt\/wp-json\/wp\/v2\/users\/34"}],"replies":[{"embeddable":true,"href":"https:\/\/www.focolare.org\/pt-pt\/wp-json\/wp\/v2\/comments?post=333176"}],"version-history":[{"count":0,"href":"https:\/\/www.focolare.org\/pt-pt\/wp-json\/wp\/v2\/posts\/333176\/revisions"}],"wp:attachment":[{"href":"https:\/\/www.focolare.org\/pt-pt\/wp-json\/wp\/v2\/media?parent=333176"}],"wp:term":[{"taxonomy":"category","embeddable":true,"href":"https:\/\/www.focolare.org\/pt-pt\/wp-json\/wp\/v2\/categories?post=333176"},{"taxonomy":"post_tag","embeddable":true,"href":"https:\/\/www.focolare.org\/pt-pt\/wp-json\/wp\/v2\/tags?post=333176"}],"curies":[{"name":"wp","href":"https:\/\/api.w.org\/{rel}","templated":true}]}}