{"id":333188,"date":"2014-12-15T17:12:37","date_gmt":"2014-12-15T16:12:37","guid":{"rendered":"https:\/\/www.focolare.org\/o-canteiro-da-paz-tambem-em-trieste\/"},"modified":"2024-05-16T15:22:53","modified_gmt":"2024-05-16T13:22:53","slug":"o-canteiro-da-paz-tambem-em-trieste","status":"publish","type":"post","link":"https:\/\/www.focolare.org\/pt-pt\/o-canteiro-da-paz-tambem-em-trieste\/","title":{"rendered":"O canteiro da paz tamb\u00e9m em Trieste"},"content":{"rendered":"<p><p><strong><a href=\"https:\/\/www.focolare.org\/wp-content\/uploads\/2014\/12\/Dado_della_Pace_Trieste_03.jpg\"><img loading=\"lazy\" decoding=\"async\" class=\"alignleft wp-image-116214\" src=\"https:\/\/www.focolare.org\/wp-content\/uploads\/2014\/12\/Dado_della_Pace_Trieste_03.jpg\" alt=\"Dado_della_Pace_Trieste_03\" width=\"210\" height=\"290\" \/><\/a><\/strong>\u201c<strong>Que este Dado seja um s\u00edmbolo para nos lembrar que a paz \u00e9 um bem precioso, e \u00e9 necess\u00e1rio ser sempre conservado<\/strong> com o esfor\u00e7o de todos\u201d. Estas foram as palavras de Fabiana Martini, vice-prefeita de Trieste, cidade do norte da It\u00e1lia, na cerim\u00f4nia de inaugura\u00e7\u00e3o de um novo canteiro e do <a href=\"https:\/\/www.focolare.org\/pt\/news\/2014\/10\/27\/ungheria-un-dado-per-i-futuri-cittadini\/\">Dado da paz<\/a>, no dia 21 de novembro passado.<\/p>\n<p><strong>A estrutura em a\u00e7o e policarbonato, medindo 60 cm por lado, fixada no jardim p\u00fablico \u201cMuzio de Tommasini\u201d<\/strong>, da cidade de Trieste cont\u00e9m, em cada um dos seis lados, uma frase singular:<strong> \u201cAjudar-se reciprocamente, Perdoar o outro, Ser o primeiro a amar, Escutar o outro, Partilhar com o outro e Acolher todos\u201d<\/strong>.<\/p>\n<p><strong>Promovida pela Prefeitura de Trieste e realizada pela <\/strong><a href=\"http:\/\/www.amu-it.eu\/?lang=it\" target=\"_blank\" rel=\"noopener\">Associa\u00e7\u00e3o A\u00e7\u00e3o por um Mundo Unido<\/a><strong> (AMU)<\/strong>, express\u00e3o social do Movimento dos Focolares \u2013 por ocasi\u00e3o do centen\u00e1rio do in\u00edcio da Primeira Guerra Mundial \u2013 a iniciativa \u00e9 resultado de um projeto que j\u00e1 se desenvolve em outras cidades italianas: Trento e Rovigo, mas, tamb\u00e9m, em pa\u00edses mais distantes como a <a href=\"https:\/\/www.focolare.org\/pt\/focolare-worldwide\/europa\/ungheria\/\">Hungria <\/a>e o <a href=\"https:\/\/www.focolare.org\/pt\/focolare-worldwide\/asia\/pakistan\/\" target=\"_blank\" rel=\"noopener\">Paquist\u00e3o<\/a>.<\/p>\n<p><strong>Qual o objetivo? Favorecer programas de educa\u00e7\u00e3o \u00e0 paz<\/strong>, envolvendo especialmente crian\u00e7as e adolescentes das escolas, mas, tamb\u00e9m, professores e agentes do setor da educa\u00e7\u00e3o, fam\u00edlias e todos os adultos, de todas as faixas et\u00e1rias, que desejam comprometer-se com esta importante e sempre atual quest\u00e3o.<\/p>\n<p><strong><a href=\"https:\/\/www.focolare.org\/wp-content\/uploads\/2014\/12\/Dado_della_Pace_Trieste_02.jpg\"><img loading=\"lazy\" decoding=\"async\" class=\"alignright  wp-image-116213\" src=\"https:\/\/www.focolare.org\/wp-content\/uploads\/2014\/12\/Dado_della_Pace_Trieste_02.jpg\" alt=\"Dado_della_Pace_Trieste_02\" width=\"350\" height=\"233\" \/><\/a>A cerim\u00f4nia, seguida com grande interesse por muitas pessoas<\/strong>, foi conduzida por Roberto Mosca, de A\u00e7\u00e3o por um Mundo Unido, e abrilhantada pelas m\u00fasicas e cantos de muitas crian\u00e7as, adolescentes e jovens. Participaram tamb\u00e9m numerosos alunos de v\u00e1rias classes e escolas. Al\u00e9m da vice-prefeita Fabiana Martini, discursaram tamb\u00e9m os secret\u00e1rios municipais das Obras P\u00fablicas, Andrea Dapretto e da Educa\u00e7\u00e3o, Antonella Grim, que evidenciaram a validade do projeto, a import\u00e2ncia e o valor de estabelecer rela\u00e7\u00f5es verdadeiras e pac\u00edficas.<\/p>\n<p><strong>Quem passar pelo jardim, diante do novo \u201cCanteiro da paz\u201d, em cujo centro est\u00e1 o \u201cDado da paz\u201d<\/strong>, e gir\u00e1-lo, assim como se utiliza um dado em jogos, poder\u00e1 come\u00e7ar a construir um pessoal, mas, sempre importante, caminho de paz.<\/p>\n<p>Inspirado na <a href=\"https:\/\/www.focolare.org\/pt\/news\/2013\/04\/12\/percorsi-di-unita-larte-di-amare\/\">arte de amar<\/a> proposta por <a href=\"https:\/\/www.focolare.org\/pt\/chiara-lubich\/chi-e-chiara\/\">Chiara Lubich<\/a>, fundadora do Movimento dos Focolares, este \u201cbrinquedo pedag\u00f3gico\u201d tem por objetivo vivenciar, todos os dias, a frase que se l\u00ea quando se lan\u00e7a o dado. A iniciativa desenvolve-se no \u00e2mbito de um projeto did\u00e1tico muito amplo \u2013 que envolveu e continua envolvendo, muitos professores, in\u00fameros alunos de diversas classes e de muitas escolas \u2013 especialmente dos n\u00edveis de educa\u00e7\u00e3o infantil e fundamental que j\u00e1 iniciaram uma trajet\u00f3ria, com atividades di\u00e1rias, que visam a sensibiliza\u00e7\u00e3o \u00e0 paz e \u00e0 solidariedade.<\/p>\n<p><strong>Fonte<\/strong>: Assessoria de imprensa da Prefeitura de Trieste<\/p>\n<p>&nbsp;<\/p><\/p>\n","protected":false},"excerpt":{"rendered":"<p>Foi inaugurado no dia 21 de novembro passado, no jardim p\u00fablico da cidade italiana de Trieste, o \u201cDado da paz\u201d. O Dado \u00e9 um expl\u00edcito referimento \u00e0 paz e j\u00e1 foi colocado em diferentes espa\u00e7os p\u00fablicos de outras cidades do mundo.<\/p>\n","protected":false},"author":34,"featured_media":0,"comment_status":"open","ping_status":"open","sticky":false,"template":"","format":"standard","meta":{"give_campaign_id":0,"_seopress_robots_primary_cat":"","_seopress_titles_title":"","_seopress_titles_desc":"","_seopress_robots_index":"","_et_pb_use_builder":"","_et_pb_old_content":"","_et_gb_content_width":"","footnotes":""},"categories":[909],"tags":[],"class_list":["post-333188","post","type-post","status-publish","format-standard","hentry","category-focolare-worldwide-2-4"],"_links":{"self":[{"href":"https:\/\/www.focolare.org\/pt-pt\/wp-json\/wp\/v2\/posts\/333188","targetHints":{"allow":["GET"]}}],"collection":[{"href":"https:\/\/www.focolare.org\/pt-pt\/wp-json\/wp\/v2\/posts"}],"about":[{"href":"https:\/\/www.focolare.org\/pt-pt\/wp-json\/wp\/v2\/types\/post"}],"author":[{"embeddable":true,"href":"https:\/\/www.focolare.org\/pt-pt\/wp-json\/wp\/v2\/users\/34"}],"replies":[{"embeddable":true,"href":"https:\/\/www.focolare.org\/pt-pt\/wp-json\/wp\/v2\/comments?post=333188"}],"version-history":[{"count":0,"href":"https:\/\/www.focolare.org\/pt-pt\/wp-json\/wp\/v2\/posts\/333188\/revisions"}],"wp:attachment":[{"href":"https:\/\/www.focolare.org\/pt-pt\/wp-json\/wp\/v2\/media?parent=333188"}],"wp:term":[{"taxonomy":"category","embeddable":true,"href":"https:\/\/www.focolare.org\/pt-pt\/wp-json\/wp\/v2\/categories?post=333188"},{"taxonomy":"post_tag","embeddable":true,"href":"https:\/\/www.focolare.org\/pt-pt\/wp-json\/wp\/v2\/tags?post=333188"}],"curies":[{"name":"wp","href":"https:\/\/api.w.org\/{rel}","templated":true}]}}