{"id":333192,"date":"2014-12-17T04:07:48","date_gmt":"2014-12-17T03:07:48","guid":{"rendered":"https:\/\/www.focolare.org\/budistas-e-cristaos-caminhos-para-o-nosso-tempo\/"},"modified":"2024-05-16T15:22:53","modified_gmt":"2024-05-16T13:22:53","slug":"budistas-e-cristaos-caminhos-para-o-nosso-tempo","status":"publish","type":"post","link":"https:\/\/www.focolare.org\/pt-pt\/budistas-e-cristaos-caminhos-para-o-nosso-tempo\/","title":{"rendered":"Budistas e crist\u00e3os, caminhos para o nosso tempo"},"content":{"rendered":"<p><p><strong><a href=\"https:\/\/www.focolare.org\/wp-content\/uploads\/2014\/12\/2014-12-11-Meeting-group-2.jpg\"><img loading=\"lazy\" decoding=\"async\" class=\"alignright wp-image-116164\" src=\"https:\/\/www.focolare.org\/wp-content\/uploads\/2014\/12\/2014-12-11-Meeting-group-2.jpg\" alt=\"2014 12 11 Meeting group 2\" width=\"380\" height=\"198\" \/><\/a>Uma Europa um pouco cansada e pessimista?<\/strong> Pode ser. Tamb\u00e9m o Papa Francisco falou nestes termos durante a recente <a href=\"http:\/\/w2.vatican.va\/content\/francesco\/it\/speeches\/2014\/november\/documents\/papa-francesco_20141125_strasburgo-consiglio-europa.html\">visita ao Conselho da Europa<\/a> em Estrasburgo. Os desafios que a Europa deve enfrentar, com o mundo inteiro, s\u00e3o muitos.<\/p>\n<p><strong>O encontro de di\u00e1logo entre budistas e crist\u00e3os<\/strong>, realizado no dia 10 de dezembro na Pontif\u00edcia Universidade Urbaniana, teve como meta uma mensagem comum de esperan\u00e7a para que o mundo n\u00e3o gire em torno do interesse econ\u00f4mico, mas tenha uma orienta\u00e7\u00e3o antropol\u00f3gica que afirme a sacralidade de cada pessoa.<\/p>\n<p><strong>O evento foi promovido\u00a0<\/strong>pelo Gabinete Nacional para o Ecumenismo e o Di\u00e1logo inter-religioso da Confer\u00eancia Episcopal Italiana (UNEDI), o Pontif\u00edcio Conselho para o di\u00e1logo inter-religioso, a Uni\u00e3o Budista Italiana, com v\u00e1rios organismos crist\u00e3os e budistas.<\/p>\n<p><strong>A crise vista de v\u00e1rias perspectivas<\/strong>: a antropol\u00f3gico-teol\u00f3gica para por as bases e a econ\u00f4mica financiaria para oferecer <em>inputs<\/em>. <strong>Vincenzo Giorgino<\/strong> da Universidade de Turim, e <strong>Luigino Bruni<\/strong> da Universidade Lumsa de Roma, em duas vozes, budista e crist\u00e3, aprofundaram a crise e a incerteza do homem contempor\u00e2neo. Emergiram elementos de estudo e de reflex\u00f5es sobre o capitalismo que pode ser superado com novos paradigmas, como aquele de uma economia de comunh\u00e3o.<\/p>\n<p><strong>A seguir foram apresentados muitos testemunhos da luta contra a crise<\/strong>. A Comunidade de Santo Eg\u00eddio sobre como prosseguem a sua estrada de ora\u00e7\u00e3o, pobreza e paz; as Irm\u00e3s de Madre Teresa de Calcut\u00e1 sobre como assistem \u00e0s m\u00e3es adolescentes na It\u00e1lia; o Movimento dos Focolares sobre o socorro aos imigrantes em Lampedusa e um percurso de fraternidade iniciado com mu\u00e7ulmanos na Sic\u00edlia. Pela parte budista, <a href=\"http:\/\/rkina.org\/risshokoseikai.html\">a Rissho Kosei-kai <\/a>do Jap\u00e3o testemunhou como angariam fundos com a campanha <em>Skip a meal <\/em>(salta uma refei\u00e7\u00e3o) para situa\u00e7\u00f5es de pobreza, socorro urgente, educa\u00e7\u00e3o, ambiente, refugiados, onde seja necess\u00e1rio. A <a href=\"http:\/\/tw.tzuchi.org\/en\/\">Funda\u00e7\u00e3o Tzu-chi de Taiwan<\/a>, iniciada a partir de um pequeno grupo de monjas budistas e de donas-de-casa, hoje conta com 10 milh\u00f5es de volunt\u00e1rios e doadores e j\u00e1 enviou ajudas a 85 pa\u00edses.<\/p>\n<p><a href=\"https:\/\/www.focolare.org\/wp-content\/uploads\/2014\/12\/CG1_2836.jpg\"><img loading=\"lazy\" decoding=\"async\" class=\"alignleft wp-image-116165\" src=\"https:\/\/www.focolare.org\/wp-content\/uploads\/2014\/12\/CG1_2836.jpg\" alt=\"CG1_2836\" width=\"380\" height=\"253\" \/><\/a><strong>No dia seguinte, a delega\u00e7\u00e3o da Funda\u00e7\u00e3o Tzu-chi, <\/strong>guiada pelo porta-voz <strong>Rey-Shen Her,<\/strong> foi recebida na sede internacional do <a href=\"https:\/\/www.focolare.org\/movimento-dei-focolari\/\">Movimento dos Focolares<\/a> para um encontro de conhecimento rec\u00edproco. Estiveram presentes alguns amigos budistas de Roma e membros dos Focolares empenhados em v\u00e1rios setores. Tzu-chi, em chin\u00eas \u201ccompaix\u00e3o e socorro\u201d, \u00e9 a maior organiza\u00e7\u00e3o budista para as obras de caridade no mundo. Foi fundada em 1966, por Cheng Yen, monja budista, vencedora do Pr\u00eamio Niwano pela Paz 2007.<\/p>\n<p>\u00abDas respectivas apresenta\u00e7\u00f5es de espiritualidade e atividades, mesmo se muito sint\u00e9ticas, seguidas por um di\u00e1logo aberto, pode-se colher algumas caracter\u00edsticas comuns\u00bb, refere <strong>Christina Lee<\/strong>, do <a href=\"https:\/\/www.focolare.org\/in-dialogo\/grandi-religioni\/\">Centro para o di\u00e1logo inter-religioso<\/a> dos Focolares: \u00abambas s\u00e3o fundadas por uma mulher, prop\u00f5em a viv\u00eancia da cultura do dar, o senso de ser fam\u00edlia, o amor rec\u00edproco e o altru\u00edsmo\u00bb, por exemplo.<\/p>\n<p>Respondendo \u00e0s perguntas, <strong>o prof. Her<\/strong> afirmou que \u00abas atividades de compaix\u00e3o para com os necessitados nos purificam\u00bb. \u00abDevemos ser conscientes de que o nosso encontro com o outro \u00e9 cheio de humanidade e de compaix\u00e3o, ou a sua miss\u00e3o fracassa: a miss\u00e3o de levar Deus aos homens de hoje, num modo discreto e \u00e0s vezes escondido, mas n\u00e3o menos verdadeiro e significativo\u00bb,\u00a0 conclui Pe. <strong>Cristiano Bettega, diretor do UNEDI.<\/strong><\/p>\n<p>\u00abS\u00e3o palavras &#8211; afirma<strong> Christina Lee<\/strong> &#8211; que nos fazem recordar as palavras de <a href=\"https:\/\/www.focolare.org\/chiara-lubich\/\">Chiara Lubich<\/a>, isto \u00e9, que \u201cvamos a Deus atrav\u00e9s dos irm\u00e3os\u201d. S\u00e3o elementos que nos unem no caminho comum rumo \u00e0 fraternidade universal e pelo bem da humanidade\u00bb.<\/p><\/p>\n","protected":false},"excerpt":{"rendered":"<p>Mais de 200 estudantes na Universidade Gregoriana para refletir, nas \u00f3ticas budista e crist\u00e3, sobre as reca\u00eddas antropol\u00f3gicas da crise. Uma esperan\u00e7a a partir das religi\u00f5es.<\/p>\n","protected":false},"author":27,"featured_media":0,"comment_status":"open","ping_status":"open","sticky":false,"template":"","format":"standard","meta":{"give_campaign_id":0,"_seopress_robots_primary_cat":"","_seopress_titles_title":"","_seopress_titles_desc":"","_seopress_robots_index":"","_et_pb_use_builder":"","_et_pb_old_content":"","_et_gb_content_width":"","footnotes":""},"categories":[129],"tags":[],"class_list":["post-333192","post","type-post","status-publish","format-standard","hentry","category-sem-categoria"],"_links":{"self":[{"href":"https:\/\/www.focolare.org\/pt-pt\/wp-json\/wp\/v2\/posts\/333192","targetHints":{"allow":["GET"]}}],"collection":[{"href":"https:\/\/www.focolare.org\/pt-pt\/wp-json\/wp\/v2\/posts"}],"about":[{"href":"https:\/\/www.focolare.org\/pt-pt\/wp-json\/wp\/v2\/types\/post"}],"author":[{"embeddable":true,"href":"https:\/\/www.focolare.org\/pt-pt\/wp-json\/wp\/v2\/users\/27"}],"replies":[{"embeddable":true,"href":"https:\/\/www.focolare.org\/pt-pt\/wp-json\/wp\/v2\/comments?post=333192"}],"version-history":[{"count":0,"href":"https:\/\/www.focolare.org\/pt-pt\/wp-json\/wp\/v2\/posts\/333192\/revisions"}],"wp:attachment":[{"href":"https:\/\/www.focolare.org\/pt-pt\/wp-json\/wp\/v2\/media?parent=333192"}],"wp:term":[{"taxonomy":"category","embeddable":true,"href":"https:\/\/www.focolare.org\/pt-pt\/wp-json\/wp\/v2\/categories?post=333192"},{"taxonomy":"post_tag","embeddable":true,"href":"https:\/\/www.focolare.org\/pt-pt\/wp-json\/wp\/v2\/tags?post=333192"}],"curies":[{"name":"wp","href":"https:\/\/api.w.org\/{rel}","templated":true}]}}