{"id":333258,"date":"2015-01-07T05:00:41","date_gmt":"2015-01-07T04:00:41","guid":{"rendered":"https:\/\/www.focolare.org\/natal-na-russia-%d1%81-%d1%80%d0%be%d0%b6%d0%b4%d0%b5%d1%81%d1%82%d0%b2%d0%be%d0%bc\/"},"modified":"2024-05-16T15:23:07","modified_gmt":"2024-05-16T13:23:07","slug":"natal-na-russia-%d1%81-%d1%80%d0%be%d0%b6%d0%b4%d0%b5%d1%81%d1%82%d0%b2%d0%be%d0%bc","status":"publish","type":"post","link":"https:\/\/www.focolare.org\/pt-pt\/natal-na-russia-%d1%81-%d1%80%d0%be%d0%b6%d0%b4%d0%b5%d1%81%d1%82%d0%b2%d0%be%d0%bc\/","title":{"rendered":"Natal na R\u00fassia: \u0421 \u0420\u041e\u0416\u0414\u0415\u0421\u0422\u0412\u041e\u041c!"},"content":{"rendered":"<p><p><a href=\"https:\/\/www.focolare.org\/wp-content\/uploads\/2015\/01\/DedMoroz.jpg\"><img loading=\"lazy\" decoding=\"async\" class=\"alignright wp-image-117041\" src=\"https:\/\/www.focolare.org\/wp-content\/uploads\/2015\/01\/DedMoroz.jpg\" alt=\"DedMoroz\" width=\"211\" height=\"280\" \/><\/a>O <strong>Natal Ortodoxo<\/strong> \u00e9 celebrado no dia 7 de janeiro, nove meses ap\u00f3s a Anuncia\u00e7\u00e3o \u00e0 Virgem Maria. Esta data corresponde ao dia 25 de dezembro, segundo o antigo calend\u00e1rio juliano. A festa do Natal \u00e9 precedida por um per\u00edodo de jejum que dura quarenta dias e que tem in\u00edcio no dia 27 de novembro.<\/p>\n<p>\u201cPor motivos hist\u00f3ricos \u2013<strong> nos conta Serghej, focolarino ortodoxo de Moscou<\/strong> \u2013 depois da revolu\u00e7\u00e3o de 1917 e at\u00e9 os anos 90, na <a href=\"https:\/\/www.focolare.org\/pt\/focolare-worldwide\/europa\/russia\/\">R\u00fassia <\/a>n\u00e3o se festejava mais o Natal. No lugar desta celebra\u00e7\u00e3o foi introduzida a festa de Ano Novo, com a \u00e1rvore e o Papai Noel, em russo Ded Moroz, literalmente \u201cVov\u00f4 Gelo\u201d.<\/p>\n<p>\u201cEu fiquei sabendo da exist\u00eancia do Natal, bem como de toda a \u2018Hist\u00f3ria da salva\u00e7\u00e3o\u2019 \u2013 continua Serghej \u2013 quando eu conheci o Movimento dos Focolares. Naquela \u00e9poca eu n\u00e3o era nem batizado e, por isso, o encontro com os Focolares, para mim, coincidiu com o encontro com Deus.<\/p>\n<p>Segundo o costume, a <strong>vig\u00edlia do Natal<\/strong> \u00e9 denominada \u201c<strong>So\u010delnik<\/strong>\u201d, por causa do <strong>alimento<\/strong> <strong>so\u010divo<\/strong>, que consiste de frutas e trigo cozido, o \u00fanico alimento permitido para aquele dia. O jejum dura at\u00e9 o fim do dia, mais exatamente, at\u00e9 que se cante o <strong>Hino de Natal<\/strong>. Acende-se um grande c\u00edrio que simboliza a estrela de Bel\u00e9m, cujo aparecimento determina o fim do jejum.<\/p>\n<p><img loading=\"lazy\" decoding=\"async\" class=\"alignleft wp-image-117032 size-full\" src=\"https:\/\/www.focolare.org\/wp-content\/uploads\/2015\/01\/20150107-01.jpg\" alt=\"20150107-01\" width=\"314\" height=\"209\" \/>\u201cN\u00e3o obstante a tradi\u00e7\u00e3o, para muitas pessoas na R\u00fassia \u2013 <strong>constata Serghej<\/strong> \u2013 o Natal continua a n\u00e3o existir. Praticamente Jesus foi completamente \u2018desalojado\u2019 da vida deles. Tamb\u00e9m o consumismo, muito conhecido no Ocidente, colaborou para isto irrompendo com for\u00e7a assim que o comunismo ruiu\u201d.<\/p>\n<p>\u201c<strong>Por isto nos esfor\u00e7amos, todos os dias<\/strong> \u2013 conclui Serghej \u2013 para que o maior n\u00famero de pessoas possa descobrir esta Crian\u00e7a, cujo nascimento n\u00f3s celebramos neste dia. Que possam v\u00ea-lo \u2018nascer entre n\u00f3s\u2019, pelo amor rec\u00edproco (cf Mt 18,20). Os meus votos para este Natal: que n\u00f3s crist\u00e3os sejamos capazes de doar a presen\u00e7a de Jesus ao mundo, por meio do amor evang\u00e9lico concreto e, desta forma, lev\u00e1-lo em meio ao povo! <strong>Feliz Natal! \u0421 \u0420\u041e\u0416\u0414\u0415\u0421\u0422\u0412\u041e\u041c!\u201d<\/strong><\/p><\/p>\n","protected":false},"excerpt":{"rendered":"<p>No dia 7 de janeiro a Igreja Ortodoxa russa celebra o Natal. A narrativa de Serghej, focolarino ortodoxo nascido na R\u00fassia, com os votos natal\u00edcios aos crist\u00e3os ortodoxos russos.<\/p>\n","protected":false},"author":34,"featured_media":0,"comment_status":"open","ping_status":"open","sticky":false,"template":"","format":"standard","meta":{"give_campaign_id":0,"_seopress_robots_primary_cat":"","_seopress_titles_title":"","_seopress_titles_desc":"","_seopress_robots_index":"","_et_pb_use_builder":"","_et_pb_old_content":"","_et_gb_content_width":"","footnotes":""},"categories":[909],"tags":[],"class_list":["post-333258","post","type-post","status-publish","format-standard","hentry","category-focolare-worldwide-2-4"],"_links":{"self":[{"href":"https:\/\/www.focolare.org\/pt-pt\/wp-json\/wp\/v2\/posts\/333258","targetHints":{"allow":["GET"]}}],"collection":[{"href":"https:\/\/www.focolare.org\/pt-pt\/wp-json\/wp\/v2\/posts"}],"about":[{"href":"https:\/\/www.focolare.org\/pt-pt\/wp-json\/wp\/v2\/types\/post"}],"author":[{"embeddable":true,"href":"https:\/\/www.focolare.org\/pt-pt\/wp-json\/wp\/v2\/users\/34"}],"replies":[{"embeddable":true,"href":"https:\/\/www.focolare.org\/pt-pt\/wp-json\/wp\/v2\/comments?post=333258"}],"version-history":[{"count":0,"href":"https:\/\/www.focolare.org\/pt-pt\/wp-json\/wp\/v2\/posts\/333258\/revisions"}],"wp:attachment":[{"href":"https:\/\/www.focolare.org\/pt-pt\/wp-json\/wp\/v2\/media?parent=333258"}],"wp:term":[{"taxonomy":"category","embeddable":true,"href":"https:\/\/www.focolare.org\/pt-pt\/wp-json\/wp\/v2\/categories?post=333258"},{"taxonomy":"post_tag","embeddable":true,"href":"https:\/\/www.focolare.org\/pt-pt\/wp-json\/wp\/v2\/tags?post=333258"}],"curies":[{"name":"wp","href":"https:\/\/api.w.org\/{rel}","templated":true}]}}