{"id":333290,"date":"2015-01-16T09:48:04","date_gmt":"2015-01-16T08:48:04","guid":{"rendered":"https:\/\/www.focolare.org\/da-secretaria-de-estado-do-vaticano\/"},"modified":"2024-05-16T15:23:14","modified_gmt":"2024-05-16T13:23:14","slug":"da-secretaria-de-estado-do-vaticano","status":"publish","type":"post","link":"https:\/\/www.focolare.org\/pt-pt\/da-secretaria-de-estado-do-vaticano\/","title":{"rendered":"Da Secretaria de Estado do Vaticano"},"content":{"rendered":"<p><p style=\"text-align: right\">Vaticano, 10 de janeiro de 2015<\/p>\n<p>Gentil\u00edssima Senhora,<\/p>\n<p>Por ocasi\u00e3o do Santo Natal e pelo Ano Novo, tamb\u00e9m em nome de seu Movimento, a Senhora enviou ao Sumo Pont\u00edfice fervorosas express\u00f5es de aug\u00fario, corroboradas pela ora\u00e7\u00e3o e acompanhadas pelo delicado dom de um pres\u00e9pio filipino e de alguns produtos t\u00edpicos para a sua mesa.<\/p>\n<p>Sua Santidade deseja manifestar vivo reconhecimento pelo atencioso testemunho de afeto e auspicia que o nascimento de Jesus Cristo, entrado na hist\u00f3ria para doar-nos a luz, a gra\u00e7a, a miseric\u00f3rdia e a ternura do Pai, ajude a redescobrir a verdadeira alegria do Natal.<\/p>\n<p>Com estes votos o Santo Padre, enquanto invoca sobre a sua pessoa e sobre quantos est\u00e3o unidos \u00e0 cordial d\u00e1diva a celeste intercess\u00e3o da Imaculada M\u00e3e do Salvador, com prazer envia a Ben\u00e7\u00e3o Apost\u00f3lica.<\/p>\n<p>Com sentimentos de distinto apre\u00e7o,<\/p>\n<p>Angelo Becciu<\/p>\n<p>Substituto<br \/> <img loading=\"lazy\" decoding=\"async\" class=\"alignleft wp-image-117642 \" src=\"https:\/\/www.focolare.org\/wp-content\/uploads\/2015\/01\/Grazie-del-Papa-agli-auguri-natalizi-2014-141x200.jpg\" alt=\"Grazie del Papa agli auguri natalizi 2014\" width=\"168\" height=\"238\" \/><\/p>\n","protected":false},"excerpt":{"rendered":"<p>A resposta do Papa Francisco aos votos natalinos expressos com um pres\u00e9pio filipino. Uma antecipa\u00e7\u00e3o de boas vindas, por parte do povo filipino dos Focolares, para a sua viagem \u00e0 \u00c1sia.<\/p>\n","protected":false},"author":34,"featured_media":0,"comment_status":"open","ping_status":"open","sticky":false,"template":"","format":"standard","meta":{"give_campaign_id":0,"_seopress_robots_primary_cat":"","_seopress_titles_title":"","_seopress_titles_desc":"","_seopress_robots_index":"","_et_pb_use_builder":"","_et_pb_old_content":"","_et_gb_content_width":"","footnotes":""},"categories":[909],"tags":[],"class_list":["post-333290","post","type-post","status-publish","format-standard","hentry","category-focolare-worldwide-2-4"],"_links":{"self":[{"href":"https:\/\/www.focolare.org\/pt-pt\/wp-json\/wp\/v2\/posts\/333290","targetHints":{"allow":["GET"]}}],"collection":[{"href":"https:\/\/www.focolare.org\/pt-pt\/wp-json\/wp\/v2\/posts"}],"about":[{"href":"https:\/\/www.focolare.org\/pt-pt\/wp-json\/wp\/v2\/types\/post"}],"author":[{"embeddable":true,"href":"https:\/\/www.focolare.org\/pt-pt\/wp-json\/wp\/v2\/users\/34"}],"replies":[{"embeddable":true,"href":"https:\/\/www.focolare.org\/pt-pt\/wp-json\/wp\/v2\/comments?post=333290"}],"version-history":[{"count":0,"href":"https:\/\/www.focolare.org\/pt-pt\/wp-json\/wp\/v2\/posts\/333290\/revisions"}],"wp:attachment":[{"href":"https:\/\/www.focolare.org\/pt-pt\/wp-json\/wp\/v2\/media?parent=333290"}],"wp:term":[{"taxonomy":"category","embeddable":true,"href":"https:\/\/www.focolare.org\/pt-pt\/wp-json\/wp\/v2\/categories?post=333290"},{"taxonomy":"post_tag","embeddable":true,"href":"https:\/\/www.focolare.org\/pt-pt\/wp-json\/wp\/v2\/tags?post=333290"}],"curies":[{"name":"wp","href":"https:\/\/api.w.org\/{rel}","templated":true}]}}