{"id":333308,"date":"2015-01-19T14:03:38","date_gmt":"2015-01-19T13:03:38","guid":{"rendered":"https:\/\/www.focolare.org\/chiara-lubich-abre-se-a-causa-de-beatificacao-e-canonizacao\/"},"modified":"2024-05-16T15:23:17","modified_gmt":"2024-05-16T13:23:17","slug":"chiara-lubich-abre-se-a-causa-de-beatificacao-e-canonizacao","status":"publish","type":"post","link":"https:\/\/www.focolare.org\/pt-pt\/chiara-lubich-abre-se-a-causa-de-beatificacao-e-canonizacao\/","title":{"rendered":"Chiara Lubich: abre-se a causa de beatifica\u00e7\u00e3o e canoniza\u00e7\u00e3o"},"content":{"rendered":"<p><p><strong><img loading=\"lazy\" decoding=\"async\" class=\"alignright wp-image-117814\" src=\"https:\/\/www.focolare.org\/wp-content\/uploads\/2015\/01\/Chiara-Lubich-01.jpg\" alt=\"Chiara-Lubich-01\" width=\"280\" height=\"179\" \/>Com uma carta dirigida a todo o Movimento a presidente, <\/strong><a href=\"https:\/\/www.focolare.org\/pt\/news\/2014\/09\/15\/maria-voce\/\" target=\"_blank\" rel=\"noopener\">Maria Voce<\/a><strong>, comunica com intensa alegria a abertura da causa<\/strong>, convidando todos os que vivem a <a href=\"https:\/\/www.focolare.org\/pt\/chiara-lubich\/spiritualita-dellunita\/\" target=\"_blank\" rel=\"noopener\">espiritualidade da unidade<\/a> a serem um \u00abtestemunho vivo\u00bb daquilo que Chiara viveu, anunciou e compartilhou com tantas pessoas, no compromisso de \u00abtornar-se santos juntos\u00bb.<\/p>\n<p>A decis\u00e3o de pedir a abertura da causa de canoniza\u00e7\u00e3o havia sido anunciada por Maria Voce no dia <a href=\"https:\/\/www.focolare.org\/pt\/news\/2013\/12\/07\/chiara-lubich-testimone-della-fede-2\/\" target=\"_blank\" rel=\"noopener\">7 de dezembro de 2013<\/a>, com o desejo de que tal reconhecimento pudesse encorajar muitos em um ulterior empenho moral e espiritual pelo bem da humanidade.<\/p>\n<p><strong>O evento do dia 27 de janeiro poder\u00e1 ser acompanhado tamb\u00e9m na internet: <\/strong><a href=\"http:\/\/live.focolare.org\">http:\/\/live.focolare.org<\/a><\/p>\n<p>&nbsp;<\/p><\/p>\n","protected":false},"excerpt":{"rendered":"<p><a href=\"http:\/\/live.focolare.org\">REPLAY streaming: Ter\u00e7a-feira, 27 de janeiro, \u00e0s 16 horas (hora italiana), na catedral de Frascati (Roma), o bispo D. Raffael Martinelli proceder\u00e1 \u00e0 abertura da causa de beatifica\u00e7\u00e3o e canoniza\u00e7\u00e3o da fundadora do Movimento dos Focolares.<\/a><\/p>\n","protected":false},"author":34,"featured_media":0,"comment_status":"open","ping_status":"open","sticky":false,"template":"","format":"standard","meta":{"give_campaign_id":0,"_seopress_robots_primary_cat":"","_seopress_titles_title":"","_seopress_titles_desc":"","_seopress_robots_index":"","_et_pb_use_builder":"","_et_pb_old_content":"","_et_gb_content_width":"","footnotes":""},"categories":[129],"tags":[],"class_list":["post-333308","post","type-post","status-publish","format-standard","hentry","category-sem-categoria"],"_links":{"self":[{"href":"https:\/\/www.focolare.org\/pt-pt\/wp-json\/wp\/v2\/posts\/333308","targetHints":{"allow":["GET"]}}],"collection":[{"href":"https:\/\/www.focolare.org\/pt-pt\/wp-json\/wp\/v2\/posts"}],"about":[{"href":"https:\/\/www.focolare.org\/pt-pt\/wp-json\/wp\/v2\/types\/post"}],"author":[{"embeddable":true,"href":"https:\/\/www.focolare.org\/pt-pt\/wp-json\/wp\/v2\/users\/34"}],"replies":[{"embeddable":true,"href":"https:\/\/www.focolare.org\/pt-pt\/wp-json\/wp\/v2\/comments?post=333308"}],"version-history":[{"count":0,"href":"https:\/\/www.focolare.org\/pt-pt\/wp-json\/wp\/v2\/posts\/333308\/revisions"}],"wp:attachment":[{"href":"https:\/\/www.focolare.org\/pt-pt\/wp-json\/wp\/v2\/media?parent=333308"}],"wp:term":[{"taxonomy":"category","embeddable":true,"href":"https:\/\/www.focolare.org\/pt-pt\/wp-json\/wp\/v2\/categories?post=333308"},{"taxonomy":"post_tag","embeddable":true,"href":"https:\/\/www.focolare.org\/pt-pt\/wp-json\/wp\/v2\/tags?post=333308"}],"curies":[{"name":"wp","href":"https:\/\/api.w.org\/{rel}","templated":true}]}}