{"id":333314,"date":"2015-01-20T09:52:44","date_gmt":"2015-01-20T08:52:44","guid":{"rendered":"https:\/\/www.focolare.org\/chiara-lubich-o-bispo-de-frascati-abre-a-causa-de-beatificacao\/"},"modified":"2024-05-16T15:23:18","modified_gmt":"2024-05-16T13:23:18","slug":"chiara-lubich-o-bispo-de-frascati-abre-a-causa-de-beatificacao","status":"publish","type":"post","link":"https:\/\/www.focolare.org\/pt-pt\/chiara-lubich-o-bispo-de-frascati-abre-a-causa-de-beatificacao\/","title":{"rendered":"Chiara Lubich: o bispo de Frascati abre a causa de beatifica\u00e7\u00e3o"},"content":{"rendered":"<p><p><strong><img loading=\"lazy\" decoding=\"async\" class=\"alignright wp-image-117440\" src=\"https:\/\/www.focolare.org\/wp-content\/uploads\/2015\/01\/ChiaraLubich.jpg\" alt=\"ChiaraLubich\" width=\"224\" height=\"314\" \/>Uma ideia de santidade enraizada no Evangelho foi o que nutriu a sua vida<\/strong>. Escreveu <a href=\"https:\/\/www.focolare.org\/pt\/chiara-lubich\/chi-e-chiara\/\" target=\"_blank\" rel=\"noopener\">Chiara Lubich<\/a>: <em>\u00abN\u00f3s encontramos a santidade em Jesus, que floresce em n\u00f3s porque amamos&#8230; se procur\u00e1ssemos a santidade por si mesma nunca a alcan\u00e7ar\u00edamos. Portanto, amar, e nada mais. Perder tudo, inclusive o apego \u00e0 santidade, para querer somente amar\u00bb<\/em>.<\/p>\n<p><strong>A catedral de Frascati<\/strong>, local escolhido por D. Raffael Martinelli para a abertura do \u201cProcesso sobre vida, virtudes, fama de santidade e sinais\u201d de Chiara Lubich, por si s\u00f3 salienta a import\u00e2ncia eclesial do ato. A diocese de Frascati \u00e9 o territ\u00f3rio onde est\u00e1 localizado o Centro Internacional do <a href=\"https:\/\/www.focolare.org\/pt\/chi-siamo\/\" target=\"_blank\" rel=\"noopener\">Movimento dos Focolares<\/a>, pr\u00f3ximo de onde Chiara Lubich viveu grande parte de sua vida e morreu. O seu jazigo encontra-se na capela do pr\u00f3prio Centro, em Rocca di Papa.<\/p>\n<p><strong>A cerim\u00f4nia de abertura da causa de beatifica\u00e7\u00e3o e canoniza\u00e7\u00e3o<\/strong>, chamada Primeira Sess\u00e3o, acontecer\u00e1 ter\u00e7a-feira, 27 de janeiro de 2015, com in\u00edcio \u00e0s 16 horas (hora local) com a recita\u00e7\u00e3o das V\u00e9speras. Prev\u00ea a leitura do Decreto de introdu\u00e7\u00e3o da Causa e do Edital de <em>nulla osta <\/em>da Santa S\u00e9; a institui\u00e7\u00e3o do tribunal nomeado pelo bispo; depois os juramentos do bispo, dos membros do tribunal e dos da postula\u00e7\u00e3o. A partir deste momento Chiara Lubich poder\u00e1 ser chamada \u201cserva de Deus\u201d.<\/p>\n<p>A cerim\u00f4nia poder\u00e1 ser acompanhada na internet.<\/p>\n<p><strong>Com uma carta dirigida a todo o Movimento<\/strong> a presidente, Maria Voce, <a href=\"https:\/\/www.focolare.org\/pt\/news\/2015\/01\/19\/chiara-lubich-si-apre-la-causa-di-canonizzazione\/\" target=\"_blank\" rel=\"noopener\">comunica com intensa alegria a not\u00edcia<\/a>,\u00a0desejando a todos os que vivem a espiritualidade da unidade que sejam um \u00abtestemunho vivo\u00bb daquilo que Chiara viveu, anunciou e compartilhou com tantas pessoas, no compromisso de \u00abtornar-nos santos juntos\u00bb.<\/p>\n<p><strong>O procedimento para o in\u00edcio da Causa<\/strong> aconteceu dia <a href=\"https:\/\/www.focolare.org\/pt\/news\/2013\/12\/07\/chiara-lubich-testimone-della-fede-2\/\" target=\"_blank\" rel=\"noopener\">7 de dezembro de 2013<\/a>, nos 70 anos de funda\u00e7\u00e3o dos Focolares, com a decis\u00e3o de apresentar o pedido formal ao bispo de Frascati, D. Martinelli, por parte da presidente, Maria Voce. Nele estava expresso o desejo de que este pedido fosse apresentado com o objetivo de fazer crescer em muitos o compromisso espiritual e moral pelo bem da humanidade. Os meses sucessivos foram necess\u00e1rios para o cumprimento dos atos can\u00f4nicos<\/p>\n<p><strong>O quanto continue a ser iluminativo o testemunho de Chiara Lubich<\/strong> \u00e9 testemunhado pelo ininterrupto fluxo de pessoas, nos seis anos desde a sua morte, aos locais onde viveu e onde agora repousa: mais de 120.000 pessoas de v\u00e1rios continentes e tradi\u00e7\u00f5es religiosas, cardeais e bispos, acad\u00eamicos, pol\u00edticos, fam\u00edlias e jovens, membros de associa\u00e7\u00f5es e movimentos, pessoas de culturas n\u00e3o religiosas, crian\u00e7as e adolescentes, adultos em busca de esperan\u00e7a.<\/p>\n<p><strong>N\u00f3s nos tornaremos santos<\/strong>, explicava ainda Chiara <em>\u00abse na base da nossa santidade (ante omnia, antes at\u00e9 mesmo da santidade) colocarmos a m\u00fatua caridade: Jesus entre n\u00f3s como premissa ou princ\u00edpio, como meio para santificar-nos e como objetivo\u00bb<\/em>.<\/p>\n<p>Live streaming\u00a027 de janeiro de 2015, com in\u00edcio \u00e0s 16 horas (hora local): <a title=\"Streaming\" href=\"http:\/\/live.focolare.org\" target=\"_blank\" rel=\"noopener\">http:\/\/live.focolare.org<\/a><\/p>\n<p><a href=\"https:\/\/www.focolare.org\/pt\/chiara-lubich\/chi-e-chiara\/causa-di-canonizzazione\/\" target=\"_blank\" rel=\"noopener\">Chiara Lubich, causa de beatifica\u00e7\u00e3o e canoniza\u00e7\u00e3o<\/a><\/p><\/p>\n","protected":false},"excerpt":{"rendered":"<p>A cerim\u00f4nia ser\u00e1 no dia 27 de janeiro, na catedral de Frascati (Roma), \u00e0s 16 horas (hora local).<\/p>\n","protected":false},"author":34,"featured_media":0,"comment_status":"open","ping_status":"open","sticky":false,"template":"","format":"standard","meta":{"give_campaign_id":0,"_seopress_robots_primary_cat":"","_seopress_titles_title":"","_seopress_titles_desc":"","_seopress_robots_index":"","_et_pb_use_builder":"","_et_pb_old_content":"","_et_gb_content_width":"","footnotes":""},"categories":[129],"tags":[],"class_list":["post-333314","post","type-post","status-publish","format-standard","hentry","category-sem-categoria"],"_links":{"self":[{"href":"https:\/\/www.focolare.org\/pt-pt\/wp-json\/wp\/v2\/posts\/333314","targetHints":{"allow":["GET"]}}],"collection":[{"href":"https:\/\/www.focolare.org\/pt-pt\/wp-json\/wp\/v2\/posts"}],"about":[{"href":"https:\/\/www.focolare.org\/pt-pt\/wp-json\/wp\/v2\/types\/post"}],"author":[{"embeddable":true,"href":"https:\/\/www.focolare.org\/pt-pt\/wp-json\/wp\/v2\/users\/34"}],"replies":[{"embeddable":true,"href":"https:\/\/www.focolare.org\/pt-pt\/wp-json\/wp\/v2\/comments?post=333314"}],"version-history":[{"count":0,"href":"https:\/\/www.focolare.org\/pt-pt\/wp-json\/wp\/v2\/posts\/333314\/revisions"}],"wp:attachment":[{"href":"https:\/\/www.focolare.org\/pt-pt\/wp-json\/wp\/v2\/media?parent=333314"}],"wp:term":[{"taxonomy":"category","embeddable":true,"href":"https:\/\/www.focolare.org\/pt-pt\/wp-json\/wp\/v2\/categories?post=333314"},{"taxonomy":"post_tag","embeddable":true,"href":"https:\/\/www.focolare.org\/pt-pt\/wp-json\/wp\/v2\/tags?post=333314"}],"curies":[{"name":"wp","href":"https:\/\/api.w.org\/{rel}","templated":true}]}}