{"id":333320,"date":"2015-01-22T15:57:57","date_gmt":"2015-01-22T14:57:57","guid":{"rendered":"https:\/\/www.focolare.org\/loppiano-ao-patriarca-bartolomeu-i-o-doutorado-h-c-do-instituto-universitario-sophia\/"},"modified":"2024-05-16T15:23:19","modified_gmt":"2024-05-16T13:23:19","slug":"loppiano-ao-patriarca-bartolomeu-i-o-doutorado-h-c-do-instituto-universitario-sophia","status":"publish","type":"post","link":"https:\/\/www.focolare.org\/pt-pt\/loppiano-ao-patriarca-bartolomeu-i-o-doutorado-h-c-do-instituto-universitario-sophia\/","title":{"rendered":"Loppiano \u2013 Ao Patriarca Bartolomeu I, o doutorado h.c. do Instituto Universit\u00e1rio Sophia"},"content":{"rendered":"<p><a href=\"http:\/\/www.loppiano.it\/streaming\/C\/Streaming_loppiano-1820762LUO5452063023\">Live streaming &#8211; Loppiano, 26.10.2015, 17:00 CET<\/a>  <a href=\"https:\/\/www.focolare.org\/wp-content\/uploads\/2015\/10\/PatriarchBartholomew.jpeg\"><img loading=\"lazy\" decoding=\"async\" class=\" size-full wp-image-129969 alignleft\" src=\"https:\/\/www.focolare.org\/wp-content\/uploads\/2015\/10\/PatriarchBartholomew.jpeg\" alt=\"PatriarchBartholomew\" width=\"463\" height=\"231\" \/><\/a><strong>Na motiva\u00e7\u00e3o oficial da outorga do doutorado<\/strong>, o reitor do <a href=\"http:\/\/www.iu-sophia.org\" target=\"_blank\" rel=\"noopener\">IUS<\/a>, Prof. Piero Coda, explica que o Patriarca demonstrou-se como convicto e ativo protagonista no caminho ecum\u00eanico rumo \u00e0 plena unidade dos crist\u00e3os e no di\u00e1logo entre as pessoas de diversas religi\u00f5es e convic\u00e7\u00f5es. Al\u00e9m disso, distinguiu-se na promo\u00e7\u00e3o da justi\u00e7a, da paz, do respeito ao ambiente e \u00e0 natureza, em conformidade \u00e0 vis\u00e3o da humanidade, da hist\u00f3ria e do cosmo, guardada e atualizada pela tradi\u00e7\u00e3o espiritual e teol\u00f3gica do Oriente crist\u00e3o.  <strong>A <a href=\"https:\/\/www.focolare.org\/pt\/in-dialogo\/chiese-cristiane\/\" target=\"_blank\" rel=\"noopener\">hist\u00f3ria<\/a><\/strong> das<strong> rela\u00e7\u00f5es fraternas entre o Movimento dos Focolares e os ortodoxos<\/strong> tem suas ra\u00edzes no extraordin\u00e1rio encontro entre <a href=\"https:\/\/www.focolare.org\/pt\/chiara-lubich\/chi-e-chiara\/\" target=\"_blank\" rel=\"noopener\">Chiara Lubich<\/a> e o patriarca de Constantinopla <a href=\"https:\/\/www.focolare.org\/pt\/news\/2012\/07\/04\/athenagoras-i-e-chiara-lubich\/\" target=\"_blank\" rel=\"noopener\">Aten\u00e1goras I<\/a>. \u00abEra o dia 13 de junho de 1967 \u2013 conta Chiara mesma -. Ele recebeu-me como se j\u00e1 me conhecesse. \u201cEu a esperava!\u201d, exclamou, e quis que lhe contasse sobre os contatos do Movimento com luteranos e anglicanos\u00bb. Foram, no total, 25 os encontros de Chiara com Aten\u00e1goras I. Os relacionamentos continuaram, posteriormente, com o Patriarca Dem\u00e9trio I. E os contatos com o atual patriarca ecum\u00eanico, Bartolomeu I, prosseguem no mesmo esp\u00edrito de estima rec\u00edproca e de amizade. Neste per\u00edodo a espiritualidade do Movimento foi acolhida tamb\u00e9m por crist\u00e3os das Antigas Igrejas Orientais, e da mesma forma desenvolveu-se o di\u00e1logo com <strong>s\u00edrio-ortodoxos, coptas, eti\u00f3pios, arm\u00eanios e ass\u00edrios.<\/strong>  O atual evento representa uma pedra importante no relacionamento de sintonia e amizade com o Movimento dos Focolares e insere-se no ano de comemora\u00e7\u00f5es do 50\u00ba anivers\u00e1rio do nascimento da Mari\u00e1polis permanente de Loppiano, iniciados em setembro passado com a manifesta\u00e7\u00e3o LoppianoLab.  Fonte: <a href=\"http:\/\/www.loppiano.it\" target=\"_blank\" rel=\"noopener\">www.loppiano.it<\/a><\/p>\n","protected":false},"excerpt":{"rendered":"<p>O IUS conferir\u00e1 o Doutorado Honoris Causa em \u201cCultura da Unidade\u201d ao Patriarca Ecum\u00eanico Bartolomeu I de Constantinopla, em outubro de 2015, data a ser confirmada.<\/p>\n","protected":false},"author":27,"featured_media":0,"comment_status":"open","ping_status":"open","sticky":false,"template":"","format":"standard","meta":{"give_campaign_id":0,"_seopress_robots_primary_cat":"","_seopress_titles_title":"","_seopress_titles_desc":"","_seopress_robots_index":"","_et_pb_use_builder":"","_et_pb_old_content":"","_et_gb_content_width":"","footnotes":""},"categories":[129],"tags":[],"class_list":["post-333320","post","type-post","status-publish","format-standard","hentry","category-sem-categoria"],"_links":{"self":[{"href":"https:\/\/www.focolare.org\/pt-pt\/wp-json\/wp\/v2\/posts\/333320","targetHints":{"allow":["GET"]}}],"collection":[{"href":"https:\/\/www.focolare.org\/pt-pt\/wp-json\/wp\/v2\/posts"}],"about":[{"href":"https:\/\/www.focolare.org\/pt-pt\/wp-json\/wp\/v2\/types\/post"}],"author":[{"embeddable":true,"href":"https:\/\/www.focolare.org\/pt-pt\/wp-json\/wp\/v2\/users\/27"}],"replies":[{"embeddable":true,"href":"https:\/\/www.focolare.org\/pt-pt\/wp-json\/wp\/v2\/comments?post=333320"}],"version-history":[{"count":0,"href":"https:\/\/www.focolare.org\/pt-pt\/wp-json\/wp\/v2\/posts\/333320\/revisions"}],"wp:attachment":[{"href":"https:\/\/www.focolare.org\/pt-pt\/wp-json\/wp\/v2\/media?parent=333320"}],"wp:term":[{"taxonomy":"category","embeddable":true,"href":"https:\/\/www.focolare.org\/pt-pt\/wp-json\/wp\/v2\/categories?post=333320"},{"taxonomy":"post_tag","embeddable":true,"href":"https:\/\/www.focolare.org\/pt-pt\/wp-json\/wp\/v2\/tags?post=333320"}],"curies":[{"name":"wp","href":"https:\/\/api.w.org\/{rel}","templated":true}]}}