{"id":333354,"date":"2015-02-06T05:00:09","date_gmt":"2015-02-06T04:00:09","guid":{"rendered":"https:\/\/www.focolare.org\/evangelho-vivido-acolher-se-nao-obstante-tudo\/"},"modified":"2024-05-16T15:23:27","modified_gmt":"2024-05-16T13:23:27","slug":"evangelho-vivido-acolher-se-nao-obstante-tudo","status":"publish","type":"post","link":"https:\/\/www.focolare.org\/pt-pt\/evangelho-vivido-acolher-se-nao-obstante-tudo\/","title":{"rendered":"Evangelho vivido: acolher-se, n\u00e3o obstante tudo"},"content":{"rendered":"<p><p><strong><img loading=\"lazy\" decoding=\"async\" class=\"alignleft wp-image-119117\" src=\"https:\/\/www.focolare.org\/wp-content\/uploads\/2015\/02\/20150206-01.jpg\" alt=\"20150206-01\" width=\"320\" height=\"214\" \/>\u201cPela minha forma\u00e7\u00e3o profissional, sou militar,<\/strong> e tamb\u00e9m pelo meu car\u00e1ter muito r\u00edgido, eu encontrava muitas dificuldades no relacionamento com os meus filhos. Eu tinha consci\u00eancia de que deveria corrigir a minha atitude, mas n\u00e3o sabia por onde come\u00e7ar. As palavras do Evangelho me exortavam a colocar o amor como fundamento da educa\u00e7\u00e3o dos filhos e, portanto, a renovar profundamente a minha rela\u00e7\u00e3o com eles: n\u00e3o uma renova\u00e7\u00e3o superficial, mas radical.<\/p>\n<p>Come\u00e7ando e recome\u00e7ando continuamente, aos poucos abriu-se o caminho da comunica\u00e7\u00e3o com meus filhos. Eu procurei entrar no ambiente deles, interessar-me mais pelas inquieta\u00e7\u00f5es e aspira\u00e7\u00f5es de cada um deles. Pude conhecer seus problemas, nos alegramos e sofremos juntos, e assim anulou-se a dist\u00e2ncia entre n\u00f3s, at\u00e9 mesmo com o que era mais dif\u00edcil. Eu assumi a minha fun\u00e7\u00e3o de pai em outra dimens\u00e3o: tornei-me para eles tamb\u00e9m um conselheiro, amigo e irm\u00e3o\u201d.<\/p>\n<p>(F. U. &#8211; <a href=\"https:\/\/www.focolare.org\/pt\/focolare-worldwide\/america-sud\/peru\/\" target=\"_blank\" rel=\"noopener\">Peru<\/a>)<\/p>\n<p><strong>\u201cEu tenho 29 anos e sou do Sri Lanka.<\/strong> No meu pa\u00eds eu trabalhava como cozinheiro e lutava por uma justi\u00e7a maior entre as diversas classes sociais, mas esta minha atitude era vista com suspeita. Fui obrigado a sair da minha p\u00e1tria, ir para a Europa e viver em um lugar onde tudo \u00e9 diferente para mim. Assim que cheguei onde eu moro hoje, senti-me tremendamente s\u00f3 e senti muita raiva de todas as pessoas. Mas, depois, no campo de refugiados, em meio a muitas pessoas desconhecidas, algu\u00e9m me falou de alguns jovens crist\u00e3os que t\u00eam o mesmo ideal que tenho: contribuir na constru\u00e7\u00e3o de um mundo melhor. Admirado com a id\u00e9ia de que outros possuem tamb\u00e9m o meu sonho, retomei coragem e comecei a mudar minha atitude, a ser mais cordial com quem estava ao meu redor, a cumpriment\u00e1-los e nasceram relacionamentos mais humanos entre as pessoas, para a grande surpresa da assistente social. Eu sou budista e, por meio da rela\u00e7\u00e3o com pessoas ocidentais crist\u00e3s, tamb\u00e9m a minha f\u00e9 tornou-se mais profunda. Uma frase do Buda nos ensina: \u201cPartilhar a mente e o cora\u00e7\u00e3o com muitas outras pessoas!\u201d.<\/p>\n<p>(S. &#8211; <a href=\"https:\/\/www.focolare.org\/pt\/focolare-worldwide\/asia\/sri-lanka\/\" target=\"_blank\" rel=\"noopener\">Sri Lanka<\/a>)<\/p>\n<p><strong>\u201cDecidindo-me ir a Lourdes a servi\u00e7o dos doentes e oferecendo-me voluntariamente como carregador de maca <\/strong>na Uni\u00e3o Nacional Italiana de Transporte de Doentes a Lourdes e Santu\u00e1rios Internacionais [<strong>Unitalsi<\/strong>] eu pensei que experimentaria uma peregrina\u00e7\u00e3o cheia de surpresas, de \u2018efeitos especiais\u2019. Na realidade Deus, aceitando a minha boa vontade e essas inten\u00e7\u00f5es parcialmente interessadas, serviu-se desta circunst\u00e2ncia para fazer-me compreender o que ele desejava, ou seja, que o meu servi\u00e7o aos doentes certamente \u00e9 importante para eles, mas que tamb\u00e9m &#8211; e especialmente &#8211; eu \u2018preciso deles\u2019. Porque \u2013 afirmo como s\u00edntese da experi\u00eancia vivida em Lourdes \u2013 se eu tenho a possibilidade de doar o que gratuitamente recebi de Deus, os enfermos me retribuem com o m\u00e1ximo que eles conseguem oferecer: \u00e0s vezes \u00e9 um sorriso, um sinal que demonstra gratid\u00e3o ou um caloroso cumprimento\u2026\u201d.<\/p>\n<p>(M.G. &#8211; <a href=\"https:\/\/www.focolare.org\/pt\/focolare-worldwide\/europa\/italia\/\" target=\"_blank\" rel=\"noopener\">It\u00e1lia<\/a>)<\/p>\n<p>Fonte: <a href=\"http:\/\/editrice.cittanuova.it\/s\/526924\/Il_Vangelo_del_giorno_febbraio_2014.html\">Il Vangelo del giorno, febbraio 2015<\/a> \u2013 Editora Citt\u00e0 Nuova<\/p><\/p>\n","protected":false},"excerpt":{"rendered":"<p>Da diversidade de opini\u00f5es \u00e0s desilus\u00f5es, dos erros ao perd\u00e3o dif\u00edcil, s\u00e3o muitas as ocasi\u00f5es nas quais podemos experimentar a beleza da acolhida rec\u00edproca. Breves experi\u00eancias vividas que nos lembram a Palavra de Vida de fevereiro: \u201cAcolhei-vos uns aos outros.\u201d<\/p>\n","protected":false},"author":34,"featured_media":0,"comment_status":"open","ping_status":"open","sticky":false,"template":"","format":"standard","meta":{"give_campaign_id":0,"_seopress_robots_primary_cat":"","_seopress_titles_title":"","_seopress_titles_desc":"","_seopress_robots_index":"","_et_pb_use_builder":"","_et_pb_old_content":"","_et_gb_content_width":"","footnotes":""},"categories":[909],"tags":[],"class_list":["post-333354","post","type-post","status-publish","format-standard","hentry","category-focolare-worldwide-2-4"],"_links":{"self":[{"href":"https:\/\/www.focolare.org\/pt-pt\/wp-json\/wp\/v2\/posts\/333354","targetHints":{"allow":["GET"]}}],"collection":[{"href":"https:\/\/www.focolare.org\/pt-pt\/wp-json\/wp\/v2\/posts"}],"about":[{"href":"https:\/\/www.focolare.org\/pt-pt\/wp-json\/wp\/v2\/types\/post"}],"author":[{"embeddable":true,"href":"https:\/\/www.focolare.org\/pt-pt\/wp-json\/wp\/v2\/users\/34"}],"replies":[{"embeddable":true,"href":"https:\/\/www.focolare.org\/pt-pt\/wp-json\/wp\/v2\/comments?post=333354"}],"version-history":[{"count":0,"href":"https:\/\/www.focolare.org\/pt-pt\/wp-json\/wp\/v2\/posts\/333354\/revisions"}],"wp:attachment":[{"href":"https:\/\/www.focolare.org\/pt-pt\/wp-json\/wp\/v2\/media?parent=333354"}],"wp:term":[{"taxonomy":"category","embeddable":true,"href":"https:\/\/www.focolare.org\/pt-pt\/wp-json\/wp\/v2\/categories?post=333354"},{"taxonomy":"post_tag","embeddable":true,"href":"https:\/\/www.focolare.org\/pt-pt\/wp-json\/wp\/v2\/tags?post=333354"}],"curies":[{"name":"wp","href":"https:\/\/api.w.org\/{rel}","templated":true}]}}