{"id":333372,"date":"2015-02-14T05:00:34","date_gmt":"2015-02-14T04:00:34","guid":{"rendered":"https:\/\/www.focolare.org\/el-salvador-em-festa-por-romero\/"},"modified":"2024-05-16T15:23:31","modified_gmt":"2024-05-16T13:23:31","slug":"el-salvador-em-festa-por-romero","status":"publish","type":"post","link":"https:\/\/www.focolare.org\/pt-pt\/el-salvador-em-festa-por-romero\/","title":{"rendered":"El Salvador em festa por Romero"},"content":{"rendered":"<p><strong><img loading=\"lazy\" decoding=\"async\" class=\"alignright size-full wp-image-119526\" src=\"https:\/\/www.focolare.org\/wp-content\/uploads\/2015\/02\/20150214-02.jpg\" alt=\"20150214-02\" width=\"312\" height=\"207\" \/>\u201cUma prega\u00e7\u00e3o que n\u00e3o denuncia o pecado n\u00e3o \u00e9 uma prega\u00e7\u00e3o do Evangelho\u201d<\/strong>, afirmou D. Romero em um de seus discursos.  <strong>Seu mart\u00edrio, que ocorreu em 24 de mar\u00e7o de 1980 enquanto celebrava a Missa<\/strong> na capela do hospital para doentes terminais em que residia, deu for\u00e7a para muitas fam\u00edlias salvadorenhas que perderam seus familiares e amigos durante a guerra civil, que se tornou implac\u00e1vel ap\u00f3s a sua morte. E <strong>ainda hoje o seu testemunho \u00e9 um forte apelo pela paz<\/strong>, a fraternidade e a reconcilia\u00e7\u00e3o que o povo deseja ardentemente.  <strong>\u00abA not\u00edcia de que o Papa Francisco assinara o decreto que reconhece o mart\u00edrio por &#8220;<em>odium fidei<\/em>\u201d<\/strong> (\u00f3dio \u00e0 f\u00e9) de D. Oscar Arnulfo Romero, foi causa de exulta\u00e7\u00e3o para o povo. Os bispos fizeram tocar alegremente os sinos de todas as igrejas de El Salvador para expressar a grande alegria\u00bb, escreve Fillipo Casabianca, da sede do Movimento dos Focolares na Am\u00e9rica Central. \u00abDesde que Bergoglio se tornou Papa \u2013 ele explica \u2013 surgiu a esperan\u00e7a de que, conhecendo as necessidades urgentes dos pobres e as obscuras tramas de alguns regimes ditatoriais latino-americanos, ele poderia acelerar o processo da causa de beatifica\u00e7\u00e3o. Espera-se agora a proclama\u00e7\u00e3o solene, numa data a ser anunciada, em San Salvador\u00bb.  <strong>O que esta por tr\u00e1s desta situa\u00e7\u00e3o?<\/strong> \u00abO trabalho mission\u00e1rio da Igreja, naquela \u00e9poca, era marcado por tens\u00f5es que oscilavam de uma genu\u00edna lealdade para com as orienta\u00e7\u00f5es do Conc\u00edlio, de ajuda aos mais necessitados, \u00e0 tenta\u00e7\u00e3o de quem considerava leg\u00edtima uma liga\u00e7\u00e3o com movimentos de base marxista. De tudo isso Romero foi acusado, at\u00e9 o ponto de ter silenciada a sua voz\u00bb. Mas tamb\u00e9m a <a href=\"https:\/\/www.focolare.org\/pt\/chiara-lubich\/spiritualita-dellunita\/\" target=\"_blank\" rel=\"noopener\">espiritualidade dos Focolares<\/a> coloca as suas ra\u00edzes, em <a href=\"https:\/\/www.focolare.org\/pt\/focolare-worldwide\/america-nord-e-centrale\/el-salvador\/\" target=\"_blank\" rel=\"noopener\">El Salvador<\/a>, no h\u00famus dos horrores da guerra. No final dos anos 1970 iniciaram as primeiras visitas dos focolarinos, vindos da Col\u00f4mbia, at\u00e9 as primeiras Mari\u00e1polis, em 1982, em Santiago de Maria.  <img loading=\"lazy\" decoding=\"async\" class=\"alignleft wp-image-119522\" src=\"https:\/\/www.focolare.org\/wp-content\/uploads\/2015\/02\/20150214-01.jpg\" alt=\"20150214-01\" width=\"351\" height=\"214\" \/>\u00abAs estradas que ligavam as cidades eram patrulhadas alternadamente por guerrilheiros ou pelo ex\u00e9rcito &#8211; continua Filippo -, por isso os meios de locomo\u00e7\u00e3o eram os mais variados poss\u00edveis, e podiam terminar em interrogat\u00f3rios ou recrutamento for\u00e7ado. A guerra havia come\u00e7ado ap\u00f3s a morte de Romero e sua mensagem estava viva em todos\u00bb. \u00abAs palavras, a doutrina e o testemunho de D. Romero &#8211; conta Reynaldo, um dos primeiros <a href=\"https:\/\/www.focolare.org\/pt\/movimento-dei-focolari\/scelte-e-impegno\/gen\/\" target=\"_blank\" rel=\"noopener\">jovens <\/a>salvadorenhos do Movimento \u2013 ressoavam com for\u00e7a em quem teve a sorte de encontrar o Ideal da unidade, particularmente pela refer\u00eancia \u00e0 op\u00e7\u00e3o preferencial pelos pobres\u00bb. Era um forte chamado \u00e0 coer\u00eancia crist\u00e3, visto com perplexidade por alguns, abra\u00e7ado por muitos e \u00e0s vezes manipulado. \u00abO exemplo de D. Romero, que se depara com a experi\u00eancia de <a href=\"https:\/\/www.focolare.org\/pt\/chiara-lubich\/chi-e-chiara\/\" target=\"_blank\" rel=\"noopener\">Chiara Lubich<\/a> e as suas companheiras, durante a Segunda Guerra Mundial em Trento, nos fez acolher o <a href=\"https:\/\/www.focolare.org\/pt\/chiara-lubich\/spiritualita-dellunita\/\" target=\"_blank\" rel=\"noopener\">Carisma da unidade<\/a> de maneira pura, e nos ajudou a caminhar contra a corrente\u00bb.  <strong>Uma determina\u00e7\u00e3o<\/strong> que se manifesta ainda hoje no compromisso social do <a href=\"https:\/\/www.focolare.org\/pt\/movimento-dei-focolari\/fr\/un-popolo\/famiglie-nuove\/\" target=\"_blank\" rel=\"noopener\">Movimento dos Focolares<\/a> em El Salvador. A recupera\u00e7\u00e3o de presos, por exemplo, acontece no \u00e2mbito da Pastoral carcer\u00e1ria da Igreja e envolve uma equipe dos membros dos Focolares: visitam regularmente a famosa pris\u00e3o de Mariona, que abriga os l\u00edderes mais perigosos do crime e do narcotr\u00e1fico. Atualmente, cerca de 180 pessoas, cumprindo senten\u00e7as diferentes, participam dos encontros da <a href=\"https:\/\/www.focolare.org\/pt\/chiara-lubich\/spiritualita-dellunita\/la-parola\/\" target=\"_blank\" rel=\"noopener\">&#8220;Palavra de Vida&#8221;<\/a>, com grupos de 18 pessoas cada. Na \u00faltima reuni\u00e3o algu\u00e9m disse: \u00abPe\u00e7o perd\u00e3o aos meus companheiros de cela porque eu os tratei com viol\u00eancia, mas eu quero mudar\u00bb.  <strong>Outras atividades s\u00e3o direcionadas \u00e0 inclus\u00e3o social numa aldeia em condi\u00e7\u00f5es de risco<\/strong>. A situa\u00e7\u00e3o tornou-se perigosa e o p\u00e1roco aconselhou cautela aos membros do Movimento. Em outras duas cidades se mant\u00eam jardins de inf\u00e2ncia e aulas de refor\u00e7o que buscam reduzir o abandono escolar, o que favorece a criminalidade.  <strong>Com o exemplo de D. Romero<\/strong>, em El Salvador e n\u00e3o s\u00f3, reaviva-se o desejo de ser fi\u00e9is ao Evangelho que impulsiona a viver para todos, especialmente os menores, os pobres e os marginalizados.<\/p>\n","protected":false},"excerpt":{"rendered":"<p>O bispo salvadorenho, morto por \u201c\u00f3dio \u00e0 f\u00e9\u201d, que exercia o seu servi\u00e7o aos pobres e indefesos, ser\u00e1 proclamado beato. Para as comunidades dos Focolares, que surgiram nos anos obscuros da guerra civil, a sua vida foi um exemplo de coer\u00eancia crist\u00e3.<\/p>\n","protected":false},"author":34,"featured_media":0,"comment_status":"open","ping_status":"open","sticky":false,"template":"","format":"standard","meta":{"give_campaign_id":0,"_seopress_robots_primary_cat":"","_seopress_titles_title":"","_seopress_titles_desc":"","_seopress_robots_index":"","_et_pb_use_builder":"","_et_pb_old_content":"","_et_gb_content_width":"","footnotes":""},"categories":[129],"tags":[],"class_list":["post-333372","post","type-post","status-publish","format-standard","hentry","category-sem-categoria"],"_links":{"self":[{"href":"https:\/\/www.focolare.org\/pt-pt\/wp-json\/wp\/v2\/posts\/333372","targetHints":{"allow":["GET"]}}],"collection":[{"href":"https:\/\/www.focolare.org\/pt-pt\/wp-json\/wp\/v2\/posts"}],"about":[{"href":"https:\/\/www.focolare.org\/pt-pt\/wp-json\/wp\/v2\/types\/post"}],"author":[{"embeddable":true,"href":"https:\/\/www.focolare.org\/pt-pt\/wp-json\/wp\/v2\/users\/34"}],"replies":[{"embeddable":true,"href":"https:\/\/www.focolare.org\/pt-pt\/wp-json\/wp\/v2\/comments?post=333372"}],"version-history":[{"count":0,"href":"https:\/\/www.focolare.org\/pt-pt\/wp-json\/wp\/v2\/posts\/333372\/revisions"}],"wp:attachment":[{"href":"https:\/\/www.focolare.org\/pt-pt\/wp-json\/wp\/v2\/media?parent=333372"}],"wp:term":[{"taxonomy":"category","embeddable":true,"href":"https:\/\/www.focolare.org\/pt-pt\/wp-json\/wp\/v2\/categories?post=333372"},{"taxonomy":"post_tag","embeddable":true,"href":"https:\/\/www.focolare.org\/pt-pt\/wp-json\/wp\/v2\/tags?post=333372"}],"curies":[{"name":"wp","href":"https:\/\/api.w.org\/{rel}","templated":true}]}}