{"id":333390,"date":"2015-02-24T05:00:43","date_gmt":"2015-02-24T04:00:43","guid":{"rendered":"https:\/\/www.focolare.org\/chiara-lubich-liberdade-igualdade-que-fim-levou-a-fraternidade\/"},"modified":"2024-05-16T15:23:35","modified_gmt":"2024-05-16T13:23:35","slug":"chiara-lubich-liberdade-igualdade-que-fim-levou-a-fraternidade","status":"publish","type":"post","link":"https:\/\/www.focolare.org\/pt-pt\/chiara-lubich-liberdade-igualdade-que-fim-levou-a-fraternidade\/","title":{"rendered":"Chiara Lubich: Liberdade, igualdade&#8230; que fim levou a fraternidade?"},"content":{"rendered":"<p>\u00ab<strong>Em raros momentos o nosso planeta sofreu tanto pela desconfian\u00e7a,<\/strong> pelo temor, inclusive pelo terror quanto no nosso tempo. Basta pensar no dia 11 de setembro de 2001, e ainda mais pr\u00f3ximo, no dia 11 de mar\u00e7o de 2004, sem esquecer outras centenas de atentados que, nesses \u00faltimos anos, alimentaram a nossa cr\u00f4nica cotidiana.<\/p>\n<p><strong>O terrorismo:<\/strong> uma calamidade t\u00e3o grave quanto as dezenas de guerras que ainda ensanguentam o nosso planeta!<\/p>\n<p><strong>E quais s\u00e3o as causas? Muitas<\/strong>. Por\u00e9m, por for\u00e7a reconhecemos que uma das mais graves \u00e9 o desequil\u00edbrio econ\u00f4mico e social que existe no mundo entre pa\u00edses ricos e pobres. Esse desequil\u00edbrio gera ressentimento, hostilidade, vingan\u00e7a, favorecendo o fundamentalismo, que ali encontra um terreno adequado para crescer.<\/p>\n<p><strong>Se o quadro \u00e9 este<\/strong>; ent\u00e3o, para que o terrorismo perca a sua for\u00e7a e desapare\u00e7a, a guerra n\u00e3o \u00e9 a solu\u00e7\u00e3o. Temos que buscar os caminhos do di\u00e1logo, solu\u00e7\u00f5es pol\u00edticas e diplom\u00e1ticas. Mas n\u00e3o s\u00f3; \u00e9 preciso suscitar no mundo mais solidariedade entre todos e uma mais justa comunh\u00e3o de bens.<\/p>\n<p>Sem contar que s\u00e3o muito mais numerosos os temas candentes que interpelam a pol\u00edtica em dimens\u00e3o nacional e internacional. Tamb\u00e9m o modelo de desenvolvimento econ\u00f4mico do mundo ocidental j\u00e1 est\u00e1 indiscutivelmente em crise. Essa crise requer n\u00e3o s\u00f3 poucos ajustes, mas uma revis\u00e3o global, para superar a recess\u00e3o em curso.<\/p>\n<p><strong>A marcha irrefre\u00e1vel da pesquisa cient\u00edfica<\/strong> deve ser controlada por meios que garantam a integridade e a sa\u00fade da esp\u00e9cie humana e de todo o ecossistema.<\/p>\n<p>O reconhecimento da fun\u00e7\u00e3o essencial dos meios de comunica\u00e7\u00e3o no mundo moderno deve estruturar regras claras frente \u00e0s espec\u00edficas exig\u00eancias de promo\u00e7\u00e3o dos valores e de tutela das pessoas, dos grupos, dos povos.<\/p>\n<p>Outra quest\u00e3o central prov\u00e9m da necessidade de defender e valorizar a riqueza proveniente das diferen\u00e7as \u00e9tnicas, religiosas, culturais, mesmo no horizonte dos irrevers\u00edveis processos de globaliza\u00e7\u00e3o em andamento.<\/p>\n<p>Esses s\u00e3o alguns dentre os maiores desafios apresentados pela atualidade que demandam fortemente a ideia e a pr\u00e1tica da fraternidade, e, pela vastid\u00e3o do problema, de uma fraternidade universal\u00bb.<\/p>\n<p><iframe loading=\"lazy\" title=\"Chiara Lubich: &quot;to reduce and put an end to terrorism... a more equitable communion of goods&quot;.\" width=\"1080\" height=\"810\" src=\"https:\/\/www.youtube.com\/embed\/B5oBXTkTFrI?feature=oembed\"  allow=\"accelerometer; autoplay; clipboard-write; encrypted-media; gyroscope; picture-in-picture; web-share\" referrerpolicy=\"strict-origin-when-cross-origin\" allowfullscreen><\/iframe><\/p>\n<p>Discurso integral <a href=\"http:\/\/www.centrochiaralubich.org\/pt\/documentos\/textos\/146-scritto-pt\/992-liberdade-igualdade-que-fim-levou-a-fraternidade.html\" target=\"_blank\" rel=\"noopener\">Centro Chiara Lubich<\/a><\/p>\n","protected":false},"excerpt":{"rendered":"<p>Trecho do discurso no Parlamento em Westminster, Londres, no dia 22 de junho de 2004. #politics4unity<\/p>\n","protected":false},"author":34,"featured_media":0,"comment_status":"open","ping_status":"open","sticky":false,"template":"","format":"standard","meta":{"give_campaign_id":0,"_seopress_robots_primary_cat":"","_seopress_titles_title":"","_seopress_titles_desc":"","_seopress_robots_index":"","_et_pb_use_builder":"","_et_pb_old_content":"","_et_gb_content_width":"","footnotes":""},"categories":[129],"tags":[],"class_list":["post-333390","post","type-post","status-publish","format-standard","hentry","category-sem-categoria"],"_links":{"self":[{"href":"https:\/\/www.focolare.org\/pt-pt\/wp-json\/wp\/v2\/posts\/333390","targetHints":{"allow":["GET"]}}],"collection":[{"href":"https:\/\/www.focolare.org\/pt-pt\/wp-json\/wp\/v2\/posts"}],"about":[{"href":"https:\/\/www.focolare.org\/pt-pt\/wp-json\/wp\/v2\/types\/post"}],"author":[{"embeddable":true,"href":"https:\/\/www.focolare.org\/pt-pt\/wp-json\/wp\/v2\/users\/34"}],"replies":[{"embeddable":true,"href":"https:\/\/www.focolare.org\/pt-pt\/wp-json\/wp\/v2\/comments?post=333390"}],"version-history":[{"count":0,"href":"https:\/\/www.focolare.org\/pt-pt\/wp-json\/wp\/v2\/posts\/333390\/revisions"}],"wp:attachment":[{"href":"https:\/\/www.focolare.org\/pt-pt\/wp-json\/wp\/v2\/media?parent=333390"}],"wp:term":[{"taxonomy":"category","embeddable":true,"href":"https:\/\/www.focolare.org\/pt-pt\/wp-json\/wp\/v2\/categories?post=333390"},{"taxonomy":"post_tag","embeddable":true,"href":"https:\/\/www.focolare.org\/pt-pt\/wp-json\/wp\/v2\/tags?post=333390"}],"curies":[{"name":"wp","href":"https:\/\/api.w.org\/{rel}","templated":true}]}}