{"id":333392,"date":"2015-02-25T05:00:33","date_gmt":"2015-02-25T04:00:33","guid":{"rendered":"https:\/\/www.focolare.org\/gen-rosso-campus-o-musical\/"},"modified":"2024-05-16T15:23:35","modified_gmt":"2024-05-16T13:23:35","slug":"gen-rosso-campus-o-musical","status":"publish","type":"post","link":"https:\/\/www.focolare.org\/pt-pt\/gen-rosso-campus-o-musical\/","title":{"rendered":"Gen Rosso: CAMPUS, o musical"},"content":{"rendered":"<p><p><strong><a href=\"http:\/\/www.loppiano.it\/dettaglio\/C\/Il_Gen_Rosso_presenta_CAMPUS___the_Musical-1850641ARE8726095038\/\"><img loading=\"lazy\" decoding=\"async\" class=\"alignright wp-image-119006\" src=\"https:\/\/www.focolare.org\/wp-content\/uploads\/2015\/02\/Campus_Musical.jpg\" alt=\"Campus_Musical\" width=\"221\" height=\"143\" \/><\/a><\/strong>\u201c<strong>S\u00e3o 7h da manh\u00e3 do dia 28 de abril, estamos na esta\u00e7\u00e3o central. Um dia e um lugar que os estudantes do Campus jamais esquecer\u00e3o<\/strong>. Algo de imprevisto est\u00e1 por acontecer e\u2026 eles devem fazer a pr\u00f3pria escolha: chegou a hora!\u201d Uma cena de forte impacto emotivo e teatral abre <strong>CAMPUS, o novo musical do Gen Rosso, com pr\u00e9-estr\u00e9ia nos pr\u00f3ximos dias 14 e 15 de mar\u00e7o, em Loppiano<\/strong>, no Teatro do Centro Internacional.<\/p>\n<p><strong>A primeira apresenta\u00e7\u00e3o da tourn\u00e9e mundial ser\u00e1 em N\u00e1poles, 28 e 29 de mar\u00e7o, no Teatro Mediterr\u00e2neo Mostra <strong>d\u2019Oltremare<\/strong>. <\/strong>Iniciada em uma id\u00e9ia original de Chiara Lubich, a \u00f3pera se inspira em fatos realmente acontecidos e ganhou vida no palco depois de dez anos de pesquisa art\u00edstica e de conte\u00fados.<strong><br \/> <\/strong><\/p>\n<p><strong>As nossas cidades como o campus<\/strong><br \/> Valerio Cipr\u00ec nos diz que: \u201cPareceu-me, imediatamente, que o ambiente do campus representasse muito bem a met\u00e1fora do cotidiano das nossas conviv\u00eancias urbanas globalizadas. As cidades atualmente cont\u00eam grandes contradi\u00e7\u00f5es que v\u00e3o desde a degrada\u00e7\u00e3o da delinqu\u00eancia, da droga, da corrup\u00e7\u00e3o at\u00e9 a exist\u00eancia de lugares de resgate nos quais os cidad\u00e3os se reapropriam de espa\u00e7os de solidariedade e de humanidade. <strong>E a mensagem de Campus \u00e9 exatamente esta: uma sociedade unida n\u00e3o se realiza anulando as diferen\u00e7as<\/strong>, mas, colocando-se frente aos desafios e arrega\u00e7ando as mangas para construir rela\u00e7\u00f5es aut\u00eanticas. Tendo como cen\u00e1rio o tempo atual marcado pelo drama do medo e do terrorismo, entrela\u00e7am-se as hist\u00f3rias de um grupo de estudantes, cada um com seus sonhos e projetos para o futuro e com o presente marcado por uma cansativa carga de sofrimentos, ang\u00fastias e questionamentos.\u201d<strong><br \/> <\/strong><\/p>\n<p><strong>Um espet\u00e1culo corajoso, composto de sonoridades envolventes e de atualidade urgente<\/strong><\/p>\n<p>O musical \u00e9 composto por vinte e tr\u00eas partes e passagens coreogr\u00e1ficas que interagem com sequ\u00eancias filmadas, cenas teatrais e de a\u00e7\u00e3o. \u201cO projeto art\u00edstico \u00e9 resultado da colabora\u00e7\u00e3o de uma equipe internacional de profissionais\u201d, explica Beni Enderle. \u201cAs melodias s\u00e3o intensas e muito atraentes, cheias de entrela\u00e7amentos harm\u00f4nicos envolventes, com l\u00edricas que abrangem a leveza da atmosfera latina, o <em>pathos<\/em> de ritmos afro, em uma s\u00edntese sonora que envolve e conquista.\u201d<\/p>\n<p>\u201cAos poucos, enquanto se imerge na hist\u00f3ria e na atmosfera do espet\u00e1culo \u2013 prossegue Jos\u00e9 Manuel Garcia \u2013 nota-se a amplid\u00e3o global que surge de um complexo narrativo que toca diretamente o ponto central dos desafios da atualidade, atrav\u00e9s de uma coluna sonora original e rigorosamente <em>live<\/em> que passa pelos ritmos e sonoridade Rock, Pop, Reggae, Samba-ax\u00e9, Eletr\u00f4nica contempor\u00e2nea, Hip-hop at\u00e9 ao Dubstep\u2026\u201d.<\/p>\n<p><strong>O impacto c\u00eanico \u00e9 de vanguarda<\/strong>. Jean Paul Carradosi afirma: \u201cEu trabalhei em muitas produ\u00e7\u00f5es de car\u00e1ter internacional. Campus foi para mim um inesperado desafio pelo seu aparato dramat\u00fargico e teatral muito intenso. Era preciso criar uma atmosfera que valorizasse os conte\u00fados e, ao mesmo tempo, conduzisse o espectador a entrar na hist\u00f3ria.\u201d<\/p>\n<p><strong>Produzido pelo Gen Rosso International Performing Arts Group<\/strong> (16 artistas de 9 pa\u00edses) com uma inova\u00e7\u00e3o metodol\u00f3gica de trabalho art\u00edstico, t\u00e9cnico, de dire\u00e7\u00e3o e de administra\u00e7\u00e3o, o musical \u00e9 resultado da converg\u00eancia e sinergia de uma equipe internacional.<\/p>\n<p><strong>Venda antecipada de ingressos: Clique aqui <\/strong>(tel.055 9051102 &#8211; mail genrosso.campus@loppiano.it)<\/p>\n<p><strong>On line<\/strong>: aquisi\u00e7\u00e3o nos endere\u00e7os <a href=\"http:\/\/www.boxol.it\/Toscana\/IT\/Toscana-Dettaglio-Evento.aspx?E=122313\" target=\"_blank\" rel=\"noopener\">concerto 14\/03<\/a> &#8211; <a href=\"http:\/\/www.boxol.it\/Toscana\/IT\/Toscana-Dettaglio-Evento.aspx?E=122315\">concerto 15\/03<\/a><\/p>\n<p><a href=\"http:\/\/www.loppiano.it\/images\/loc%20gen%20ros.pdf\" target=\"_blank\" rel=\"noopener\">Download do p\u00f4ster<\/a><\/p>\n<p>&nbsp;<\/p><\/p>\n","protected":false},"excerpt":{"rendered":"<p>Atualmente existe uma sa\u00edda para o \u00f3dio e o terrorismo? Artistas de v\u00e1rios pa\u00edses narram os desafios do multiculturalismo do nosso tempo. Do musical tem tamb\u00e9m origem \u201cCampus \u2013 Projeto Cultural\u201d.<\/p>\n","protected":false},"author":34,"featured_media":0,"comment_status":"open","ping_status":"open","sticky":false,"template":"","format":"standard","meta":{"give_campaign_id":0,"_seopress_robots_primary_cat":"","_seopress_titles_title":"","_seopress_titles_desc":"","_seopress_robots_index":"","_et_pb_use_builder":"","_et_pb_old_content":"","_et_gb_content_width":"","footnotes":""},"categories":[129],"tags":[],"class_list":["post-333392","post","type-post","status-publish","format-standard","hentry","category-sem-categoria"],"_links":{"self":[{"href":"https:\/\/www.focolare.org\/pt-pt\/wp-json\/wp\/v2\/posts\/333392","targetHints":{"allow":["GET"]}}],"collection":[{"href":"https:\/\/www.focolare.org\/pt-pt\/wp-json\/wp\/v2\/posts"}],"about":[{"href":"https:\/\/www.focolare.org\/pt-pt\/wp-json\/wp\/v2\/types\/post"}],"author":[{"embeddable":true,"href":"https:\/\/www.focolare.org\/pt-pt\/wp-json\/wp\/v2\/users\/34"}],"replies":[{"embeddable":true,"href":"https:\/\/www.focolare.org\/pt-pt\/wp-json\/wp\/v2\/comments?post=333392"}],"version-history":[{"count":0,"href":"https:\/\/www.focolare.org\/pt-pt\/wp-json\/wp\/v2\/posts\/333392\/revisions"}],"wp:attachment":[{"href":"https:\/\/www.focolare.org\/pt-pt\/wp-json\/wp\/v2\/media?parent=333392"}],"wp:term":[{"taxonomy":"category","embeddable":true,"href":"https:\/\/www.focolare.org\/pt-pt\/wp-json\/wp\/v2\/categories?post=333392"},{"taxonomy":"post_tag","embeddable":true,"href":"https:\/\/www.focolare.org\/pt-pt\/wp-json\/wp\/v2\/tags?post=333392"}],"curies":[{"name":"wp","href":"https:\/\/api.w.org\/{rel}","templated":true}]}}