{"id":333418,"date":"2015-03-07T05:00:31","date_gmt":"2015-03-07T04:00:31","guid":{"rendered":"https:\/\/www.focolare.org\/chiara-lubich-amar-a-patria-alheia-como-a-propria\/"},"modified":"2024-05-16T15:23:40","modified_gmt":"2024-05-16T13:23:40","slug":"chiara-lubich-amar-a-patria-alheia-como-a-propria","status":"publish","type":"post","link":"https:\/\/www.focolare.org\/pt-pt\/chiara-lubich-amar-a-patria-alheia-como-a-propria\/","title":{"rendered":"Chiara Lubich: &#8220;Amar a p\u00e1tria alheia como a pr\u00f3pria&#8221;"},"content":{"rendered":"<p><p><iframe loading=\"lazy\" title=\"(PT) Chiara Lubich no Simp\u00f3sio na Sede das Na\u00e7\u00f5es Unidas (Nova York), 28 de maio de 1997\" src=\"https:\/\/player.vimeo.com\/video\/121268207?dnt=1&amp;app_id=122963\" width=\"640\" height=\"480\" frameborder=\"0\" allow=\"autoplay; fullscreen; picture-in-picture; clipboard-write\"><\/iframe> <\/p><\/p>\n","protected":false},"excerpt":{"rendered":"<p>Chiara Lubich no Simp\u00f3sio na Sede das Na\u00e7\u00f5es Unidas (Nova York), 28 de maio de 1997: Rumo \u00e0 unidade das Na\u00e7\u00f5es e \u00e0 unidade dos Povos. #politcs4unity<\/p>\n","protected":false},"author":34,"featured_media":0,"comment_status":"open","ping_status":"open","sticky":false,"template":"","format":"standard","meta":{"give_campaign_id":0,"_seopress_robots_primary_cat":"","_seopress_titles_title":"","_seopress_titles_desc":"","_seopress_robots_index":"","_et_pb_use_builder":"","_et_pb_old_content":"","_et_gb_content_width":"","footnotes":""},"categories":[909],"tags":[],"class_list":["post-333418","post","type-post","status-publish","format-standard","hentry","category-focolare-worldwide-2-4"],"_links":{"self":[{"href":"https:\/\/www.focolare.org\/pt-pt\/wp-json\/wp\/v2\/posts\/333418","targetHints":{"allow":["GET"]}}],"collection":[{"href":"https:\/\/www.focolare.org\/pt-pt\/wp-json\/wp\/v2\/posts"}],"about":[{"href":"https:\/\/www.focolare.org\/pt-pt\/wp-json\/wp\/v2\/types\/post"}],"author":[{"embeddable":true,"href":"https:\/\/www.focolare.org\/pt-pt\/wp-json\/wp\/v2\/users\/34"}],"replies":[{"embeddable":true,"href":"https:\/\/www.focolare.org\/pt-pt\/wp-json\/wp\/v2\/comments?post=333418"}],"version-history":[{"count":0,"href":"https:\/\/www.focolare.org\/pt-pt\/wp-json\/wp\/v2\/posts\/333418\/revisions"}],"wp:attachment":[{"href":"https:\/\/www.focolare.org\/pt-pt\/wp-json\/wp\/v2\/media?parent=333418"}],"wp:term":[{"taxonomy":"category","embeddable":true,"href":"https:\/\/www.focolare.org\/pt-pt\/wp-json\/wp\/v2\/categories?post=333418"},{"taxonomy":"post_tag","embeddable":true,"href":"https:\/\/www.focolare.org\/pt-pt\/wp-json\/wp\/v2\/tags?post=333418"}],"curies":[{"name":"wp","href":"https:\/\/api.w.org\/{rel}","templated":true}]}}