{"id":333440,"date":"2015-03-14T05:00:45","date_gmt":"2015-03-14T04:00:45","guid":{"rendered":"https:\/\/www.focolare.org\/chiara-lubich-e-a-america-latina-politica-identidade-e-designio\/"},"modified":"2024-05-16T15:23:44","modified_gmt":"2024-05-16T13:23:44","slug":"chiara-lubich-e-a-america-latina-politica-identidade-e-designio","status":"publish","type":"post","link":"https:\/\/www.focolare.org\/pt-pt\/chiara-lubich-e-a-america-latina-politica-identidade-e-designio\/","title":{"rendered":"Chiara Lubich e a Am\u00e9rica Latina: pol\u00edtica, identidade e des\u00edgnio"},"content":{"rendered":"<div id=\"attachment_120947\" style=\"width: 338px\" class=\"wp-caption alignright\"><a href=\"https:\/\/www.focolare.org\/wp-content\/uploads\/2015\/03\/Margarita-Stolbizer.jpg\"><img loading=\"lazy\" decoding=\"async\" aria-describedby=\"caption-attachment-120947\" class=\"wp-image-120947\" src=\"https:\/\/www.focolare.org\/wp-content\/uploads\/2015\/03\/Margarita-Stolbizer.jpg\" alt=\"Margarita-Stolbizer\" width=\"328\" height=\"218\" \/><\/a><p id=\"caption-attachment-120947\" class=\"wp-caption-text\">Margarita Stolbizer<\/p><\/div>\n<p><strong>A Am\u00e9rica Latina \u00e9 feita de unidade e de diferen\u00e7as<\/strong> e aquilo que a torna forte \u00e9 o seu percurso rumo \u00e0 integra\u00e7\u00e3o. \u00c9 um des\u00edgnio, sem d\u00favida, ainda n\u00e3o alcan\u00e7ado com uma comum-unidade de sentimentos, emo\u00e7\u00f5es, la\u00e7os de fraternidade, todos baseados numa hist\u00f3ria partilhada.<\/p>\n<p><strong>Esta \u00e9 a vis\u00e3o prof\u00e9tica que<\/strong> <a href=\"https:\/\/www.focolare.org\/pt\/chiara-lubich\/\" target=\"_blank\" rel=\"noopener\">Chiara Lubich<\/a> <strong>intuiu para esta regi\u00e3o do mundo<\/strong> e \u00e9 rumo a esta vis\u00e3o que laboriosamente caminhamos.<\/p>\n<p>As democracias na Am\u00e9rica Latina, mesmo tendo-se consolidado pouco a pouco gra\u00e7as aos processos de democratiza\u00e7\u00e3o p\u00f3s-ditatorial e de integra\u00e7\u00e3o regional, n\u00e3o continuaram, em rela\u00e7\u00e3o \u00e0 qualidade, uma linha de melhoramento progressivo. <strong>A Am\u00e9rica Latina deve enfrentar um futuro incerto e complexo.<\/strong> O crescimento econ\u00f4mico dos \u00faltimos anos n\u00e3o conseguiu erradicar completamente a pobreza, nem amalgamou a desigualdade social e a inseguran\u00e7a.<\/p>\n<p>E \u00e9 aqui que se faz evidente a estreita liga\u00e7\u00e3o entre a pol\u00edtica e a ideia de fraternidade. A ideia de fraternidade, sobretudo no testemunho e nas palavras de Chiara Lubich, tem estreita liga\u00e7\u00e3o com dois elementos centrais da pol\u00edtica. <strong>O primeiro \u00e9 a ideia de pol\u00edtica como projeto coletivo da Am\u00e9rica Latina<\/strong>, que ultrapasse as nossas individualidades, que implica um gesto de comunh\u00e3o, um ato de fraternidade, porque consiste no reconhecimento do outro, no respeito das diferen\u00e7as. <strong>E o di\u00e1logo \u00e9 o principal instrumento para a sua constru\u00e7\u00e3o.<\/strong><\/p>\n<p><strong>O segundo elemento \u00e9 a perspectiva a m\u00e9dio prazo<\/strong>. A ideia de trabalhar em prol de a\u00e7\u00f5es das quais talvez nunca veremos o fruto, \u00e9 o maior gesto de grandeza da pol\u00edtica.<\/p>\n<p><strong>Chiara Lubich fez nascer,<\/strong> n\u00e3o s\u00f3 na Am\u00e9rica Latina, mas no mundo inteiro,<strong> numerosas iniciativas em quatro \u00e2mbitos<\/strong>: o Estado, as organiza\u00e7\u00f5es sociais, o setor privado e o do conhecimento.<\/p>\n<p><strong>O acesso aos direitos fundamentais, \u00e0 educa\u00e7\u00e3o e ao trabalho<\/strong> s\u00e3o e devem voltar a ser as colunas de sustenta\u00e7\u00e3o da constru\u00e7\u00e3o de uma identidade nacional.<\/p>\n<p><strong>As institui\u00e7\u00f5es devem ser recuperadas<\/strong> n\u00e3o como edif\u00edcios, mas <strong>como \u00e2mbitos nos quais os direitos das pessoas s\u00e3o garantidos<\/strong> e onde os seus direitos s\u00e3o exercidos, para que se possam realmente exercitar e n\u00e3o permane\u00e7am uma quest\u00e3o de declama\u00e7\u00f5es ret\u00f3ricas.<\/p>\n<div id=\"attachment_120949\" style=\"width: 338px\" class=\"wp-caption alignleft\"><a href=\"https:\/\/www.focolare.org\/wp-content\/uploads\/2015\/03\/ChristinaCalvo-01.jpg\"><img loading=\"lazy\" decoding=\"async\" aria-describedby=\"caption-attachment-120949\" class=\"wp-image-120949\" src=\"https:\/\/www.focolare.org\/wp-content\/uploads\/2015\/03\/ChristinaCalvo-01.jpg\" alt=\"ChristinaCalvo\" width=\"328\" height=\"245\" \/><\/a><p id=\"caption-attachment-120949\" class=\"wp-caption-text\">Cristina Calvo<\/p><\/div>\n<p><strong>A contribui\u00e7\u00e3o de Chiara Lubich p\u00f4s em evid\u00eancia tamb\u00e9m a dimens\u00e3o \u00e9tica da pol\u00edtica<\/strong> que est\u00e1 ligada com a transpar\u00eancia e ligada diretamente com a ideia da fraternidade: a \u00e9tica leva-nos \u00e0 indigna\u00e7\u00e3o diante da corrup\u00e7\u00e3o e diante da pobreza e da desigualdade.<\/p>\n<p>Estamos certos de que a Am\u00e9rica Latina, do ponto de vista da pol\u00edtica, deve recuperar um modelo e um projeto de desenvolvimento econ\u00f4mico produtivo baseado na inclus\u00e3o social, que garanta o acesso aos direitos humanos na sua integralidade e gere e sustente condi\u00e7\u00f5es de vida digna.<\/p>\n<p><strong>Precisamos recuperar uma <em>leadership<\/em> confi\u00e1vel, previs\u00edvel, exemplar<\/strong>. Salientamos principalmente a ideia da exemplaridade que n\u00e3o se disciplina nem com o dinheiro nem comprando as vontades, mas que o faz com a pr\u00f3pria conduta. Uma exemplaridade que n\u00e3o pode ser apenas individual deve tamb\u00e9m construir <em>leadership<\/em> coletivas, participativas.<\/p>\n<p>N\u00e3o existe um projeto de desenvolvimento que n\u00e3o defina como <strong>priorit\u00e1ria a solu\u00e7\u00e3o da condi\u00e7\u00e3o dos setores mais vulner\u00e1veis, dos setores mais pobres.<\/strong><\/p>\n<p>Tamb\u00e9m \u00e9 preciso recuperar a ideia da fraternidade como valor ligado \u00e0s prioridades da agenda p\u00fablica. \u00c9 imperioso recuperar uma pol\u00edtica de convic\u00e7\u00f5es. Isto implica aceitar as diferen\u00e7as.<\/p>\n<p>Na Argentina e em toda a Am\u00e9rica Latina <strong>precisamos recuperar a confian\u00e7a sobretudo numa cultura de valores<\/strong>, de valores \u00e9ticos encarnados na praxis e no pensamento pol\u00edtico. <strong>E aqui reencontramos os princ\u00edpios e o testemunho de vida pelo qual estamos hoje celebrando Chiara Lubich<\/strong>. Para a Am\u00e9rica Latina, Chiara conjuga carisma, saber, <em>leadership<\/em>, a\u00e7\u00f5es e destino. Neste destino, neste compromisso, estamos tamb\u00e9m n\u00f3s.<\/p>\n<p><em>De Margarita Stolbizer <\/em><em>(1)<\/em><em> e Cristina Calvo <\/em><em>(2)<\/em><\/p>\n<p>(1) Advogada argentina, deputada nacional, presidente do Partido Gera\u00e7\u00e3o pelo Encontro Nacional \u2013 GEN e candidata do centro-esquerda \u00e0 Presid\u00eancia 2015 da Rep\u00fablica Argentina.<\/p>\n<p>(2) Economista argentina, dirigente do Partido Gera\u00e7\u00e3o pelo Encontro Nacional \u2013 GEN.<\/p>\n","protected":false},"excerpt":{"rendered":"<p>Resgatar a confian\u00e7a e uma cultura dos valores. O aug\u00fario de Margarita Stolbizer e Cristina Calvo, mulheres pol\u00edticas argentinas, \u00e0 luz da vis\u00e3o prof\u00e9tica de Chiara Lubich sobre o continente latino-americano.<\/p>\n","protected":false},"author":34,"featured_media":0,"comment_status":"open","ping_status":"open","sticky":false,"template":"","format":"standard","meta":{"give_campaign_id":0,"_seopress_robots_primary_cat":"","_seopress_titles_title":"","_seopress_titles_desc":"","_seopress_robots_index":"","_et_pb_use_builder":"","_et_pb_old_content":"","_et_gb_content_width":"","footnotes":""},"categories":[909],"tags":[],"class_list":["post-333440","post","type-post","status-publish","format-standard","hentry","category-focolare-worldwide-2-4"],"_links":{"self":[{"href":"https:\/\/www.focolare.org\/pt-pt\/wp-json\/wp\/v2\/posts\/333440","targetHints":{"allow":["GET"]}}],"collection":[{"href":"https:\/\/www.focolare.org\/pt-pt\/wp-json\/wp\/v2\/posts"}],"about":[{"href":"https:\/\/www.focolare.org\/pt-pt\/wp-json\/wp\/v2\/types\/post"}],"author":[{"embeddable":true,"href":"https:\/\/www.focolare.org\/pt-pt\/wp-json\/wp\/v2\/users\/34"}],"replies":[{"embeddable":true,"href":"https:\/\/www.focolare.org\/pt-pt\/wp-json\/wp\/v2\/comments?post=333440"}],"version-history":[{"count":0,"href":"https:\/\/www.focolare.org\/pt-pt\/wp-json\/wp\/v2\/posts\/333440\/revisions"}],"wp:attachment":[{"href":"https:\/\/www.focolare.org\/pt-pt\/wp-json\/wp\/v2\/media?parent=333440"}],"wp:term":[{"taxonomy":"category","embeddable":true,"href":"https:\/\/www.focolare.org\/pt-pt\/wp-json\/wp\/v2\/categories?post=333440"},{"taxonomy":"post_tag","embeddable":true,"href":"https:\/\/www.focolare.org\/pt-pt\/wp-json\/wp\/v2\/tags?post=333440"}],"curies":[{"name":"wp","href":"https:\/\/api.w.org\/{rel}","templated":true}]}}