{"id":333488,"date":"2015-04-06T04:07:02","date_gmt":"2015-04-06T02:07:02","guid":{"rendered":"https:\/\/www.focolare.org\/evangelho-vivido-alegrias-e-sofrimentos\/"},"modified":"2024-05-16T15:23:56","modified_gmt":"2024-05-16T13:23:56","slug":"evangelho-vivido-alegrias-e-sofrimentos","status":"publish","type":"post","link":"https:\/\/www.focolare.org\/pt-pt\/evangelho-vivido-alegrias-e-sofrimentos\/","title":{"rendered":"Evangelho vivido: alegrias e sofrimentos"},"content":{"rendered":"<p><p><strong><a href=\"https:\/\/www.focolare.org\/wp-content\/uploads\/2015\/04\/20150505-01.jpg\"><img loading=\"lazy\" decoding=\"async\" class=\"alignleft wp-image-122183 size-full\" src=\"https:\/\/www.focolare.org\/wp-content\/uploads\/2015\/04\/20150505-01.jpg\" alt=\"20150505-01\" width=\"213\" height=\"320\" \/><\/a>Como o filho na par\u00e1bola<\/strong><\/p>\n<p>\u201cNosso filho mais velho, de 17 anos, uma noite n\u00e3o voltou para casa. O que fazer? At\u00e9 ent\u00e3o nunca havia nos dado este tipo de preocupa\u00e7\u00e3o. Pod\u00edamos somente rezar. Na manh\u00e3 seguinte soubemos pelos pais de dois amigos dele, que todos tr\u00eas tinham ido para Floren\u00e7a. Alguns desses pais queriam solicitar a interven\u00e7\u00e3o da pol\u00edcia, outros afirmavam que teriam expulsado o pr\u00f3prio filho de casa. Minha mulher e eu, ao contr\u00e1rio, est\u00e1vamos tranquilos: t\u00ednhamos colocado tudo nas m\u00e3os de Deus. Receb\u00edamos vez ou outra poucas not\u00edcias deles. Mesmo sofrendo, nos sent\u00edamos mais unidos em fam\u00edlia. \u00c9ramos todos concordes no fato de que ter\u00edamos acolhido o nosso filho com alegria, como aconteceu na par\u00e1bola do filho pr\u00f3digo, sem deixar que aquela sua brincadeira de mau gosto se tornasse um peso para ele. Depois de uma semana os tr\u00eas retornaram ao ovil. O nosso filho, sentindo-se amado, nos assegurou entre l\u00e1grimas que jamais tomar\u00e1, outra vez, uma atitude como essa. Depois, sabendo que os outros amigos de aventura foram tratados de maneira muito diferente, compreendeu melhor o grande valor de ter uma fam\u00edlia na qual se procura viver segundo o Evangelho.\u201d<\/p>\n<p>F.A. \u2013 <a href=\"https:\/\/www.focolare.org\/pt\/focolare-worldwide\/europa\/italia\/\" target=\"_blank\" rel=\"noopener\">It\u00e1lia<\/a><\/p>\n<p><strong>A partilha do sofrimento<\/strong><\/p>\n<p>\u201cO pai e uma irm\u00e3 de uma colega da nossa filha faleceram em um acidente. Eu perdi meu pai da mesma maneira. Eu n\u00e3o conhecia bem aquela senhora, mas sabendo do que acontecera, senti o impulso de procur\u00e1-la. Para n\u00e3o me limitar a uma simples visita, sabendo que ela passava por dificuldades econ\u00f4micas, levei v\u00e1rios g\u00eaneros aliment\u00edcios e procurei consol\u00e1-la. Fui visit\u00e1-la algumas vezes. Ofereci a ela tamb\u00e9m uma soma que eu conseguira economizar. Com o passar do tempo ela sentiu-se mais forte, mais confiante na vida e grata pela amizade que nasceu entre n\u00f3s gra\u00e7as \u00e0quele sofrimento compartilhado.\u201d<\/p>\n<p>B. G. \u2013 <a href=\"https:\/\/www.focolare.org\/pt\/focolare-worldwide\/america-nord-e-centrale\/bolivia\/\" target=\"_blank\" rel=\"noopener\">Bol\u00edvia<\/a><\/p>\n<p><strong>O gorro<\/strong><\/p>\n<p>\u201cDurante o inverno, eu e meus colegas est\u00e1vamos brincando no p\u00e1tio da escola. Fazia muito frio. De repente vi que uma menina come\u00e7ou a chorar: o gorro que estava usando n\u00e3o cobria bem as suas orelhas que j\u00e1 estavam doendo. Ent\u00e3o, sabendo de amar Jesus presente nela, lhe dei o meu gorro, que esquentava bem melhor\u201d.<\/p>\n<p>J. \u2013 <a href=\"https:\/\/www.focolare.org\/pt\/focolare-worldwide\/europa\/belgio\/\" target=\"_blank\" rel=\"noopener\">B\u00e9lgica<\/a><\/p>\n<p><strong>A merenda<\/strong><\/p>\n<p>\u201cEu estava no p\u00e1tio no hor\u00e1rio da merenda. Vi que uma das minhas colegas estava puxando os cabelos de outra menina, ent\u00e3o deixei o meu lanche sobre um muro baixinho e fui at\u00e9 l\u00e1 para dizer que n\u00e3o se pode fazer isso, porque Jesus nos disse que \u00e9 preciso amar sempre. Mas, como as duas come\u00e7aram a chorar eu busquei o meu lanche e dei um pouco para uma e para a outra. \u00c9 verdade que depois eu fiquei com um pouco de fome, mas, estava feliz porque eu consegui amar.\u201d<\/p>\n<p>V. \u2013 <a href=\"https:\/\/www.focolare.org\/pt\/focolare-worldwide\/europa\/italia\/\" target=\"_blank\" rel=\"noopener\">It\u00e1lia<\/a><\/p>\n<p><em>Fonte: Il Vangelo del giorno \u2013 Abril de 2015 \u2013 Editora Citt\u00e0 Nuova<\/em><\/p><\/p>\n","protected":false},"excerpt":{"rendered":"<p>Um amor cont\u00ednuo e incans\u00e1vel, perseverante e desinteressado que, por sua vez, confia no amor maior e potente de Deus, \u00e9 a mensagem da Palavra de Vida de abril. A narrativa de quem j\u00e1 experimentou viver assim.<\/p>\n","protected":false},"author":27,"featured_media":0,"comment_status":"open","ping_status":"open","sticky":false,"template":"","format":"standard","meta":{"give_campaign_id":0,"_seopress_robots_primary_cat":"","_seopress_titles_title":"","_seopress_titles_desc":"","_seopress_robots_index":"","_et_pb_use_builder":"","_et_pb_old_content":"","_et_gb_content_width":"","footnotes":""},"categories":[129],"tags":[],"class_list":["post-333488","post","type-post","status-publish","format-standard","hentry","category-sem-categoria"],"_links":{"self":[{"href":"https:\/\/www.focolare.org\/pt-pt\/wp-json\/wp\/v2\/posts\/333488","targetHints":{"allow":["GET"]}}],"collection":[{"href":"https:\/\/www.focolare.org\/pt-pt\/wp-json\/wp\/v2\/posts"}],"about":[{"href":"https:\/\/www.focolare.org\/pt-pt\/wp-json\/wp\/v2\/types\/post"}],"author":[{"embeddable":true,"href":"https:\/\/www.focolare.org\/pt-pt\/wp-json\/wp\/v2\/users\/27"}],"replies":[{"embeddable":true,"href":"https:\/\/www.focolare.org\/pt-pt\/wp-json\/wp\/v2\/comments?post=333488"}],"version-history":[{"count":0,"href":"https:\/\/www.focolare.org\/pt-pt\/wp-json\/wp\/v2\/posts\/333488\/revisions"}],"wp:attachment":[{"href":"https:\/\/www.focolare.org\/pt-pt\/wp-json\/wp\/v2\/media?parent=333488"}],"wp:term":[{"taxonomy":"category","embeddable":true,"href":"https:\/\/www.focolare.org\/pt-pt\/wp-json\/wp\/v2\/categories?post=333488"},{"taxonomy":"post_tag","embeddable":true,"href":"https:\/\/www.focolare.org\/pt-pt\/wp-json\/wp\/v2\/tags?post=333488"}],"curies":[{"name":"wp","href":"https:\/\/api.w.org\/{rel}","templated":true}]}}