{"id":333498,"date":"2015-04-11T04:00:22","date_gmt":"2015-04-11T02:00:22","guid":{"rendered":"https:\/\/www.focolare.org\/viver-juntos-em-cannes\/"},"modified":"2024-05-16T15:23:57","modified_gmt":"2024-05-16T13:23:57","slug":"viver-juntos-em-cannes","status":"publish","type":"post","link":"https:\/\/www.focolare.org\/pt-pt\/viver-juntos-em-cannes\/","title":{"rendered":"Viver juntos em Cannes"},"content":{"rendered":"<p><p><iframe loading=\"lazy\" title=\"Vivre ensemble \u00e0 Cannes (pt)\" src=\"https:\/\/player.vimeo.com\/video\/121256933?dnt=1&amp;app_id=122963\" width=\"720\" height=\"576\" frameborder=\"0\" allow=\"autoplay; fullscreen; picture-in-picture; clipboard-write\"><\/iframe><\/p><\/p>\n","protected":false},"excerpt":{"rendered":"<p>Todos conhecem os eventos dram\u00e1ticos que feriram a Fran\u00e7a. Por\u00e9m, poucos conhecem o que acontece h\u00e1 quatro anos em Cannes: uma intensa amizade entre pessoas de v\u00e1rias religi\u00f5es que conquistou para a cidade o Pr\u00eamio \u201cChiara Lubich: Cidade pela fraternidade\u201d.<\/p>\n","protected":false},"author":34,"featured_media":0,"comment_status":"open","ping_status":"open","sticky":false,"template":"","format":"standard","meta":{"give_campaign_id":0,"_seopress_robots_primary_cat":"","_seopress_titles_title":"","_seopress_titles_desc":"","_seopress_robots_index":"","_et_pb_use_builder":"","_et_pb_old_content":"","_et_gb_content_width":"","footnotes":""},"categories":[909],"tags":[],"class_list":["post-333498","post","type-post","status-publish","format-standard","hentry","category-focolare-worldwide-2-4"],"_links":{"self":[{"href":"https:\/\/www.focolare.org\/pt-pt\/wp-json\/wp\/v2\/posts\/333498","targetHints":{"allow":["GET"]}}],"collection":[{"href":"https:\/\/www.focolare.org\/pt-pt\/wp-json\/wp\/v2\/posts"}],"about":[{"href":"https:\/\/www.focolare.org\/pt-pt\/wp-json\/wp\/v2\/types\/post"}],"author":[{"embeddable":true,"href":"https:\/\/www.focolare.org\/pt-pt\/wp-json\/wp\/v2\/users\/34"}],"replies":[{"embeddable":true,"href":"https:\/\/www.focolare.org\/pt-pt\/wp-json\/wp\/v2\/comments?post=333498"}],"version-history":[{"count":0,"href":"https:\/\/www.focolare.org\/pt-pt\/wp-json\/wp\/v2\/posts\/333498\/revisions"}],"wp:attachment":[{"href":"https:\/\/www.focolare.org\/pt-pt\/wp-json\/wp\/v2\/media?parent=333498"}],"wp:term":[{"taxonomy":"category","embeddable":true,"href":"https:\/\/www.focolare.org\/pt-pt\/wp-json\/wp\/v2\/categories?post=333498"},{"taxonomy":"post_tag","embeddable":true,"href":"https:\/\/www.focolare.org\/pt-pt\/wp-json\/wp\/v2\/tags?post=333498"}],"curies":[{"name":"wp","href":"https:\/\/api.w.org\/{rel}","templated":true}]}}