{"id":333524,"date":"2015-04-22T08:04:29","date_gmt":"2015-04-22T06:04:29","guid":{"rendered":"https:\/\/www.focolare.org\/as-nacoes-unidas-no-olhar-de-um-jovem\/"},"modified":"2024-05-16T15:24:03","modified_gmt":"2024-05-16T13:24:03","slug":"as-nacoes-unidas-no-olhar-de-um-jovem","status":"publish","type":"post","link":"https:\/\/www.focolare.org\/pt-pt\/as-nacoes-unidas-no-olhar-de-um-jovem\/","title":{"rendered":"As Na\u00e7\u00f5es Unidas no olhar de um jovem"},"content":{"rendered":"<p><p><strong><img loading=\"lazy\" decoding=\"async\" class=\"alignleft wp-image-122891\" src=\"https:\/\/www.focolare.org\/wp-content\/uploads\/2015\/04\/unitednationsbuilding.jpg\" alt=\"unitednationsbuilding\" width=\"280\" height=\"373\" \/>Sede central das Na\u00e7\u00f5es Unidas<\/strong>: onde trabalham milhares de pessoas, personalidades importantes e chefes de estado; quem nunca desejou um dia visit\u00e1-la? Ermanno Perotti, 25 anos, estudante de Economia do Desenvolvimento em Floren\u00e7a (It\u00e1lia), est\u00e1 na sede da ONU n\u00e3o como um dos in\u00fameros visitantes que seguem o guia ao longo dos corredores. Ele acompanha Maria Voce, a presidente dos Focolares, <a href=\"https:\/\/www.focolare.org\/pt\/news\/2015\/04\/21\/english-maria-voce-at-the-united-nations\/\" target=\"_blank\" rel=\"noopener\">convidada com outros l\u00edderes religiosos<\/a> que participam do <a href=\"https:\/\/www.focolare.org\/pt\/news\/2015\/04\/15\/new-york-onu-dibattito-su-tolleranza-e-riconciliazione-interviene-maria-voce\/\" target=\"_blank\" rel=\"noopener\">Debate de Alto N\u00edvel<\/a> sobre a \u201cPromo\u00e7\u00e3o da toler\u00e2ncia e da reconcilia\u00e7\u00e3o: favorecendo sociedades pac\u00edficas, acolhedoras e contrastando o extremismo violento.\u201d<\/p>\n<p>Muitas pessoas concordam com a impress\u00e3o de Ermanno: \u201cCada representante de um pa\u00eds d\u00e1 a sua contribui\u00e7\u00e3o, muitas belas palavras e iniciativas positivas, mas, parece-me quase isolados, cada um o v\u00ea como <strong>uma plataforma para promover as pr\u00f3prias convic\u00e7\u00f5es<\/strong>.\u201d<\/p>\n<p><strong>\u201cO que me causa certo desconforto \u00e9 exatamente a falta de escuta<\/strong>. O que me atrai; ao contr\u00e1rio, \u00e9 perceber o esfor\u00e7o de preencher esta falta com uma atitude de escuta e um di\u00e1logo verdadeiro.\u201d Com esta perspectiva, que herdou da vida dos<a href=\"https:\/\/www.focolare.org\/pt\/movimento-dei-focolari\/scelte-e-impegno\/gen\/\" target=\"_blank\" rel=\"noopener\"> jovens dos Focolare<\/a>s, ele abra\u00e7ou uma causa fascinante: comprometer-se na pol\u00edtica para estimular rela\u00e7\u00f5es mais verdadeiras.<\/p>\n<p>Todavia, <strong>a respeito da preven\u00e7\u00e3o da viol\u00eancia e do extremismo<\/strong>, quase todos os interlocutores s\u00e3o concordes que n\u00e3o existe outro caminho exceto o di\u00e1logo entre as culturas.<strong> \u201cEu gostaria de promover uma escola de di\u00e1logo justamente na ONU\u201d<\/strong>, afirma Ermanno. De fato, 90% dos relatores evidenciaram a necessidade de forma\u00e7\u00e3o e muitos falaram da necessidade dar maior espa\u00e7o \u00e0 express\u00e3o das mulheres e de combater a pobreza.<\/p>\n<div id=\"attachment_122883\" style=\"width: 330px\" class=\"wp-caption alignright\"><a href=\"https:\/\/www.focolare.org\/wp-content\/uploads\/2015\/04\/IMG_1276.jpg\"><img loading=\"lazy\" decoding=\"async\" aria-describedby=\"caption-attachment-122883\" class=\"wp-image-122883\" src=\"https:\/\/www.focolare.org\/wp-content\/uploads\/2015\/04\/IMG_1276.jpg\" alt=\"IMG_1276\" width=\"320\" height=\"213\" \/><\/a><p id=\"caption-attachment-122883\" class=\"wp-caption-text\">Ermanno Perotti<\/p><\/div>\n<p>Muitos expressaram tamb\u00e9m a esperan\u00e7a que depositam nos jovens: deveria-se come\u00e7ar por eles, disseram. Ermanno n\u00e3o concorda plenamente com tal afirma\u00e7\u00e3o: \u201cS\u00e3o sempre os adultos que falavam sobre os jovens, mas, <strong>onde est\u00e3o os jovens que falam sobre os jovens?<\/strong>\u201d, ele se pergunta. Afirma que a gera\u00e7\u00e3o dele \u00e9 j\u00e1 preparada para <strong>um futuro multicultural<\/strong>: \u201cEu cresci sempre em um ambiente assim, na minha classe somos de dez nacionalidades e de quatro religi\u00f5es diferentes. Podemos mostrar ao mundo como vivemos cotidianamente e espontaneamente.\u201d<\/p>\n<p><strong>No dia 22 de abril ser\u00e1 realizada a mesa-redonda nas Na\u00e7\u00f5es Unidas.<\/strong> Ermanno Perotti assumiu a sua participa\u00e7\u00e3o com calma: \u201cAntes eu disse a mim mesmo e, depois, a Maria Voce, de viver estes dias primeiramente como uma experi\u00eancia de Deus.\u201d Hoje tamb\u00e9m, na ONU, ser\u00e1 uma experi\u00eancia de Deus. Como alguns oradores disseram: \u201cEm outras palavras, tudo se concentra na Regra de Ouro, \u2018amar o pr\u00f3ximo\u2019. Desta forma, participar com a Presidente, efetivamente, ser\u00e1 uma coisa simples porque se vai para amar e para ser um corpo com todos os outros jovens do mundo.\u201d<\/p>\n<p>&nbsp;<\/p>\n<p>Susanne Janssen, Nova York<\/p>\n<p><em>Transmiss\u00e3o ao vivo: <a href=\"http:\/\/webtv.un.org\/live\/\" target=\"_blank\" rel=\"noopener\">http:\/\/m.webtv.un.org<\/a><\/em><\/p><\/p>\n","protected":false},"excerpt":{"rendered":"<p>Italiano, 25 anos, mestrado em Economia do Desenvolvimento. Ermanno Perotti est\u00e1 com Maria Voce na ONU: a minha \u00e9 uma gera\u00e7\u00e3o preparada a um futuro multicultural. Eu desejo uma escola de di\u00e1logo no Pal\u00e1cio de Vidro.<\/p>\n","protected":false},"author":34,"featured_media":0,"comment_status":"open","ping_status":"open","sticky":false,"template":"","format":"standard","meta":{"give_campaign_id":0,"_seopress_robots_primary_cat":"","_seopress_titles_title":"","_seopress_titles_desc":"","_seopress_robots_index":"","_et_pb_use_builder":"","_et_pb_old_content":"","_et_gb_content_width":"","footnotes":""},"categories":[909],"tags":[],"class_list":["post-333524","post","type-post","status-publish","format-standard","hentry","category-focolare-worldwide-2-4"],"_links":{"self":[{"href":"https:\/\/www.focolare.org\/pt-pt\/wp-json\/wp\/v2\/posts\/333524","targetHints":{"allow":["GET"]}}],"collection":[{"href":"https:\/\/www.focolare.org\/pt-pt\/wp-json\/wp\/v2\/posts"}],"about":[{"href":"https:\/\/www.focolare.org\/pt-pt\/wp-json\/wp\/v2\/types\/post"}],"author":[{"embeddable":true,"href":"https:\/\/www.focolare.org\/pt-pt\/wp-json\/wp\/v2\/users\/34"}],"replies":[{"embeddable":true,"href":"https:\/\/www.focolare.org\/pt-pt\/wp-json\/wp\/v2\/comments?post=333524"}],"version-history":[{"count":0,"href":"https:\/\/www.focolare.org\/pt-pt\/wp-json\/wp\/v2\/posts\/333524\/revisions"}],"wp:attachment":[{"href":"https:\/\/www.focolare.org\/pt-pt\/wp-json\/wp\/v2\/media?parent=333524"}],"wp:term":[{"taxonomy":"category","embeddable":true,"href":"https:\/\/www.focolare.org\/pt-pt\/wp-json\/wp\/v2\/categories?post=333524"},{"taxonomy":"post_tag","embeddable":true,"href":"https:\/\/www.focolare.org\/pt-pt\/wp-json\/wp\/v2\/tags?post=333524"}],"curies":[{"name":"wp","href":"https:\/\/api.w.org\/{rel}","templated":true}]}}