{"id":333544,"date":"2015-04-29T04:00:44","date_gmt":"2015-04-29T02:00:44","guid":{"rendered":"https:\/\/www.focolare.org\/salvaguarda-da-criacao-sorrir-ao-mundo\/"},"modified":"2024-05-16T15:24:08","modified_gmt":"2024-05-16T13:24:08","slug":"salvaguarda-da-criacao-sorrir-ao-mundo","status":"publish","type":"post","link":"https:\/\/www.focolare.org\/pt-pt\/salvaguarda-da-criacao-sorrir-ao-mundo\/","title":{"rendered":"Salvaguarda da cria\u00e7\u00e3o: sorrir ao mundo"},"content":{"rendered":"<p><strong><img loading=\"lazy\" decoding=\"async\" class=\"alignright wp-image-123358\" src=\"https:\/\/www.focolare.org\/wp-content\/uploads\/2015\/04\/FotoAnsaPapaBanKimoon.jpg\" alt=\"FotoAnsaPapaBanKimoon\" width=\"350\" height=\"248\" \/>Nenhuma antecipa\u00e7\u00e3o sobre a enc\u00edclica do Papa Francisco sobre a Cria\u00e7\u00e3o, mas uma grande expectativa<\/strong> pelo documento que ser\u00e1 publicado no in\u00edcio de junho. \u201cO mundo aguarda para escutar o seu ensinamento e o que dir\u00e1, seja na enc\u00edclica seja no seu discurso na Assembleia das Na\u00e7\u00f5es Unidas, no pr\u00f3ximo dia 25 de setembro\u201d, declarou <strong>Jeffrey Sachs<\/strong>, diretor da <strong>ag\u00eancia ONU para o Desenvolvimento Sustent\u00e1vel<\/strong> (UN sustainable Development Solutions Networks), um dos promotores do v\u00e9rtice, ao lado da <strong>Academia Pontif\u00edcia das Ci\u00eancias<\/strong> e de <strong>Religi\u00f5es pela Paz<\/strong>, da qual <strong>Maria Voce<\/strong> \u00e9 uma das copresidentes. Estiveram presentes o secret\u00e1rio geral das Na\u00e7\u00f5es Unidas, Ban Ki-moon, o presidente da Rep\u00fablica Italiana, <strong>Sergio Mattarella<\/strong>, e da Rep\u00fablica do Equador,<strong> Rafael Vicente Correa<\/strong>.  <strong><img loading=\"lazy\" decoding=\"async\" class=\"alignleft wp-image-123353\" src=\"https:\/\/www.focolare.org\/wp-content\/uploads\/2015\/04\/IMG_8049.jpg\" alt=\"IMG_8049\" width=\"350\" height=\"261\" \/><\/strong>  <strong>Um encontro que reuniu cientistas, ecologistas, pr\u00eamios Nobel<\/strong>, l\u00edderes pol\u00edticos e religiosos, para aprofundar o debate sobre as mudan\u00e7as clim\u00e1ticas e o desenvolvimento sustent\u00e1vel, precisamente em prepara\u00e7\u00e3o para a publica\u00e7\u00e3o da enc\u00edclica. Ponto central: as dimens\u00f5es morais do compromisso pelo desenvolvimento sustent\u00e1vel. Por esse motivo, o envolvimento de comunidades religiosas, muito diferentes entre si, pareceu uma novidade e motivo de esperan\u00e7a. Para Maria Voce, emergiu desse v\u00e9rtice, \u201cuma consci\u00eancia nova de que, para obter algo positivo, \u00e9 preciso estar juntos, porque ningu\u00e9m tem sozinho a receita para sair das situa\u00e7\u00f5es mais dram\u00e1ticas. Revelou que a humanidade tem em si a capacidade de sair das crises, mas pode faz\u00ea-lo se existe uma sinergia de todas as suas componentes. Est\u00e1 emergindo a necessidade rec\u00edproca de escutar-se e realizar juntos\u201d.  <strong><img loading=\"lazy\" decoding=\"async\" class=\"alignright size-full wp-image-123354\" src=\"https:\/\/www.focolare.org\/wp-content\/uploads\/2015\/04\/TheEarthCube-1.jpg\" alt=\"TheEarthCube (1)\" width=\"291\" height=\"300\" \/><\/strong>  <strong>E as respostas n\u00e3o podem ser apenas t\u00e9cnicas,<\/strong> mas precisam estar fundamentadas na dimens\u00e3o moral e orientadas ao bem estar da humanidade, como afirmou o cardeal Turkson, presidente do Conselho Pontif\u00edcio Justi\u00e7a e Paz. O progresso econ\u00f4mico, cient\u00edfico, tecnol\u00f3gico, introduziu estilos de vida inimagin\u00e1veis para os nossos predecessores, mas possui tamb\u00e9m \u201clados escuros e custos inaceit\u00e1veis\u201d. \u201cEnquanto a sociedade global define-se sobre valores de consumo e indicadores econ\u00f4micos, o privilegiado da vez fica entorpecido diante do grito dos pobres\u201d. \u201cDe 7 bilh\u00f5es de pessoas 3 vivem em condi\u00e7\u00f5es de pobreza, enquanto uma elite consome a maior parte dos recursos\u201d. E o assunto terminou, inevitavelmente, na alimenta\u00e7\u00e3o, tema central da pr\u00f3xima Expo mundial 2015. Turkson denunciou com for\u00e7a a explora\u00e7\u00e3o do trabalho, o tr\u00e1fico de seres humanos e as modernas formas de escravid\u00e3o. Papa Francisco deplora esta \u201ccultura do descarte\u201d, recordou o cardeal, na \u201cglobaliza\u00e7\u00e3o da indiferen\u00e7a\u201d. \u201cA igreja n\u00e3o \u00e9 uma especialista em ci\u00eancia, ou em economia \u2013 declarou \u2013 mas \u00e9 especialista em humanidade\u201d. \u201cPara vencer o desafio do desenvolvimento sustent\u00e1vel s\u00e3o necess\u00e1rias a mesma convers\u00e3o, transforma\u00e7\u00e3o pessoal e renova\u00e7\u00e3o invocadas 50 anos atr\u00e1s por Paulo VI, e encorajadas hoje pelo Papa Francisco\u201d.  <strong>\u201cUma possibilidade para agir concretamente<\/strong> nos \u00e9 dada por uma iniciativa que se inspira no projeto de Eco One\u201d, explicou Maria Voce numa entrevista. <strong>\u201cTrata-se do \u2018Dado da Terra\u2019<\/strong> (<a href=\"http:\/\/theearthcube.org\/\">http:\/\/theearthcube.org\/<\/a>). Nos seis lados traz frases que ajudam a viver a tutela do ambiente: \u2018sorria ao mundo!\u2019, \u2018descubra as belezas!\u2019. Ensina tamb\u00e9m a viver a sobriedade, a tirar da terra somente o que de fato se precisa, como fazem as \u00e1rvores. Trata-se de gestos cotidianos, atos concretos: n\u00e3o desperdi\u00e7ar \u00e1gua, reciclar o lixo, reutilizar o que se pode. O \u00faltimo lado diz: \u2018o tempo \u00e9 agora, n\u00e3o espere pelo amanh\u00e3\u2019. Estas iniciativas simples podem ser um apoio para quem quer colocar em pr\u00e1tica o que o Papa diz, mas n\u00e3o sabe como faz\u00ea-lo\u201d.  &nbsp;<\/p>\n","protected":false},"excerpt":{"rendered":"<p>Um v\u00e9rtice sobre as mudan\u00e7as clim\u00e1ticas no Vaticano, na expectativa da enc\u00edclica sobre o ambiente. Ban Ki-moon, que esteve com o Papa Francisco, convidou a mudar o estilo de vida. Maria Voce voltou a lan\u00e7ar o \u201cDado da Terra\u201d, apresentado nos Estados Unidos no dia 22 de abril, o Dia da Terra.<\/p>\n","protected":false},"author":34,"featured_media":0,"comment_status":"open","ping_status":"open","sticky":false,"template":"","format":"standard","meta":{"give_campaign_id":0,"_seopress_robots_primary_cat":"","_seopress_titles_title":"","_seopress_titles_desc":"","_seopress_robots_index":"","_et_pb_use_builder":"","_et_pb_old_content":"","_et_gb_content_width":"","footnotes":""},"categories":[129],"tags":[],"class_list":["post-333544","post","type-post","status-publish","format-standard","hentry","category-sem-categoria"],"_links":{"self":[{"href":"https:\/\/www.focolare.org\/pt-pt\/wp-json\/wp\/v2\/posts\/333544","targetHints":{"allow":["GET"]}}],"collection":[{"href":"https:\/\/www.focolare.org\/pt-pt\/wp-json\/wp\/v2\/posts"}],"about":[{"href":"https:\/\/www.focolare.org\/pt-pt\/wp-json\/wp\/v2\/types\/post"}],"author":[{"embeddable":true,"href":"https:\/\/www.focolare.org\/pt-pt\/wp-json\/wp\/v2\/users\/34"}],"replies":[{"embeddable":true,"href":"https:\/\/www.focolare.org\/pt-pt\/wp-json\/wp\/v2\/comments?post=333544"}],"version-history":[{"count":0,"href":"https:\/\/www.focolare.org\/pt-pt\/wp-json\/wp\/v2\/posts\/333544\/revisions"}],"wp:attachment":[{"href":"https:\/\/www.focolare.org\/pt-pt\/wp-json\/wp\/v2\/media?parent=333544"}],"wp:term":[{"taxonomy":"category","embeddable":true,"href":"https:\/\/www.focolare.org\/pt-pt\/wp-json\/wp\/v2\/categories?post=333544"},{"taxonomy":"post_tag","embeddable":true,"href":"https:\/\/www.focolare.org\/pt-pt\/wp-json\/wp\/v2\/tags?post=333544"}],"curies":[{"name":"wp","href":"https:\/\/api.w.org\/{rel}","templated":true}]}}