{"id":333558,"date":"2015-05-04T08:33:57","date_gmt":"2015-05-04T06:33:57","guid":{"rendered":"https:\/\/www.focolare.org\/congo-premiada-a-escola-petite-flamme\/"},"modified":"2024-05-16T15:24:11","modified_gmt":"2024-05-16T13:24:11","slug":"congo-premiada-a-escola-petite-flamme","status":"publish","type":"post","link":"https:\/\/www.focolare.org\/pt-pt\/congo-premiada-a-escola-petite-flamme\/","title":{"rendered":"Congo: premiada a escola Petite Flamme"},"content":{"rendered":"<p><a href=\"https:\/\/www.focolare.org\/wp-content\/uploads\/2015\/05\/8160df2d75.jpg\"><img loading=\"lazy\" decoding=\"async\" class=\"wp-image-123564 alignright\" src=\"https:\/\/www.focolare.org\/wp-content\/uploads\/2015\/05\/8160df2d75.jpg\" alt=\"8160df2d75\" width=\"328\" height=\"218\" \/><\/a>\u201cSou um dos ex-alunos da <em><a href=\"https:\/\/www.focolare.org\/pt\/news\/2014\/08\/20\/petite-flamme-il-miracolo-continua\/\" target=\"_blank\" rel=\"noopener\">Petite Flamme<\/a><\/em>. A escola deu-me condi\u00e7\u00f5es de realizar algo na vida\u201d, conta Tr\u00e9sor, 29 anos, atualmente estudante de matem\u00e1tica no Col\u00e9gio nacional, por meio de um videoclipe projetado durante a cerim\u00f4nia que se realizou no \u00faltimo dia 29 de abril, no Museu Hebraico de Berlim. \u201cQuando era pequeno o meu pai estava na guerra, a minha m\u00e3e n\u00e3o tinha nada para nos dar para comer\u201d, acrescenta Jean Paul Ngandu Masamuna, 31 anos e o s\u00e9timo de nove filhos, hoje engenheiro. \u201cTinha que lutar pela sobreviv\u00eancia. <em>Petite Flamme <\/em>deu-me comida e a possibilidade de estudar. Os meus amigos foram para a Europa, mas cada vez que falo com eles dizem-me que n\u00e3o t\u00eam nada, que est\u00e3o desempregados e sem documentos e que n\u00e3o t\u00eam a liberdade que eu tenho. Os sonhos que tinham n\u00e3o se realizaram. Gosto de viver em Kinshasa com o meu povo congol\u00eas, quero ficar aqui e trabalhar na \u00c1frica para salvar a vida de muitas pessoas que sofrem\u201d.  <a href=\"https:\/\/www.focolare.org\/pt\/news\/2012\/01\/29\/petite-flamme-fuoco-di-carita-in-azione\/\" target=\"_blank\" rel=\"noopener\"><em>Petite Flamme<\/em><\/a> \u00e9 uma organiza\u00e7\u00e3o escolar dos Focolares no Congo, que oferece a muitas crian\u00e7as a possibilidade de construir um futuro no pr\u00f3prio pa\u00eds de origem, sem terem a necessidade de emigrar.  <strong><a href=\"https:\/\/www.focolare.org\/wp-content\/uploads\/2015\/05\/b1d51cd67c.jpg\"><img loading=\"lazy\" decoding=\"async\" class=\" wp-image-123566 alignleft\" src=\"https:\/\/www.focolare.org\/wp-content\/uploads\/2015\/05\/b1d51cd67c.jpg\" alt=\"b1d51cd67c\" width=\"328\" height=\"218\" \/><\/a><\/strong>A imigra\u00e7\u00e3o, a urg\u00eancia de frear as desgra\u00e7as do mar, a prem\u00eancia de iniciativas pol\u00edticas da comunidade internacional em favor de certas regi\u00f5es da \u00c1frica subsaariana e m\u00e9dio oriental,foram o centro do debate realizado por ocasi\u00e3o do \u201cThe Roland BergerHumanDignityAward\u201d, em Berlim. Estiveram presentes o Ministro dos Exterior alem\u00e3o Frank-Walter Steinmeier, Romano Prodi, ex-presidente da Comiss\u00e3o europeia, e outros exponentes do mundo econ\u00f4mico e pol\u00edtico.  Durante o evento, a \u201c<a href=\"http:\/\/www.rolandbergerstiftung.org\">Roland Berger Foundation<\/a>\u201d que trabalha na Alemanha pelo sustento dos estudantes desfavorecidos e pela defesa dos direitos humanos, entregou o pr\u00eamio 2015, dedicado ao empenho para defender a vida e a dignidade dos refugiados e para prevenir os problemas da imigra\u00e7\u00e3o.Entre os vencedores, al\u00e9m de <em>PetiteFlamme<\/em>, duas mulheres corajosas que se empenham no trabalho a favor dos refugiados: a Dra.Katrine Camilleri, de Malta, h\u00e1 anos comprometida em favor do sustento legal aos refugiados, e a Dra. Alganesc Fessaha, presidente da OGN \u201cGandhi\u201d, que oferece assist\u00eancia humanit\u00e1ria aos refugiados africanos.  <a href=\"https:\/\/www.focolare.org\/wp-content\/uploads\/2015\/05\/522600f491.jpg\"><img loading=\"lazy\" decoding=\"async\" class=\" wp-image-123565 alignright\" src=\"https:\/\/www.focolare.org\/wp-content\/uploads\/2015\/05\/522600f491.jpg\" alt=\"522600f491\" width=\"328\" height=\"218\" \/><\/a><strong>\u201cTudo come\u00e7ou de uma ideia de<\/strong><a href=\"https:\/\/www.focolare.org\/pt\/chiara-lubich\/chi-e-chiara\/\" target=\"_blank\" rel=\"noopener\"> Chiara Lubich<\/a> \u2013 conta Dada Diambu que, junto a Odon Makela, coordena o projeto no local \u2013 quando, para fazer frente \u00e0 dif\u00edcil situa\u00e7\u00e3o em que se encontram muitas crian\u00e7as no mundo, lan\u00e7ou o projeto de \u201cado\u00e7\u00e3o \u00e0 dist\u00e2ncia\u201d de <a href=\"https:\/\/www.focolare.org\/pt\/movimento-dei-focolari\/un-popolo\/famiglie-nuove\/\" target=\"_blank\" rel=\"noopener\">Fam\u00edlias Novas<\/a>.  <em>Petite Flamme <\/em>nasceu em 1996 com o objetivo de dar instru\u00e7\u00e3o \u00e0s crian\u00e7as de Ndolo, um bairro de Kinshasa, que vive uma situa\u00e7\u00e3o de extrema pobreza. As crian\u00e7as s\u00e3o desnutridas, por isso a prioridade \u00e9 uma refei\u00e7\u00e3o quente e os cuidados m\u00e9dicos necess\u00e1rios. Nos anos seguintes abriram-se novos centros, ampliou-se o ciclo escolar e estendeu-se a interven\u00e7\u00e3o a adolescentes e fam\u00edlias. Tamb\u00e9m abriram-se classes para crian\u00e7as cegas e surdo mudos. A seguir, iniciou-se a experi\u00eancia \u201cp\u00f3s-escolar debaixo da \u00e1rvore\u201d: 14 classes debaixo de 14 \u00e1rvores por falta de outras estruturas.\u00a0As sedes do projeto, sempre em evolu\u00e7\u00e3o, localizam-se nos bairros menos favorecidos da periferia de Kinshasa; e tamb\u00e9m em Idiofa, no Bandundu a 750 km da capital, em Kisandu, no Bas-Kongo e em Kikwit. O projeto \u00e9 mantido por v\u00e1rias entidades e Ongs e pela <a href=\"http:\/\/www.afnonlus.org\">Associa\u00e7\u00e3o Fam\u00edlias Novasonlus,<\/a>que garantem educa\u00e7\u00e3o, assist\u00eancia sanit\u00e1ria e alimenta\u00e7\u00e3o a 2400 crian\u00e7as e adolescentes, ajudando-os a tornarem-se pessoas livres, para que possam sair da situa\u00e7\u00e3o de mis\u00e9ria e ter a possibilidade de construir uma vida digna para si mesmos e para a comunidade. <\/p>\n<div dir=\"ltr\">\u00abDurante a miss\u00e3o militar da Uni\u00e3o Europeia \u201cEufor\u201d, que tinha como objetivo garantir as elei\u00e7\u00f5es no Congo, em 2006 &#8211; explica Monika-Maria Wolff, h\u00e1 muitos anos no Congo &#8211; o contra-almirante Henning Bess, respons\u00e1vel pelos soldados alem\u00e3es e vice comandante da miss\u00e3o, teve conhecimento de \u201cPetite Flamme\u201d. Desde ent\u00e3o, empenhou-se, com a sua equipe, com v\u00e1rias e consistentes ajudas. Ap\u00f3s o fim da miss\u00e3o, o contra-almirante continou, com a sua esposa Julie M\u00fcller, a sustentar &#8220;Petite Flamme&#8221; \u2013 junto com o projeto de \u201cado\u00e7\u00e3o \u00e0 dist\u00e2ncia\u201d de <a title=\"blocked::https:\/\/www.focolare.org\/movimento-dei-focolari\/un-popolo\/famiglie-nuove\/\" href=\"https:\/\/www.focolare.org\/pt\/movimento-dei-focolari\/un-popolo\/famiglie-nuove\/\" target=\"_blank\" rel=\"noopener\"><span title=\"blocked::https:\/\/www.focolare.org\/movimento-dei-focolari\/un-popolo\/famiglie-nuove\/\"><span title=\"blocked::https:\/\/www.focolare.org\/movimento-dei-focolari\/un-popolo\/famiglie-nuove\/\">Fam\u00edlias Novas<\/span><\/span><\/a> &#8211; com uma rede de mais de 350 apoiadores alem\u00e3es\u00bb.<\/div>\n<div class=\"gmail_extra\"><\/div>\n<p> Durante a cerim\u00f4nia foi realizada uma mesa-redonda sobre os \u00eaxitos do recente V\u00e9rtice especial da Uni\u00e3o Europ\u00e9ia sobre a imigra\u00e7\u00e3o. Participaram dela Romano Prodi, o ministro das Rela\u00e7\u00f5es Exteriores Steinmeier, um representante do Alto Comissariado das Na\u00e7\u00f5es Unidas para os refugiados, jornalistas e membros de v\u00e1rios organismos humanit\u00e1rios.  Emergiram duas solu\u00e7\u00f5es como as \u00fanicas que podem oferecer solu\u00e7\u00f5es sustent\u00e1veis: que a comunidade internacional colabore de maneira mais compacta e decidida na edifica\u00e7\u00e3o da paz e que se ap\u00f3iem iniciativas que miram a resolver \u2013 como o exemplo de <em>Petite Flame<\/em> \u2013 o problema na raiz, que seja oferecida aos jovens maneiras de viver de maneira digna nos seus pr\u00f3prios pa\u00edses sem que recorram \u00e0 fuga para o norte, buscando o bem-estar.  <a href=\"http:\/\/www.rolandbergerstiftung.org\/index.php?id=689&amp;type=200&amp;tx_lombgallery_pi2%5Bgallery%5D=88&amp;tx_lombgallery_pi2%5Bcontroller%5D=Gallery&amp;cHash=e46d3516be4618ac55e469d8c782062a\" target=\"_blank\" rel=\"noopener\">Galeria de fotos<\/a><\/p>\n","protected":false},"excerpt":{"rendered":"<p>A organiza\u00e7\u00e3o escolar dos Focolares, comprometida em dar, atrav\u00e9s da educa\u00e7\u00e3o, um futuro digno a muitas crian\u00e7as, est\u00e1 entre os vencedores do pr\u00eamio pela \u201cdignidade humana Roland Berger\u201d.<\/p>\n","protected":false},"author":34,"featured_media":0,"comment_status":"open","ping_status":"open","sticky":false,"template":"","format":"standard","meta":{"give_campaign_id":0,"_seopress_robots_primary_cat":"","_seopress_titles_title":"","_seopress_titles_desc":"","_seopress_robots_index":"","_et_pb_use_builder":"","_et_pb_old_content":"","_et_gb_content_width":"","footnotes":""},"categories":[909],"tags":[],"class_list":["post-333558","post","type-post","status-publish","format-standard","hentry","category-focolare-worldwide-2-4"],"_links":{"self":[{"href":"https:\/\/www.focolare.org\/pt-pt\/wp-json\/wp\/v2\/posts\/333558","targetHints":{"allow":["GET"]}}],"collection":[{"href":"https:\/\/www.focolare.org\/pt-pt\/wp-json\/wp\/v2\/posts"}],"about":[{"href":"https:\/\/www.focolare.org\/pt-pt\/wp-json\/wp\/v2\/types\/post"}],"author":[{"embeddable":true,"href":"https:\/\/www.focolare.org\/pt-pt\/wp-json\/wp\/v2\/users\/34"}],"replies":[{"embeddable":true,"href":"https:\/\/www.focolare.org\/pt-pt\/wp-json\/wp\/v2\/comments?post=333558"}],"version-history":[{"count":0,"href":"https:\/\/www.focolare.org\/pt-pt\/wp-json\/wp\/v2\/posts\/333558\/revisions"}],"wp:attachment":[{"href":"https:\/\/www.focolare.org\/pt-pt\/wp-json\/wp\/v2\/media?parent=333558"}],"wp:term":[{"taxonomy":"category","embeddable":true,"href":"https:\/\/www.focolare.org\/pt-pt\/wp-json\/wp\/v2\/categories?post=333558"},{"taxonomy":"post_tag","embeddable":true,"href":"https:\/\/www.focolare.org\/pt-pt\/wp-json\/wp\/v2\/tags?post=333558"}],"curies":[{"name":"wp","href":"https:\/\/api.w.org\/{rel}","templated":true}]}}