{"id":333560,"date":"2015-05-06T04:00:08","date_gmt":"2015-05-06T02:00:08","guid":{"rendered":"https:\/\/www.focolare.org\/africa-do-sul-religioes-a-servico-da-paz\/"},"modified":"2024-05-16T15:24:12","modified_gmt":"2024-05-16T13:24:12","slug":"africa-do-sul-religioes-a-servico-da-paz","status":"publish","type":"post","link":"https:\/\/www.focolare.org\/pt-pt\/africa-do-sul-religioes-a-servico-da-paz\/","title":{"rendered":"\u00c1frica do Sul: Religi\u00f5es a servi\u00e7o da Paz"},"content":{"rendered":"<p><strong><a href=\"https:\/\/www.focolare.org\/wp-content\/uploads\/2015\/05\/Ela-Gandhi-01.png\"><img loading=\"lazy\" decoding=\"async\" class=\"alignleft size-full wp-image-123673\" src=\"https:\/\/www.focolare.org\/wp-content\/uploads\/2015\/05\/Ela-Gandhi-01.png\" alt=\"Ela Gandhi-01\" width=\"128\" height=\"176\" \/><\/a><\/strong>\u201c<strong>Nestes dias, tamb\u00e9m na<\/strong> <a href=\"https:\/\/www.focolare.org\/pt\/focolare-worldwide\/africa\/sud-africa\/\">\u00c1frica do Sul<\/a> <strong>acontecem muitas desordens sociais<\/strong>, muita viol\u00eancia, viola\u00e7\u00e3o dos direitos humanos\u2026 alguns\u00a0sul-africanos n\u00e3o querem mais outros irm\u00e3os de outras na\u00e7\u00f5es africanas no pa\u00eds. N\u00e3o se entende porque estas ondas de viol\u00eancia surgem de maneira t\u00e3o forte. \u00c9 necess\u00e1rio promover, justamente, a toler\u00e2ncia \u00e0 diversidade nos grupos e nas comunidades, em todos os lugares. Os migrantes vivem com medo e muitos j\u00e1 retornaram aos seus pa\u00edses de origem\u201d, nos escreve Jacira, de Johannesburgo.  Neste contexto, por ocasi\u00e3o do <a href=\"https:\/\/www.focolare.org\/pt\/news\/2015\/04\/12\/ricordando-chiara-una-panoramica-sul-mondo\/\">s\u00e9timo anivers\u00e1rio<\/a><strong> de morte de<\/strong> <a href=\"https:\/\/www.focolare.org\/pt\/chiara-lubich\/chi-e-chiara\/\">Chiara Lubich<\/a> (22\/01\/1920 \u2013 14\/03\/2008),\u00a0foi realizado um semin\u00e1rio cujo t\u00edtulo foi \u201cReligi\u00f5es a servi\u00e7o da Paz\u201d. Muito significativa a contribui\u00e7\u00e3o de Ela Gandhi, neta do Mahatma que, em v\u00e1rias ocasi\u00f5es durante as suas viagens na It\u00e1lia, ficara fascinada pela vida de Chiara Lubich e pela <a href=\"https:\/\/www.focolare.org\/pt\/chiara-lubich\/spiritualita-dellunita\/\"> espiritualidade da unidade<\/a> que cita amplamente no seu profundo discurso.  De fato, ela afirma, entre outras coisas: \u201cReconhecendo como agiu Gandhiji que nada se alcan\u00e7a quando as pessoas n\u00e3o t\u00eam trabalho, alimento ou onde morar e roupas para cobrir-se, Chiara concebeu a id\u00e9ia da\u00a0 <a href=\"http:\/\/www.edc-online.org\/it\/\" target=\"_blank\" rel=\"noopener noreferrer\">Economia de Comunh\u00e3o<\/a> na liberdade. Cuidar uns dos outros \u00e9 a sua eloquente exorta\u00e7\u00e3o!\u201d E continua: \u201c\u00c9 o amor pelos outros na express\u00e3o da miseric\u00f3rdia, o amor que abre os cora\u00e7\u00f5es e os bra\u00e7os para acolher os desamparados, os pobres, aqueles que s\u00e3o descartados da vida e os pecadores arrependidos.\u201d  \u201cSe pensamos de praticar com fidelidade a nossa religi\u00e3o, ent\u00e3o, como seria poss\u00edvel existir ainda as lutas, as guerras, as prepot\u00eancias e sofrimentos perpetrados por homem contra homem e indescrit\u00edveis atrocidades cometidas pelo homem neste mundo?\u201d, ela se pergunta. E afirma, com extrema convic\u00e7\u00e3o: \u201cCada comunidade de fi\u00e9is assuma a responsabilidade de corrigir interpreta\u00e7\u00f5es err\u00f4neas da pr\u00f3pria f\u00e9 e de n\u00e3o abandonar a f\u00e9.\u201d  \u201cAqui na \u00c1frica do Sul, durante os anos de <em>apartheid<\/em> que se fundamentava em uma err\u00f4nea interpreta\u00e7\u00e3o da B\u00edblia \u2013 segundo a Senhora Ela Gandhi \u2013 os nossos irm\u00e3os e irm\u00e3s crist\u00e3os reuniram-se para escrever o <em>Kairos<\/em> <em>Document<\/em>. Este documento afirma que \u201co problema\u2026 na \u00c1frica do Sul n\u00e3o \u00e9 simplesmente o problema de culpa a n\u00edvel pessoal; \u00e9 um problema de estruturas injustas.\u201d  <strong>E assim, concluiu<\/strong>: \u201cAtualmente, quando o mundo e tamb\u00e9m o nosso pa\u00eds experimenta uma alta percentual de viol\u00eancia e de comportamentos insensatos, de f\u00faria e destrui\u00e7\u00e3o, de pobreza e indig\u00eancia, \u00e9 necess\u00e1rio endere\u00e7ar, outra vez, o olhar ao nosso conceito de <a href=\"https:\/\/www.focolare.org\/pt\/news\/2014\/05\/08\/sharing-with-africa-al-cuore-della-settimana-mondo-unito\/\" target=\"_blank\" rel=\"noopener noreferrer\"><em>Ubuntu<\/em> <\/a>e compreender de que maneira cada um de n\u00f3s pode come\u00e7ar a introduzir na pr\u00f3pria vida a \u00e1gape, e <em>bhavana<\/em> e muitos outros termos semelhantes que se referem ao amor puro, de modo a ajudar a edificar um mundo melhor.\u201d  E hoje, mais que nunca, para oferecer a pr\u00f3pria contribui\u00e7\u00e3o, os membros dos <a href=\"https:\/\/www.focolare.org\/pt\/movimento-dei-focolari\/\">Focolares <\/a>naquele pa\u00eds de grandes dist\u00e2ncias, est\u00e3o empenhados a ir ao encontro das comunidades mais distantes, para partilhar e aprofundar a mensagem de paz e de unidade, frutos do Evangelho vivido.<\/p>\n","protected":false},"excerpt":{"rendered":"<p>Em meio a desordens sociais que o pa\u00eds atravessa a lembran\u00e7a da vida de Chiara Lubich no discurso de Ela Gandhi, por ocasi\u00e3o de um semin\u00e1rio para recordar a sua mensagem.<\/p>\n","protected":false},"author":34,"featured_media":0,"comment_status":"open","ping_status":"open","sticky":false,"template":"","format":"standard","meta":{"give_campaign_id":0,"_seopress_robots_primary_cat":"","_seopress_titles_title":"","_seopress_titles_desc":"","_seopress_robots_index":"","_et_pb_use_builder":"","_et_pb_old_content":"","_et_gb_content_width":"","footnotes":""},"categories":[909],"tags":[],"class_list":["post-333560","post","type-post","status-publish","format-standard","hentry","category-focolare-worldwide-2-4"],"_links":{"self":[{"href":"https:\/\/www.focolare.org\/pt-pt\/wp-json\/wp\/v2\/posts\/333560","targetHints":{"allow":["GET"]}}],"collection":[{"href":"https:\/\/www.focolare.org\/pt-pt\/wp-json\/wp\/v2\/posts"}],"about":[{"href":"https:\/\/www.focolare.org\/pt-pt\/wp-json\/wp\/v2\/types\/post"}],"author":[{"embeddable":true,"href":"https:\/\/www.focolare.org\/pt-pt\/wp-json\/wp\/v2\/users\/34"}],"replies":[{"embeddable":true,"href":"https:\/\/www.focolare.org\/pt-pt\/wp-json\/wp\/v2\/comments?post=333560"}],"version-history":[{"count":0,"href":"https:\/\/www.focolare.org\/pt-pt\/wp-json\/wp\/v2\/posts\/333560\/revisions"}],"wp:attachment":[{"href":"https:\/\/www.focolare.org\/pt-pt\/wp-json\/wp\/v2\/media?parent=333560"}],"wp:term":[{"taxonomy":"category","embeddable":true,"href":"https:\/\/www.focolare.org\/pt-pt\/wp-json\/wp\/v2\/categories?post=333560"},{"taxonomy":"post_tag","embeddable":true,"href":"https:\/\/www.focolare.org\/pt-pt\/wp-json\/wp\/v2\/tags?post=333560"}],"curies":[{"name":"wp","href":"https:\/\/api.w.org\/{rel}","templated":true}]}}