{"id":333582,"date":"2015-05-15T04:00:22","date_gmt":"2015-05-15T02:00:22","guid":{"rendered":"https:\/\/www.focolare.org\/living-peace-2015-noticias-e-fotos-do-cairo\/"},"modified":"2024-05-16T15:24:16","modified_gmt":"2024-05-16T13:24:16","slug":"living-peace-2015-noticias-e-fotos-do-cairo","status":"publish","type":"post","link":"https:\/\/www.focolare.org\/pt-pt\/living-peace-2015-noticias-e-fotos-do-cairo\/","title":{"rendered":"Living Peace 2015: not\u00edcias e fotos do Cairo"},"content":{"rendered":"<p><strong><img loading=\"lazy\" decoding=\"async\" class=\"alignright  wp-image-124040\" src=\"https:\/\/www.focolare.org\/wp-content\/uploads\/2015\/05\/20150515Egitto2.jpg\" alt=\"20150515Egitto2\" width=\"265\" height=\"230\" \/><\/strong>\u201c<strong>O F\u00f3rum da Paz \u00e9 uma experi\u00eancia \u00fanica.<\/strong> Eu vivi, profundamente, cada momento do programa. Um encontro deste g\u00eanero (\u2026) suscita esperan\u00e7a em um tempo melhor que j\u00e1 est\u00e1 chegando e, no qual, um dia, a pobreza, a fome, a discrimina\u00e7\u00e3o e a guerra ter\u00e3o fim.\u201d <strong>Rasha, professor de ingl\u00eas <\/strong>no Rowad American College, assim descrev<strong>e o <strong>Living Peace 2015<\/strong>,<\/strong> que se realizou no <a href=\"https:\/\/www.focolare.org\/pt\/focolare-worldwide\/africa\/egitto\/\" target=\"_blank\" rel=\"noopener\">Cairo<\/a>, de 4 a 6 de maio, precedido por um congresso de tr\u00eas dias em Alexandria, Egito, fundamental para estabelecer a base para que os jovens se conhecessem, inclusive os estudantes provenientes de v\u00e1rias regi\u00f5es do mundo, para garantir o \u00eaxito dos dias que se seguiram.  Em Alexandria sucederam-se momentos de conhecimento rec\u00edproco, de partilha de alegrias e sofrimentos que cada participante trouxe do pr\u00f3prio pa\u00eds. Depois, no Cairo, a acolhida foi uma grande festa, no Rio Nilo, a bordo de uma grande barca bem decorada, com cantos e dan\u00e7as, din\u00e2micas que, em seguida, deixaram espa\u00e7o ao programa do <strong>F\u00f3rum Mundial dos estudantes pela Paz<\/strong>.  <strong>O projeto foi promovido pela ONG New Humanity <\/strong>atrav\u00e9s do projeto Cayrus, aprovado pela Uni\u00e3o Europeia. Aderiram a ele outros oito parceiros, de v\u00e1rios pa\u00edses, que enviaram ao Egito uma representa\u00e7\u00e3o de jovens e estudantes. <\/p>\n<p class=\"ecxmsonormal\" style=\"line-height: 17.05pt;background: white;margin: 0cm 0cm 16.2pt 0cm\"><strong><span style=\"color: #444444;font-weight: normal\">Tr\u00eas dias em que os 1300 estudantes e professores, de muitas escolas e universidades, nacionais e internacionais, com algumas universidades do Cairo<\/span><\/strong>, testemunharam o comum empenho pela paz entrela\u00e7ando, entre eles, diversas modalidades: testemunhos, as pr\u00e1ticas positivas, <strong>apresenta\u00e7\u00e3o de mais de 50 projetos educativos pela paz, workshop, semin\u00e1rios, exposi\u00e7\u00f5es e apresenta\u00e7\u00f5es art\u00edsticas<\/strong>. O evento contou tamb\u00e9m com a presen\u00e7a de embaixadores e representantes diplom\u00e1ticos da Argentina, Brasil, Uruguai, Guatemala, Cuba, Rep\u00fablica Democr\u00e1tica do Congo, Rep\u00fablica dos Camar\u00f5es, Paquist\u00e3o, Portugal, Cro\u00e1cia, M\u00e9xico, Alemanha e Sud\u00e3o.<\/p>\n<p> <strong>O evento <\/strong>foi iniciado em 2011, por um professor de ingl\u00eas no El Rowad American College do Cairo, como projeto de educa\u00e7\u00e3o \u00e0 paz, <strong>atualmente <strong>Living Peace<\/strong> envolve mais de 25000 estudantes no mundo inteiro<\/strong>. \u00c9 caracterizado pela participa\u00e7\u00e3o pessoal e em primeira pessoa, de estudantes e docentes na cria\u00e7\u00e3o de iniciativas de educa\u00e7\u00e3o \u00e0 paz, constituindo uma rede mundial de pessoas e institui\u00e7\u00f5es.<strong> <\/strong>  <strong>A ades\u00e3o oferece, a cada escola, a possibilidade de desenvolver projetos segundos as pr\u00f3prias possibilidades<\/strong>, favorecendo a criatividade dos jovens que tomam conhecimento da pr\u00f3pria contribui\u00e7\u00e3o a uma finalidade comum. Isto cria uma din\u00e2mica de participa\u00e7\u00e3o que entusiasma os diversos setores da escola, refor\u00e7ando a solidariedade entre alunos, professores, diretores e pais, com um reflexo tamb\u00e9m na sociedade civil.  <strong>O F\u00f3rum 2015 foi a ocasi\u00e3o para apresentar <\/strong><a href=\"http:\/\/www.scholasoccurrentes.org\/\" target=\"_blank\" rel=\"noopener\">Scholas Occurrentes<\/a><strong>,<\/strong> a grande rede mundial encorajada pelo Papa Francisco quando ainda era arcebispo de Buenos Aires, e que une mais de 400.000 escolas no mundo inteiro.<strong> <\/strong>  <strong>A presen\u00e7a de Dominicus Rhode, da <\/strong><a href=\"https:\/\/www.focolare.org\/pt\/focolare-worldwide\/europa\/germania\/\" target=\"_blank\" rel=\"noopener\">Alemanha<\/a><strong>, Presidente do F\u00f3rum Mundial da Paz\u00b8<\/strong> contribuiu para dar maior import\u00e2ncia e valor a todos os momentos do F\u00f3rum. Sendo o primeiro f\u00f3rum mundial realizado para jovens, certamente, o evento abriu portas a novos caminhos.  <strong>O F\u00f3rum Mundial pela Paz atribuiu a New Humanity o Pr\u00eamio Luxemburgo pela paz, <\/strong>entregando a<strong> Cecilia Landucci, <\/strong>como representante da ONG, a medalha \u201cNelson Mandela\u201d, justamente no Cairo.  <a href=\"https:\/\/www.youtube.com\/watch?v=nugDbxgoccg&amp;feature=youtu.be\" target=\"_blank\" rel=\"noopener\">Acesse aqui fotos de Living Peace 2015<\/a>  https:\/\/www.youtube.com\/watch?v=nugDbxgoccg&amp;feature=youtu.be  Fonte: <a href=\"http:\/\/www.new-humanity.org\/it\/\" target=\"_blank\" rel=\"noopener\">ONG New Humanity<\/a>, <a href=\"http:\/\/www.amu-it.eu\/?lang=it\" target=\"_blank\" rel=\"noopener\">AMU<\/a> e\u00a0 <a href=\"http:\/\/www.umanitanuova.org\/pt\/\" target=\"_blank\" rel=\"noopener\">Humanidade Nova<\/a>.  Atualizado 27 de maio de 2015<\/p>\n","protected":false},"excerpt":{"rendered":"<p>1.300 alunos e professores em escolas e universidades no Egito t\u00eam demonstrado seu compromisso com a paz<\/p>\n","protected":false},"author":34,"featured_media":0,"comment_status":"open","ping_status":"open","sticky":false,"template":"","format":"standard","meta":{"give_campaign_id":0,"_seopress_robots_primary_cat":"","_seopress_titles_title":"","_seopress_titles_desc":"","_seopress_robots_index":"","_et_pb_use_builder":"","_et_pb_old_content":"","_et_gb_content_width":"","footnotes":""},"categories":[909,910],"tags":[],"class_list":["post-333582","post","type-post","status-publish","format-standard","hentry","category-focolare-worldwide-2-4","category-senza-categoria-2-4"],"_links":{"self":[{"href":"https:\/\/www.focolare.org\/pt-pt\/wp-json\/wp\/v2\/posts\/333582","targetHints":{"allow":["GET"]}}],"collection":[{"href":"https:\/\/www.focolare.org\/pt-pt\/wp-json\/wp\/v2\/posts"}],"about":[{"href":"https:\/\/www.focolare.org\/pt-pt\/wp-json\/wp\/v2\/types\/post"}],"author":[{"embeddable":true,"href":"https:\/\/www.focolare.org\/pt-pt\/wp-json\/wp\/v2\/users\/34"}],"replies":[{"embeddable":true,"href":"https:\/\/www.focolare.org\/pt-pt\/wp-json\/wp\/v2\/comments?post=333582"}],"version-history":[{"count":0,"href":"https:\/\/www.focolare.org\/pt-pt\/wp-json\/wp\/v2\/posts\/333582\/revisions"}],"wp:attachment":[{"href":"https:\/\/www.focolare.org\/pt-pt\/wp-json\/wp\/v2\/media?parent=333582"}],"wp:term":[{"taxonomy":"category","embeddable":true,"href":"https:\/\/www.focolare.org\/pt-pt\/wp-json\/wp\/v2\/categories?post=333582"},{"taxonomy":"post_tag","embeddable":true,"href":"https:\/\/www.focolare.org\/pt-pt\/wp-json\/wp\/v2\/tags?post=333582"}],"curies":[{"name":"wp","href":"https:\/\/api.w.org\/{rel}","templated":true}]}}