{"id":333622,"date":"2015-06-03T10:00:02","date_gmt":"2015-06-03T08:00:02","guid":{"rendered":"https:\/\/www.focolare.org\/economia-de-comunhao-na-africa-uma-empresa-nao-basta\/"},"modified":"2024-05-16T15:24:27","modified_gmt":"2024-05-16T13:24:27","slug":"economia-de-comunhao-na-africa-uma-empresa-nao-basta","status":"publish","type":"post","link":"https:\/\/www.focolare.org\/pt-pt\/economia-de-comunhao-na-africa-uma-empresa-nao-basta\/","title":{"rendered":"Economia de Comunh\u00e3o na \u00c1frica: Uma empresa n\u00e3o basta"},"content":{"rendered":"<p><strong><a href=\"https:\/\/www.focolare.org\/wp-content\/uploads\/2015\/06\/EdC_05.jpg\"><img loading=\"lazy\" decoding=\"async\" class=\"alignright wp-image-124727\" src=\"https:\/\/www.focolare.org\/wp-content\/uploads\/2015\/06\/EdC_05.jpg\" alt=\"EdC_05\" width=\"305\" height=\"229\" \/><\/a>Uma empresa n\u00e3o basta<\/strong>, \u00e9 a proposta dos mais de 300 empres\u00e1rios de 41 Pa\u00edses dos cinco continentes, concluindo o Congresso Internacional <a href=\"http:\/\/edc-online.org\/br\/\" target=\"_blank\" rel=\"noopener\">EdC<\/a> Nairobi 2015 entre dan\u00e7as, cantos, cores: \u201c<em>somos um povo festivo<\/em>\u201d, exclamou\u00a0<strong class=\"color\">Luigino Bruni<\/strong>.  Para olhar para o futuro, na \u00faltima manh\u00e3 se viu o Congresso dirigir o seu olhar especialmente para as novas gera\u00e7\u00f5es. Desde suas primeiras palavras, <strong class=\"color\">Anouk Grevin<\/strong>\u00a0capta os presentes: \u201cQuando nasce uma crian\u00e7a, toda a comunidade toma conta dela, o filho que nasce \u00e9 de todos\u201d &#8211; rebenta um enorme aplauso porque esta afirma\u00e7\u00e3o representa um dos valores mais queridos para os povos africanos (&#8220;<em>para criar uma crian\u00e7a \u00e9 preciso uma aldeia inteira<\/em>&#8221; N. da R.). Depois explica: \u201cCom os jovens que participaram da International EoC School vivemos sonhos maravilhosos\u201d.  Perante a sua pergunta: \u201c<em>vamos deix\u00e1-los s\u00f3s?<\/em>\u201d. A resposta dos presentes foi imediata, igualmente apaixonada e envolvente: alguns empres\u00e1rios foram pegando o microfone para exprimir o desejo e o empenho em quererem ser os primeiros apoiadores desses sonhos.\u00a0<strong class=\"color\">John Mundell<\/strong> lan\u00e7ou um apelo aos seus amigos: <strong>abrir as pr\u00f3prias empresas para inserir as novas gera\u00e7\u00f5es no mundo do trabalho<\/strong>: \u201cA experi\u00eancia nas empresas EdC servem\u00a0para experimentar a riqueza das rela\u00e7\u00f5es verdadeiras para al\u00e9m do profissionalismo!\u201d.  <a href=\"https:\/\/www.focolare.org\/wp-content\/uploads\/2015\/06\/EdC_02.jpg\"><img loading=\"lazy\" decoding=\"async\" class=\"alignleft size-full wp-image-124725\" src=\"https:\/\/www.focolare.org\/wp-content\/uploads\/2015\/06\/EdC_02.jpg\" alt=\"EdC_02\" width=\"300\" height=\"225\" \/><\/a>As hist\u00f3rias de vida dos empres\u00e1rios &#8211; sobretudo jovens &#8211; das mais variadas partes do mundo nos levam a vislumbrar um futuro melhor: desde a <strong>It\u00e1lia<\/strong>, \u00e0 <strong>Argentina<\/strong>, ao\u00a0<strong>Paraguai<\/strong>, at\u00e9 \u00e0 apresenta\u00e7\u00e3o de uma tese sobre a EdC feita por uma jovem brasileira que est\u00e1 concluindo seus estudos no Instituto Sophia.  Se hoje, o nosso olhar se dirige para o futuro-presente, este \u00e9 tamb\u00e9m um momento importante de compromissos fortes e vinculativos: \u201cDevemos prometer uns aos outros nunca mais voltar atr\u00e1s\u00a0\u2013 \u00e9 o desejo expresso por\u00a0<strong class=\"color\">Luigino Bruni<\/strong> \u2013 Nestes dias vivemos aut\u00eanticos milagres, as nossas hist\u00f3rias de vida devem ser anunciadas a todos. A EdC n\u00e3o \u00e9 um bem de consumo, h\u00e1 muitas pessoas pelo mundo que a esperam. Devemos continuar a ser &#8220;produtores&#8221; de comunh\u00e3o e n\u00e3o apenas seus consumidores\u201d.  O documento final \u00e9 um apelo muito forte. <strong>A promessa de oferecer a pr\u00f3pria vida por uma economia de comunh\u00e3o<\/strong>.\u00a0 A este ponto os empres\u00e1rios quiseram deixar um sinal do seu compromisso pessoal que se materializou num \u201cpacto\u201d, que, em plena liberdade, selaram com uma assinatura.  <img loading=\"lazy\" decoding=\"async\" class=\"  alignright wp-image-124771\" src=\"https:\/\/www.focolare.org\/wp-content\/uploads\/2015\/06\/EoC_10.jpg\" alt=\"EoC_10\" width=\"320\" height=\"240\" \/>Para \u201c<em>encerrar<\/em>\u201d o Congresso afirma\u00a0<strong class=\"color\">Gen\u00e9vi\u00e8ve Sanz\u00e9<\/strong>: \u201c\u201d.  <strong>Uma empresa n\u00e3o basta<\/strong>, em analogia com \u201c<a href=\"https:\/\/www.focolare.org\/news\/2006\/05\/02\/una-citta-non-basta\/\" target=\"_blank\" rel=\"noopener\"><em>uma cidade n\u00e3o basta<\/em><\/a>\u201d, um dos escritos mais conhecidos de <a href=\"https:\/\/www.focolare.org\/pt\/chiara-lubich\/chi-e-chiara\/\">Chiara Lubich<\/a>, alimenta a reflex\u00e3o final destes cinco riqu\u00edssimos dias e inflama a paix\u00e3o de viver um grande sonho: ver o mundo &#8220;<em>invadido<\/em>&#8221; pelas empresas EdC. \u201cCom um Deus que te visita cada manh\u00e3, se o desejares, uma cidade \u00e9 demasiado pouco&#8230; olha mais longe: para a tua p\u00e1tria, para a p\u00e1tria de todos, para o mundo. E cada tua respira\u00e7\u00e3o seja por isso, por esse objetivo todos os teus gestos&#8230;\u201d<\/p>\n","protected":false},"excerpt":{"rendered":"<p>Concluiu-se ontem na Mari\u00e1polis Piero (Nairobi, Qu\u00eania) o 5\u00b0 congresso internacional EdC: &#8220;extraordin\u00e1rio&#8221; &#8211; a palavra mais usada nas opini\u00f5es. O empenho concreto dos empres\u00e1rios para os jovens.<\/p>\n","protected":false},"author":34,"featured_media":0,"comment_status":"open","ping_status":"open","sticky":false,"template":"","format":"standard","meta":{"give_campaign_id":0,"_seopress_robots_primary_cat":"","_seopress_titles_title":"","_seopress_titles_desc":"","_seopress_robots_index":"","_et_pb_use_builder":"","_et_pb_old_content":"","_et_gb_content_width":"","footnotes":""},"categories":[909],"tags":[],"class_list":["post-333622","post","type-post","status-publish","format-standard","hentry","category-focolare-worldwide-2-4"],"_links":{"self":[{"href":"https:\/\/www.focolare.org\/pt-pt\/wp-json\/wp\/v2\/posts\/333622","targetHints":{"allow":["GET"]}}],"collection":[{"href":"https:\/\/www.focolare.org\/pt-pt\/wp-json\/wp\/v2\/posts"}],"about":[{"href":"https:\/\/www.focolare.org\/pt-pt\/wp-json\/wp\/v2\/types\/post"}],"author":[{"embeddable":true,"href":"https:\/\/www.focolare.org\/pt-pt\/wp-json\/wp\/v2\/users\/34"}],"replies":[{"embeddable":true,"href":"https:\/\/www.focolare.org\/pt-pt\/wp-json\/wp\/v2\/comments?post=333622"}],"version-history":[{"count":0,"href":"https:\/\/www.focolare.org\/pt-pt\/wp-json\/wp\/v2\/posts\/333622\/revisions"}],"wp:attachment":[{"href":"https:\/\/www.focolare.org\/pt-pt\/wp-json\/wp\/v2\/media?parent=333622"}],"wp:term":[{"taxonomy":"category","embeddable":true,"href":"https:\/\/www.focolare.org\/pt-pt\/wp-json\/wp\/v2\/categories?post=333622"},{"taxonomy":"post_tag","embeddable":true,"href":"https:\/\/www.focolare.org\/pt-pt\/wp-json\/wp\/v2\/tags?post=333622"}],"curies":[{"name":"wp","href":"https:\/\/api.w.org\/{rel}","templated":true}]}}