{"id":333708,"date":"2015-07-08T04:00:53","date_gmt":"2015-07-08T02:00:53","guid":{"rendered":"https:\/\/www.focolare.org\/expo-fogoes-solares-para-o-haiti\/"},"modified":"2024-05-16T15:24:46","modified_gmt":"2024-05-16T13:24:46","slug":"expo-fogoes-solares-para-o-haiti","status":"publish","type":"post","link":"https:\/\/www.focolare.org\/pt-pt\/expo-fogoes-solares-para-o-haiti\/","title":{"rendered":"EXPO: fog\u00f5es solares para o Haiti"},"content":{"rendered":"<p><strong><img loading=\"lazy\" decoding=\"async\" class=\" size-full wp-image-126538 alignleft\" src=\"https:\/\/www.focolare.org\/wp-content\/uploads\/2015\/07\/haiti_poor_int.jpg\" alt=\"haiti_poor_int\" width=\"350\" height=\"233\" hspace=\"5\" \/>\u00abO Haiti foi uma das mais florescentes col\u00f4nias francesas, a p\u00e9rola das Antilhas<\/strong>; hoje \u00e9 um dos pa\u00edses mais pobres do planeta, devastado por uma grave cat\u00e1strofe ecol\u00f3gica\u00bb, afirma <strong>Ronald La R\u00eache<\/strong>, ex-deputado, candidato ao senado de Mont-Organiz\u00e9. S\u00e3o, na verdade, <strong>milhares as pessoas que n\u00e3o tem acesso \u00e0s fontes tradicionais de energia, como eletricidade ou g\u00e1s.\u00a0<\/strong>A constante utiliza\u00e7\u00e3o de lenha para queima tem como consequ\u00eancia o desmatamento selvagem, que incide negativamente sobre as mudan\u00e7as clim\u00e1ticas, causando a desertifica\u00e7\u00e3o e a progressiva diminui\u00e7\u00e3o da \u00e1gua \u00e0 disposi\u00e7\u00e3o. Surge daqui a ideia de apoiar a popula\u00e7\u00e3o do Haiti utilizando energias renov\u00e1veis, especialmente a energia solar.  <strong>O projeto \u201cFog\u00f5es solares para Mont-Organiz\u00e9\u201d<\/strong>, foi idealizado e realizado por <a href=\"http:\/\/www.afnonlus.org\/\" target=\"_blank\" rel=\"noopener\">AFNonlus<\/a> \u2013 associa\u00e7\u00e3o que se inspira nos valores dos <a href=\"https:\/\/www.focolare.org\/pt\/chi-siamo\/\" target=\"_blank\" rel=\"noopener\">Focolares <\/a>\u2013 em colabora\u00e7\u00e3o com PACNE (A\u00e7\u00e3o contra a Pobreza no Nordeste, na sigla em franc\u00eas), Institui\u00e7\u00e3o Nacional de Microcr\u00e9dito, Departamento Agr\u00e1rio da Universidade dos Estudos de N\u00e1poles Federico II, e Tesla I.A. srl, e patrocinado pela SIOI\u00a0 (Sociedade Italiana para a Organiza\u00e7\u00e3o Internacional). Seu objetivo \u00e9 introduzir os fog\u00f5es solares nos centros sustentados por AFN no Haiti, no territ\u00f3rio de Mont-Organiz\u00e9.  <strong>O fog\u00e3o solar adota uma tecnologia muito simples<\/strong>, de f\u00e1cil manuten\u00e7\u00e3o e montagem, \u00e9 poss\u00edvel aprender a mont\u00e1-los localmente, favorecendo a f\u00e1cil difus\u00e3o na comunidade. \u00c9 constitu\u00eddo por um dispositivo baseado num sistema de concentra\u00e7\u00e3o solar: por meio de uma lente a energia solar transforma-se em energia t\u00e9rmica que \u00e9 armazenada numa bateria.  <strong>A apresenta\u00e7\u00e3o do projeto<\/strong> aconteceu no s\u00e1bado, 4 de julho, por ocasi\u00e3o do<strong> encontro \u201cFog\u00f5es solares, uma resposta \u00e0s problem\u00e1ticas dos pa\u00edses em vias de desenvolvimento\u201d<\/strong>, na<a href=\"http:\/\/www.expo2015.org\" target=\"_blank\" rel=\"noopener\"> EXPO de Mil\u00e3o 2015<\/a>, na Quinta Triulza, o pavilh\u00e3o da sociedade civil.  \u00abO caminho que imaginamos prev\u00ea a<strong> utiliza\u00e7\u00e3o dos fog\u00f5es solares nas escolas ajudadas pela AFN em Mont-Organiz\u00e9<\/strong>, uma \u00e1rea rural, nos arredores de Ouanaminthe, <img loading=\"lazy\" decoding=\"async\" class=\"alignright size-full wp-image-126537\" src=\"https:\/\/www.focolare.org\/wp-content\/uploads\/2015\/07\/haiti_expo_int.jpg\" alt=\"haiti_expo_int\" width=\"350\" height=\"197\" \/>no departamento nordeste do Haiti\u00bb, explica Andr\u00e9 Turatti, presidente da AFNonlus. \u00abOs passos seguintes ser\u00e3o os de formar instrutores, que por sua vez formar\u00e3o as fam\u00edlias, para envolver a popula\u00e7\u00e3o com programas de microcr\u00e9dito personalizados\u00bb.  <strong>A aten\u00e7\u00e3o \u00e0s tecnologias verdes e \u00e0 sustentabilidade global do projeto<\/strong> est\u00e3o entre os elementos de inova\u00e7\u00e3o salientados por Luigino Bruni, professor de Ci\u00eancias Econ\u00f4micas na Universidade de Roma, LUMSA, e coordenador da <a href=\"http:\/\/www.edc-online.org\/\" target=\"_blank\" rel=\"noopener\">Economia de Comunh\u00e3o<\/a>. Acrescentam-se a eles \u00aba valoriza\u00e7\u00e3o dos recursos locais (o sol, entre outros), das mat\u00e9rias primas do lugar, e o envolvimento da popula\u00e7\u00e3o\u00bb. \u00abNisso consiste o verdadeiro sucesso do projeto \u2013 afirma o economista \u2013, que funcionar\u00e1 na medida em que ser\u00e1 sentido pela popula\u00e7\u00e3o como uma real oportunidade\u00bb.  \u00abO projeto \u201cFog\u00f5es solares\u201d \u2013 escreve <a href=\"https:\/\/www.focolare.org\/pt\/news\/2014\/09\/15\/maria-voce\/\" target=\"_blank\" rel=\"noopener\">Maria Voce<\/a>, presidente do Movimento dos Focolares \u2013 est\u00e1 em plena sintonia com o ensinamento do Papa Francisco, que chamou aten\u00e7\u00e3o sobre a quest\u00e3o ambiental ao colocar no centro da enc\u00edclica \u201c<a href=\"http:\/\/w2.vatican.va\/content\/francesco\/pt\/encyclicals\/documents\/papa-francesco_20150524_enciclica-laudato-si.html\" target=\"_blank\" rel=\"noopener\">Laudato s\u00ec<\/a>\u201d o conceito de ecologia integral, ou seja, a rela\u00e7\u00e3o entre a natureza e as pessoas que vivem nela\u00bb. \u00abTendo por base a aten\u00e7\u00e3o ao ambiente e ao desenvolvimento sustent\u00e1vel, que nas\u00e7a dentro das comunidades beneficiadas, o projeto pode dar respostas v\u00e1lidas \u00e0s problem\u00e1ticas urgentes dos pa\u00edses em vias de desenvolvimento. Com efeito, o projeto busca solu\u00e7\u00f5es para emerg\u00eancias ambientais, alimentares, sanit\u00e1rias e de fornecimento energ\u00e9tico, olhando as necessidades essenciais das pessoas mais fr\u00e1geis. Utilizando a energia solar de uma maneira nova, al\u00e9m de respeitar a cultura local, oferece ocasi\u00f5es de desenvolvimento e inclus\u00e3o social das categorias menos favorecidas, como as crian\u00e7as que recebem forma\u00e7\u00e3o e apoio nas escolas onde o Movimento atua\u00bb.<\/p>\n","protected":false},"excerpt":{"rendered":"<p>A solu\u00e7\u00e3o para erradicar a pobreza no Haiti passa pela resolu\u00e7\u00e3o do problema ambiental. O projeto \u201cFog\u00f5es solares para Mont-Organiz\u00e9\u201d apresentado na EXPO Mil\u00e3o 2015.<\/p>\n","protected":false},"author":34,"featured_media":0,"comment_status":"open","ping_status":"open","sticky":false,"template":"","format":"standard","meta":{"give_campaign_id":0,"_seopress_robots_primary_cat":"","_seopress_titles_title":"","_seopress_titles_desc":"","_seopress_robots_index":"","_et_pb_use_builder":"","_et_pb_old_content":"","_et_gb_content_width":"","footnotes":""},"categories":[909],"tags":[],"class_list":["post-333708","post","type-post","status-publish","format-standard","hentry","category-focolare-worldwide-2-4"],"_links":{"self":[{"href":"https:\/\/www.focolare.org\/pt-pt\/wp-json\/wp\/v2\/posts\/333708","targetHints":{"allow":["GET"]}}],"collection":[{"href":"https:\/\/www.focolare.org\/pt-pt\/wp-json\/wp\/v2\/posts"}],"about":[{"href":"https:\/\/www.focolare.org\/pt-pt\/wp-json\/wp\/v2\/types\/post"}],"author":[{"embeddable":true,"href":"https:\/\/www.focolare.org\/pt-pt\/wp-json\/wp\/v2\/users\/34"}],"replies":[{"embeddable":true,"href":"https:\/\/www.focolare.org\/pt-pt\/wp-json\/wp\/v2\/comments?post=333708"}],"version-history":[{"count":0,"href":"https:\/\/www.focolare.org\/pt-pt\/wp-json\/wp\/v2\/posts\/333708\/revisions"}],"wp:attachment":[{"href":"https:\/\/www.focolare.org\/pt-pt\/wp-json\/wp\/v2\/media?parent=333708"}],"wp:term":[{"taxonomy":"category","embeddable":true,"href":"https:\/\/www.focolare.org\/pt-pt\/wp-json\/wp\/v2\/categories?post=333708"},{"taxonomy":"post_tag","embeddable":true,"href":"https:\/\/www.focolare.org\/pt-pt\/wp-json\/wp\/v2\/tags?post=333708"}],"curies":[{"name":"wp","href":"https:\/\/api.w.org\/{rel}","templated":true}]}}