{"id":333818,"date":"2015-09-09T11:15:36","date_gmt":"2015-09-09T09:15:36","guid":{"rendered":"https:\/\/www.focolare.org\/queremos-a-paz-e-a-unidade-entre-os-povos\/"},"modified":"2024-05-16T15:25:09","modified_gmt":"2024-05-16T13:25:09","slug":"queremos-a-paz-e-a-unidade-entre-os-povos","status":"publish","type":"post","link":"https:\/\/www.focolare.org\/pt-pt\/queremos-a-paz-e-a-unidade-entre-os-povos\/","title":{"rendered":"Queremos a paz e a unidade entre os povos"},"content":{"rendered":"<p><strong><img loading=\"lazy\" decoding=\"async\" class=\"alignleft wp-image-128207\" src=\"https:\/\/www.focolare.org\/wp-content\/uploads\/2015\/09\/OpenYourBorders_20151.jpg\" alt=\"OpenYourBorders\" width=\"380\" height=\"219\" \/>Reduzir os financiamentos p\u00fablicos destinados aos armamentos<\/strong>; atuar na raiz das desigualdades para contrastar a mis\u00e9ria; rever os atuais modelos de governan\u00e7a; adotar um modelo de legalidade organizada em oposi\u00e7\u00e3o aos fen\u00f4menos de criminalidade; garantir um n\u00edvel de instru\u00e7\u00e3o prim\u00e1ria universal. S\u00e3o estes os cinco pontos principais do <a href=\"https:\/\/www.focolare.org\/press\/files\/2015\/09\/POR-APPELLO-GMU.pdf\" target=\"_blank\" rel=\"noopener\">apelo<\/a> dos <a href=\"https:\/\/www.focolare.org\/pt\/movimento-dei-focolari\/un-popolo\/giovani-per-un-mondo-unito\/\" target=\"_blank\" rel=\"noopener\">Jovens por um Mundo Unido<\/a> (MJU), do <a href=\"https:\/\/www.focolare.org\/pt\/chi-siamo\/\" target=\"_blank\" rel=\"noopener\">Movimento dos Focolares<\/a>, dirigido aos parlamentos nacionais, ao Parlamento Europeu, \u00e0s Comiss\u00f5es nacionais da Unesco e \u00e0s Na\u00e7\u00f5es Unidas. No dia 12 de mar\u00e7o deste ano, 350 jovens representantes de 39 pa\u00edses, <a href=\"https:\/\/www.focolare.org\/news\/2015\/03\/12\/i-giovani-dei-focolari-in-parlamento\/\" target=\"_blank\" rel=\"noopener\">reunidos na C\u00e2mara dos Deputados<\/a> do Parlamento Italiano, lan\u00e7aram esse premente apelo.  <strong>Palavras que nestes dias ressoam mais atuais do que nunca<\/strong>, diante de um drama humanit\u00e1rio que n\u00e3o pode esperar pelas reflex\u00f5es pol\u00edticas ou pelos tempos das burocracias nacionais e internacionais: \u00abEstamos conscientes do cen\u00e1rio global atual, constelado por in\u00fameros conflitos que provocam fen\u00f4menos como as migra\u00e7\u00f5es de povos que tentam fugir da viol\u00eancia, da indig\u00eancia extrema, da fome e das injusti\u00e7as sociais das quais s\u00e3o v\u00edtimas em seus pa\u00edses. Estas feridas profundas nos interpelam diretamente e nos impulsionam a buscar solu\u00e7\u00f5es concretas, para as quais dirigimos a nossa atua\u00e7\u00e3o pessoal\u00bb.  <strong>\u00abPara realizar a fraternidade universal<\/strong> \u2013 acrescentam, entre outras coisas \u2013 n\u00e3o basta a boa vontade do indiv\u00edduo: estamos convencidos que seja necess\u00e1ria uma a\u00e7\u00e3o da pol\u00edtica que mire intervir nas causas dos conflitos e nas condi\u00e7\u00f5es que geram desigualdade\u00bb. No apelo, os jovens n\u00e3o apenas denunciam essas causas, mas fazem pedidos claros e expl\u00edcitos.  Hoje, <strong>todos mergulhados na urg\u00eancia do drama humanit\u00e1rio<\/strong>, tamb\u00e9m <strong>os JMU levantam a voz para dizer: \u00abQueremos a paz e a unidade entre os povos<\/strong>\u00bb. Convidam a difundir o <a href=\"https:\/\/www.focolare.org\/press\/files\/2015\/09\/POR-APPELLO-GMU.pdf\" target=\"_blank\" rel=\"noopener\">apelo<\/a>, apresentando-o com urg\u00eancia \u00e0s institui\u00e7\u00f5es internacionais, nacionais, locais (ONU, UNESCO, Chefes de Estados, Parlamentos, prefeitos, etc.), e tamb\u00e9m a l\u00edderes religiosos.  <strong>Escolheram o dia 11 de setembro<\/strong> <strong>como data para<\/strong> <strong>\u00abinvadir as redes sociais com o Hastag<\/strong> <strong><a href=\"https:\/\/twitter.com\/hashtag\/openyourborders\">#OpenYourBorders<\/a>\u00bb<\/strong>, e lan\u00e7am iniciativas concretas que ter\u00e3o continuidade e que se unem \u00e0s muitas j\u00e1 existentes, reunidas no <a href=\"http:\/\/www.unitedworldproject.org\/en\/\" target=\"_blank\" rel=\"noopener\">Projeto Mundo Unido<\/a>.  <strong>Na p\u00e1gina<\/strong> <strong>\u2018<\/strong><a href=\"https:\/\/www.facebook.com\/dialoguetounlock\">Dialogue to unlock<\/a><strong>\u2019, do Facebook<\/strong>, ou pelo endere\u00e7o <a href=\"mailto:info@unitedworldproject.org\">info@unitedworldproject.org<\/a> podem ser publicadas fotos, depoimentos, iniciativas, v\u00eddeos, em favor da acolhida e da paz.  <a href=\"http:\/\/www.unitedworldproject.org\/it\/home\/14-notizie\/862-openyourborders-una-proposta-dei-gmu-per-tutti.html\" target=\"_blank\" rel=\"noopener\">O resultado da coleta de fundos pode ser enviado \u00e0 C\u00e1ritas local ou \u00e0 conta banc\u00e1ria da Secretaria dos Jovens por um Mundo Unido.\u00a0<\/a>  Leia tamb\u00e9m: <a href=\"https:\/\/www.focolare.org\/news\/2015\/03\/12\/i-giovani-dei-focolari-in-parlamento\/\" target=\"_blank\" rel=\"noopener\">Os jovens dos Focolares no Parlamento<\/a>  https:\/\/www.youtube.com\/watch?v=ZUsaJagl9Ik&amp;feature=youtu.be<\/p>\n","protected":false},"excerpt":{"rendered":"<p>Diante do drama humanit\u00e1rio dos refugiados, os Jovens por um Mundo Unido, dos Focolares, atuam em muitas frentes, mobilizam-se apelando aos organismos internacionais e comprometendo-se pessoalmente, junto com todo o Movimento.<\/p>\n","protected":false},"author":34,"featured_media":0,"comment_status":"open","ping_status":"open","sticky":false,"template":"","format":"standard","meta":{"give_campaign_id":0,"_seopress_robots_primary_cat":"","_seopress_titles_title":"","_seopress_titles_desc":"","_seopress_robots_index":"","_et_pb_use_builder":"","_et_pb_old_content":"","_et_gb_content_width":"","footnotes":""},"categories":[129],"tags":[],"class_list":["post-333818","post","type-post","status-publish","format-standard","hentry","category-sem-categoria"],"_links":{"self":[{"href":"https:\/\/www.focolare.org\/pt-pt\/wp-json\/wp\/v2\/posts\/333818","targetHints":{"allow":["GET"]}}],"collection":[{"href":"https:\/\/www.focolare.org\/pt-pt\/wp-json\/wp\/v2\/posts"}],"about":[{"href":"https:\/\/www.focolare.org\/pt-pt\/wp-json\/wp\/v2\/types\/post"}],"author":[{"embeddable":true,"href":"https:\/\/www.focolare.org\/pt-pt\/wp-json\/wp\/v2\/users\/34"}],"replies":[{"embeddable":true,"href":"https:\/\/www.focolare.org\/pt-pt\/wp-json\/wp\/v2\/comments?post=333818"}],"version-history":[{"count":0,"href":"https:\/\/www.focolare.org\/pt-pt\/wp-json\/wp\/v2\/posts\/333818\/revisions"}],"wp:attachment":[{"href":"https:\/\/www.focolare.org\/pt-pt\/wp-json\/wp\/v2\/media?parent=333818"}],"wp:term":[{"taxonomy":"category","embeddable":true,"href":"https:\/\/www.focolare.org\/pt-pt\/wp-json\/wp\/v2\/categories?post=333818"},{"taxonomy":"post_tag","embeddable":true,"href":"https:\/\/www.focolare.org\/pt-pt\/wp-json\/wp\/v2\/tags?post=333818"}],"curies":[{"name":"wp","href":"https:\/\/api.w.org\/{rel}","templated":true}]}}