{"id":333858,"date":"2015-09-24T06:32:26","date_gmt":"2015-09-24T04:32:26","guid":{"rendered":"https:\/\/www.focolare.org\/papa-francisco-em-cuba-abater-muros-construir-pontes\/"},"modified":"2024-05-16T15:25:19","modified_gmt":"2024-05-16T13:25:19","slug":"papa-francisco-em-cuba-abater-muros-construir-pontes","status":"publish","type":"post","link":"https:\/\/www.focolare.org\/pt-pt\/papa-francisco-em-cuba-abater-muros-construir-pontes\/","title":{"rendered":"Papa Francisco em Cuba: abater muros, construir pontes"},"content":{"rendered":"<p><img loading=\"lazy\" decoding=\"async\" class=\" wp-image-128811 alignleft\" src=\"https:\/\/www.focolare.org\/wp-content\/uploads\/2015\/09\/20150924-05.jpg\" alt=\"20150924-05\" width=\"380\" height=\"209\" \/>\u00abO sonho de um \u201cmundo unido\u201d foi sentido fortemente nestes dias de gra\u00e7as pela presen\u00e7a do <a href=\"http:\/\/w2.vatican.va\/content\/francesco\/pt\/travels\/2015\/outside\/documents\/papa-francesco-cuba-usa-onu-2015.html\" target=\"_blank\" rel=\"noopener\">Papa Francisco em Cuba. <\/a>A sua passagem deixou literalmente um rastro de luz! J\u00e1 a prepara\u00e7\u00e3o para a sua visita foi rica de entusiasmo e de novidades. Nas tr\u00eas dioceses que ele visitaria, todas as comunidades da Igreja criaram v\u00e1rias iniciativas: vig\u00edlias nas igrejas, nas \u201ccasas de miss\u00e3o\u201d, grupos de jovens nos parques, reuni\u00f5es na vizinhan\u00e7a para apresentar o Papa. Enfim, <strong>uma Igreja feliz e na expectativa!<\/strong>  E como nunca antes havia acontecido, os meios de comunica\u00e7\u00e3o (estatais) ofereceram uma ampla cobertura para preparar o povo cubano a essa visita t\u00e3o importante \u2013 inclusive do ponto de vista pol\u00edtico, pela not\u00f3ria colabora\u00e7\u00e3o do Papa no restabelecimento das rela\u00e7\u00f5es entre Cuba e Estados Unidos. R\u00e1dio, televis\u00e3o e imprensa continuamente faziam an\u00fancios sobre a visita, pequenas \u201ccatequeses\u201d sobre o Papa e a Igreja, document\u00e1rios sobre a vida do Papa Francisco, e tamb\u00e9m dos outros dois Papas que haviam visitado a Ilha. Surpresa a alegria para uma Igreja que viu fechadas, por muitos anos, as portas dos meios de comunica\u00e7\u00e3o\u00bb.  \u00abO Papa chegou como \u201cmission\u00e1rio da miseric\u00f3rdia\u201d, com gestos e palavras simples \u2013 muitas vezes delicadas, mas incisivas \u2013 disse aos cubanos e ao mundo que sem o perd\u00e3o, sem praticar a cultura do encontro e do di\u00e1logo, \u00e9 imposs\u00edvel ter esperan\u00e7a no futuro.  J\u00e1 as <a href=\"http:\/\/w2.vatican.va\/content\/francesco\/pt\/speeches\/2015\/september\/documents\/papa-francesco_20150919_cuba-benvenuto.html\" target=\"_blank\" rel=\"noopener\">suas primeiras palavra<\/a>s abriram para n\u00f3s novos horizontes: \u201cGeograficamente, Cuba \u00e9 um arquip\u00e9lago com uma fun\u00e7\u00e3o extraordin\u00e1ria de \u201cchave\u201d entre norte e sul, entre leste e oeste. <strong>A sua voca\u00e7\u00e3o natural \u00e9 a de ser ponto de encontro, para que todos os povos sejam unidos pela amizade<\/strong> (&#8230;). Somos testemunhas de um evento que nos enche de esperan\u00e7a: o sinal da vit\u00f3ria da cultura do encontro e do di\u00e1logo\u201d. \u00a0Ele convidou todos a \u201ccontinuar a avan\u00e7ar nesse caminho em favor da paz e do bem-estar dos seus povos e de toda a Am\u00e9rica, como exemplo de reconcilia\u00e7\u00e3o para o mundo inteiro\u201d.  <a href=\"http:\/\/w2.vatican.va\/content\/francesco\/pt\/homilies\/2015\/documents\/papa-francesco_20150921_cuba-omelia-holguin.html\" target=\"_blank\" rel=\"noopener\">Na Missa, na <em>Plaza de la Revoluci\u00f3n<\/em><\/a>, em Havana, disse, entre outras coisas: \u201c&#8230; A vida aut\u00eantica \u00e9 vivida no empenho concreto com o pr\u00f3ximo, isto \u00e9, servindo\u201d, recordando, antes de tudo, o servi\u00e7o aos mais fr\u00e1geis. \u201cTodos somos chamados, por voca\u00e7\u00e3o crist\u00e3, ao servi\u00e7o, e a ajudar-nos mutuamente a n\u00e3o cair na tenta\u00e7\u00e3o do servi\u00e7o que <em>\u2018se serve\u2019<\/em>\u201d, assinalou.  <img loading=\"lazy\" decoding=\"async\" class=\"alignleft wp-image-128834\" src=\"https:\/\/www.focolare.org\/wp-content\/uploads\/2015\/09\/20150924-01.jpg\" alt=\"20150924-01\" width=\"380\" height=\"285\" \/>No seu <a href=\"http:\/\/w2.vatican.va\/content\/francesco\/pt\/speeches\/2015\/september\/documents\/papa-francesco_20150920_cuba-giovani.html\" target=\"_blank\" rel=\"noopener\">encontro com os jovens<\/a> a empatia foi imediata. Ao anseio, expresso por um deles, de \u201cn\u00e3o querer apresentar-lhe somente os nossos sonhos, mas pedir-lhe algo especial, que renove em n\u00f3s a esperan\u00e7a&#8230;\u201d, Francisco respondeu com for\u00e7a: \u201cSonha, porque se ofereceres o melhor de ti ajudar\u00e1s o mundo a ser diferente. N\u00e3o esque\u00e7am: sonhem. Sonhem e falem de seus sonhos. Falem, porque \u00e9 preciso falar de coisas grandes!\u201d.  <img loading=\"lazy\" decoding=\"async\" class=\"alignright wp-image-128835\" src=\"https:\/\/www.focolare.org\/wp-content\/uploads\/2015\/09\/20150924-04.jpg\" alt=\"20150924-04\" width=\"300\" height=\"225\" \/>\u00abMuitos de n\u00f3s \u2013 continuam \u2013 tivemos oportunidade de cumpriment\u00e1-lo pessoalmente, a come\u00e7ar pelas focolarinas que trabalham na Nunciatura, mas tamb\u00e9m fam\u00edlias, jovens, nas v\u00e1rias cidades onde esteve\u00bb.  O <a href=\"https:\/\/www.focolare.org\/pt\/movimento-dei-focolari\/scelte-e-impegno\/focolarini\/\" target=\"_blank\" rel=\"noopener\">focolare <\/a>est\u00e1 presente em Cuba desde 1998, e o servi\u00e7o que procura oferecer \u00e0 Igreja e \u00e0 sociedade \u00e9 o de tecer uma rede de fraternidade, levar a \u201camizade social\u201d, que o Papa apresentou aos jovens, e favorecer a \u201ccultura do encontro\u201d, que deve ser percorrida como um caminho de esperan\u00e7a.  \u00abMuitos de n\u00f3s prestaram servi\u00e7os concretos, antes e durante a visita: alguns com os meios de comunica\u00e7\u00e3o, na organiza\u00e7\u00e3o dos eventos, outros dando entrevistas \u00e0 m\u00eddia nacional e internacional, ou simplesmente estando nos locais por onde o Papa iria passar, para saud\u00e1-lo. Em harmonia com a nossa voca\u00e7\u00e3o \u00e0 unidade, junto com crentes e n\u00e3o crentes, vivemos e participamos desses dias de gra\u00e7as\u00bb.  <a href=\"http:\/\/w2.vatican.va\/content\/francesco\/pt\/homilies\/2015\/documents\/papa-francesco_20150922_cuba-omelia-santiago.html\" target=\"_blank\" rel=\"noopener\">No Santu\u00e1rio de Nossa Senhora da Caridade<\/a>, Papa Francisco deixou um programa: \u201cQueremos ser uma Igreja que sai das casas para construir pontes, romper muros, semear reconcilia\u00e7\u00e3o. Como Maria, queremos ser uma Igreja que saiba acompanhar a nossa gente nas situa\u00e7\u00f5es dif\u00edceis, comprometendo-nos com a vida, a cultura, a sociedade, n\u00e3o isolando-nos, mas caminhando com os nossos irm\u00e3os. Todos juntos, todos juntos\u00bb.<\/p>\n","protected":false},"excerpt":{"rendered":"<p>Enquanto o Papa encontra-se j\u00e1 mergulhado na intensa programa\u00e7\u00e3o da visita aos Estados Unidos, publicamos a narrativa dos membros do Movimento em Cuba. Como viveram a hist\u00f3rica visita.<\/p>\n","protected":false},"author":34,"featured_media":0,"comment_status":"open","ping_status":"open","sticky":false,"template":"","format":"standard","meta":{"give_campaign_id":0,"_seopress_robots_primary_cat":"","_seopress_titles_title":"","_seopress_titles_desc":"","_seopress_robots_index":"","_et_pb_use_builder":"","_et_pb_old_content":"","_et_gb_content_width":"","footnotes":""},"categories":[129],"tags":[],"class_list":["post-333858","post","type-post","status-publish","format-standard","hentry","category-sem-categoria"],"_links":{"self":[{"href":"https:\/\/www.focolare.org\/pt-pt\/wp-json\/wp\/v2\/posts\/333858","targetHints":{"allow":["GET"]}}],"collection":[{"href":"https:\/\/www.focolare.org\/pt-pt\/wp-json\/wp\/v2\/posts"}],"about":[{"href":"https:\/\/www.focolare.org\/pt-pt\/wp-json\/wp\/v2\/types\/post"}],"author":[{"embeddable":true,"href":"https:\/\/www.focolare.org\/pt-pt\/wp-json\/wp\/v2\/users\/34"}],"replies":[{"embeddable":true,"href":"https:\/\/www.focolare.org\/pt-pt\/wp-json\/wp\/v2\/comments?post=333858"}],"version-history":[{"count":0,"href":"https:\/\/www.focolare.org\/pt-pt\/wp-json\/wp\/v2\/posts\/333858\/revisions"}],"wp:attachment":[{"href":"https:\/\/www.focolare.org\/pt-pt\/wp-json\/wp\/v2\/media?parent=333858"}],"wp:term":[{"taxonomy":"category","embeddable":true,"href":"https:\/\/www.focolare.org\/pt-pt\/wp-json\/wp\/v2\/categories?post=333858"},{"taxonomy":"post_tag","embeddable":true,"href":"https:\/\/www.focolare.org\/pt-pt\/wp-json\/wp\/v2\/tags?post=333858"}],"curies":[{"name":"wp","href":"https:\/\/api.w.org\/{rel}","templated":true}]}}