{"id":333958,"date":"2015-10-27T05:00:34","date_gmt":"2015-10-27T04:00:34","guid":{"rendered":"https:\/\/www.focolare.org\/sindicalistas-pela-fraternidade-universal\/"},"modified":"2024-05-16T15:25:40","modified_gmt":"2024-05-16T13:25:40","slug":"sindicalistas-pela-fraternidade-universal","status":"publish","type":"post","link":"https:\/\/www.focolare.org\/pt-pt\/sindicalistas-pela-fraternidade-universal\/","title":{"rendered":"Sindicalistas pela fraternidade universal"},"content":{"rendered":"<p><strong><img loading=\"lazy\" decoding=\"async\" class=\"  wp-image-130332 alignleft\" src=\"https:\/\/www.focolare.org\/wp-content\/uploads\/2013\/05\/sindacalisti-argentini-1.jpg\" alt=\"sindacalisti argentini 1\" width=\"381\" height=\"254\" \/>Em sua \u201ccarta \u00e9tica\u201d<\/strong> definem-se como aqueles que est\u00e3o \u00abnas contradi\u00e7\u00f5es e nas dificuldades do tempo presente, assumindo e compartilhando os sofrimentos do mundo do trabalho&#8230; na \u00f3tica da fraternidade universal\u00bb.  Nesta tens\u00e3o podem ser percebidos os sinais da necess\u00e1ria \u201cnova escola de pensamento\u201d indicada por <a href=\"https:\/\/www.focolare.org\/pt\/chiara-lubich\/chi-e-chiara\/pasquale-foresi\/\" target=\"_blank\" rel=\"noopener\">Pasquale Foresi<\/a> (\u201c\u00e9 a vida que faz entender\u201d), cofundador do Movimento dos Focolares, que afirmava: \u00abO trabalho n\u00e3o \u00e9 somente um meio para viver, mas \u00e9 algo inerente ao nosso ser homens, e, por conseguinte, tamb\u00e9m um meio para conhecer a realidade, para entender a vida\u00bb.  <strong>O m\u00e9todo pode ser confirmado na experi\u00eancia dos dependentes da ex Cglobal de Pisa<\/strong>, envolvidos em uma das costumeiras restrutura\u00e7\u00f5es e deslocamentos de empresas, e a hist\u00f3ria do fundo sindical \u201cLiames de Fraternidade\u201d, de Pomigliano d\u2019Arco, em N\u00e1poles, que nasceu gra\u00e7as \u00e0 par\u00f3quia S\u00e3o Felix em Pincis, como ajuda m\u00fatua de uma comunidade com o risco de desintegrar-se diante da car\u00eancia de ocupa\u00e7\u00e3o ditada pela divis\u00e3o internacional do trabalho, dirigida pelas sociedades multinacionais.  <strong>O quadro foi completado pela exposi\u00e7\u00e3o de Alberto Botto<\/strong>, secret\u00e1rio geral do sindicato Luz e For\u00e7a, de Ros\u00e1rio, <a href=\"https:\/\/www.focolare.org\/pt\/focolare-worldwide\/america-sud\/argentina\/\" target=\"_blank\" rel=\"noopener\">Argentina<\/a>, sobre a resist\u00eancia das organiza\u00e7\u00f5es dos trabalhadores diante do poder das ditaduras militares e das receitas liberais de privatiza\u00e7\u00e3o, que amea\u00e7aram dissolver o pr\u00f3prio pa\u00eds.  <img loading=\"lazy\" decoding=\"async\" class=\"ngg-singlepic ngg-none alignright\" src=\"https:\/\/www.focolare.org\/wp-content\/blogs.dir\/1\/files\/incontro-sindacalisti\/Dialogo-con-Maurizio-Landini.JPG\" alt=\"Dialogo con Maurizio Landini.JPG\" width=\"328\" height=\"219\" \/>Diante do paradigma \u201cda economia que mata\u201d, citando o Papa, justamente aqueles que decidiram atuar no sindicato \u201cpor sede de justi\u00e7a\u201d, est\u00e3o experimentando, nestes anos, a fragilidade e os limites de suas formas organizacionais diante da mercantiliza\u00e7\u00e3o de toda uma vida.  O encontro desejou criar um espa\u00e7o \u201cdesarmado\u201d, onde cada um pudesse oferecer as raz\u00f5es profundas do pr\u00f3prio empenho. Uma reciprocidade que proporcionou momentos de <strong>di\u00e1logo exigente com Maurizio Landini e Marco Bentivogli,<\/strong> secret\u00e1rios nacionais de dois sindicatos de metalurgia italianos (Fiom Cgil e Fim Cisl), e ainda com Giorgio Cremaschi, da \u00e1rea cr\u00edtica e radical.  <img loading=\"lazy\" decoding=\"async\" class=\"  wp-image-130328 alignleft\" src=\"https:\/\/www.focolare.org\/wp-content\/uploads\/2013\/05\/Dialogo-con-Emmaus.jpg\" alt=\"Dialogo con Emmaus\" width=\"381\" height=\"254\" \/>O programa contou com o di\u00e1logo entre <strong>Cecilia Brighi<\/strong>, durante anos atuante pelos sindicatos, na Organiza\u00e7\u00e3o Internacional do Trabalho, e os professores<strong> Antonio Maria Baggio, Barbara Sena e Alberto Lo Presti<\/strong>, que apresentou a atualidade de um texto fundamental publicado por <em>Citt\u00e0 Nuova<\/em> (\u201cQuest\u00e3o oper\u00e1ria e cristianismo\u201d, de Von Ketteler).  Os trabalhos do semin\u00e1rio, dirigidos por <strong>Antonella Galluzzi e Stefano Biondi<\/strong>, referentes de \u201cMade in the World\u201d, e acompanhados pelos respons\u00e1veis do di\u00e1logo cultural do Movimento dos Focolares, <strong>Caterina Mulatero e Jo\u00e3o Manuel Motta,<\/strong> tiveram a participa\u00e7\u00e3o da presidente do Movimento, <strong>Maria Voc<\/strong>e, que observou: \u00abN\u00e3o \u00e9 verdade que falte trabalho. Deus n\u00e3o nos deixou sem trabalho, basta olhar ao redor e ver quantas urg\u00eancias e necessidades t\u00eam a sociedade civil! O que parece faltar \u00e9 o dinheiro. Aonde foi parar? Com a corrup\u00e7\u00e3o e a avidez dos lucros sem limites, criou-se uma fratura entre o trabalho e o dinheiro, o seu uso\u00bb. Por esse motivo \u00e9 necess\u00e1rio \u00abassumir juntos as chagas da humanidade\u00bb, com a nossa \u201ccompet\u00eancia\u201d que \u00e9 a <strong>\u00abfraternidade universal, reconciliar o homem com o homem<\/strong>\u00bb.  Os participantes despediram-se com o forte desejo de partilhar o que viveram, para promover espa\u00e7os de di\u00e1logo com outros sindicatos. \u00abEntendemos que n\u00e3o estamos s\u00f3s \u2013 afirmou um dos sindicalistas argentinos \u2013 e que \u00e9 muito importante permanecer unidos para dar uma alma \u00e0 luta sindical e lev\u00e1-la a todos\u00bb.<\/p>\n","protected":false},"excerpt":{"rendered":"<p>De 16 a 18 de outubro realizou-se, em Castelgandolfo (Roma), o semin\u00e1rio internacional \u201cLiberemos o trabalho, nas ra\u00edzes da experi\u00eancia sindical\u201d. Promovido pela associa\u00e7\u00e3o \u201cMade in the World\u201d, fruto de um itiner\u00e1rio decenal de di\u00e1logo entre pessoas comprometidas em diversas associa\u00e7\u00f5es de trabalhadores.<\/p>\n","protected":false},"author":34,"featured_media":0,"comment_status":"open","ping_status":"open","sticky":false,"template":"","format":"standard","meta":{"give_campaign_id":0,"_seopress_robots_primary_cat":"","_seopress_titles_title":"","_seopress_titles_desc":"","_seopress_robots_index":"","_et_pb_use_builder":"","_et_pb_old_content":"","_et_gb_content_width":"","footnotes":""},"categories":[129],"tags":[],"class_list":["post-333958","post","type-post","status-publish","format-standard","hentry","category-sem-categoria"],"_links":{"self":[{"href":"https:\/\/www.focolare.org\/pt-pt\/wp-json\/wp\/v2\/posts\/333958","targetHints":{"allow":["GET"]}}],"collection":[{"href":"https:\/\/www.focolare.org\/pt-pt\/wp-json\/wp\/v2\/posts"}],"about":[{"href":"https:\/\/www.focolare.org\/pt-pt\/wp-json\/wp\/v2\/types\/post"}],"author":[{"embeddable":true,"href":"https:\/\/www.focolare.org\/pt-pt\/wp-json\/wp\/v2\/users\/34"}],"replies":[{"embeddable":true,"href":"https:\/\/www.focolare.org\/pt-pt\/wp-json\/wp\/v2\/comments?post=333958"}],"version-history":[{"count":0,"href":"https:\/\/www.focolare.org\/pt-pt\/wp-json\/wp\/v2\/posts\/333958\/revisions"}],"wp:attachment":[{"href":"https:\/\/www.focolare.org\/pt-pt\/wp-json\/wp\/v2\/media?parent=333958"}],"wp:term":[{"taxonomy":"category","embeddable":true,"href":"https:\/\/www.focolare.org\/pt-pt\/wp-json\/wp\/v2\/categories?post=333958"},{"taxonomy":"post_tag","embeddable":true,"href":"https:\/\/www.focolare.org\/pt-pt\/wp-json\/wp\/v2\/tags?post=333958"}],"curies":[{"name":"wp","href":"https:\/\/api.w.org\/{rel}","templated":true}]}}