{"id":333960,"date":"2015-10-27T08:15:28","date_gmt":"2015-10-27T07:15:28","guid":{"rendered":"https:\/\/www.focolare.org\/bartolomeu-i-mestre-em-cultura-da-unidade\/"},"modified":"2024-05-16T15:25:40","modified_gmt":"2024-05-16T13:25:40","slug":"bartolomeu-i-mestre-em-cultura-da-unidade","status":"publish","type":"post","link":"https:\/\/www.focolare.org\/pt-pt\/bartolomeu-i-mestre-em-cultura-da-unidade\/","title":{"rendered":"Bartolomeu I, mestre em Cultura da Unidade"},"content":{"rendered":"<p><strong><a href=\"https:\/\/www.focolare.org\/wp-content\/uploads\/2015\/10\/2151027-02.jpg\"><img loading=\"lazy\" decoding=\"async\" class=\"wp-image-130374 alignleft\" src=\"https:\/\/www.focolare.org\/wp-content\/uploads\/2015\/10\/2151027-02.jpg\" alt=\"2151027-02\" width=\"380\" height=\"254\" \/><\/a>Bartolomeu I rev\u00ea os relacionamentos entre as duas Igrejas \u201cirm\u00e3s\u201d<\/strong>, na sua <em>lectio magistralis<\/em> ap\u00f3s a outorga do t\u00edtulo de doutor em Cultura da Unidade por parte do <a href=\"http:\/\/www.iu-sophia.org\/\" target=\"_blank\" rel=\"noopener\">Instituto Universit\u00e1rio Sophia<\/a>, em 26 de outubro. Relacionamentos marcados h\u00e1 s\u00e9culos por incompreens\u00f5es e h\u00e1 tempo iniciados no caminho para a unidade, com a elimina\u00e7\u00e3o das excomunh\u00f5es rec\u00edprocas e os passos liderados por figuras proeminentes como <strong>Paulo VI e Aten\u00e1goras I<\/strong>, de quem Bartolomeu recolhe hoje a heran\u00e7a. Junto com o Papa Francisco, que recentemente evocou o valor da \u201csinodalidade\u201d como elemento chave para conduzir a Igreja de Cristo, s\u00e3o v\u00e1rias as ocasi\u00f5es em que se manifesta a sintonia espiritual que existe entre eles. Na sua mensagem, lida pelo card. Betori, o Papa Francisco se dirige \u201cao amado irm\u00e3o Bartolomeu\u201d para evidenciar o \u201ccaminho comum das nossas Igrejas rumo \u00e0 plena e vis\u00edvel unidade, o qual \u2013 escreve \u2013 percorremos com dedica\u00e7\u00e3o e perseveran\u00e7a\u201d. <strong>Uma mensagem que toca profundamente o cora\u00e7\u00e3o do Patriarca<\/strong>, que se diz \u201cfelic\u00edssimo\u201d, confidenciando que \u201cretorna a Istambul mais forte, mais seguro\u201d, pelo fato de ter em Roma \u201cum irm\u00e3o que deseja trabalhar conosco e rezar para acelerar a unidade das nossas igrejas\u201d, e responde ao Papa Francisco enviando o \u201cBeijo da Paz\u201d e invocando para ele a ora\u00e7\u00e3o <em>ad multos annos<\/em>.  <strong><a href=\"https:\/\/www.focolare.org\/wp-content\/uploads\/2015\/10\/2151027-01.jpg\"><img loading=\"lazy\" decoding=\"async\" class=\"wp-image-130372 alignright\" src=\"https:\/\/www.focolare.org\/wp-content\/uploads\/2015\/10\/2151027-01.jpg\" alt=\"2151027-01\" width=\"380\" height=\"254\" \/><\/a>Respira-se a hist\u00f3ria, aquela que presenciou \u201ca falta de reconhecimento do outro <\/strong>como crist\u00e3o\u201d, at\u00e9 chegar aos \u201cprotagonistas da nova primavera da Igreja: aqueles que far\u00e3o da unidade o centro de suas a\u00e7\u00f5es pastorais para o bem de todos\u201d, com o \u00fanico desejo de \u201cfazer com que os caminhos de Deus avancem\u201d; e se respira o futuro, aquele no qual seja a Igreja que as institui\u00e7\u00f5es entender\u00e3o que \u201cas diversidades s\u00e3o d\u00e1diva e n\u00e3o contraposi\u00e7\u00e3o, riqueza e n\u00e3o desequil\u00edbrio, vida e n\u00e3o morte\u201d, como o Patriarca afirmou no seu discurso.  <strong>Estamos na cidadezinha de testemunho do Movimento dos Focolares <\/strong>em <a href=\"http:\/\/www.loppiano.it\/\" target=\"_blank\" rel=\"noopener\">Loppiano<\/a>, onde se encontra a sede do Instituto Universit\u00e1rio Sophia, que inaugura o seu 8\u00b0 ano acad\u00eamico com a solene cerim\u00f4nia. Para o excepcional evento \u2013 a presen\u00e7a de Sua Santidade Bartolomeu I \u2013 est\u00e3o presentes, al\u00e9m de milhares de pessoas, v\u00e1rias delega\u00e7\u00f5es da Igreja ortodoxa, representantes da Igreja cat\u00f3lica, autoridades civis, professores de v\u00e1rias universidades geminadas com Sophia, uma comunidade mu\u00e7ulmana e se registram mais de 4 mil acessos na transmiss\u00e3o via internet.  <strong><a href=\"https:\/\/www.focolare.org\/wp-content\/uploads\/2015\/10\/2151027-03.jpg\"><img loading=\"lazy\" decoding=\"async\" class=\"wp-image-130376 alignleft\" src=\"https:\/\/www.focolare.org\/wp-content\/uploads\/2015\/10\/2151027-03.jpg\" alt=\"2151027-03\" width=\"380\" height=\"252\" \/><\/a>No reconhecimento atribu\u00eddo ao Patriarca de Constantinopla, se expressa a gratid\u00e3o<\/strong> \u201cpela elabora\u00e7\u00e3o paciente, corajosa e atuante de uma Cultura da Unidade\u201d, que viu nele um \u201cprotagonista amado e ouvido no cen\u00e1rio internacional, no di\u00e1logo em vista da plena unidade entre as Igrejas, no encontro entre diversas tradi\u00e7\u00f5es e experi\u00eancias religiosas, na coopera\u00e7\u00e3o entre mulheres e homens de todas as convic\u00e7\u00f5es que percorrem as sendas da fraternidade\u201d, assim se expressa o prof. Piero Coda, Reitor do Instituto. Numa entrevista \u00e0 parte \u2013 explicando a cultura da unidade \u2013 tamb\u00e9m afirma que n\u00e3o se trata de uma utopia, mas de uma \u201cinspira\u00e7\u00e3o, por meio da qual <a href=\"https:\/\/www.focolare.org\/pt\/chiara-lubich\/chi-e-chiara\/\">Chiara Lubich<\/a> compreendeu que o carisma da unidade, que Deus lhe havia doado, tamb\u00e9m poderia se tornar express\u00e3o cultural: s\u00e3o sempre necess\u00e1rias media\u00e7\u00f5es, paradigmas, como diz o papa Francisco, uma revolu\u00e7\u00e3o cultural, para saber dirigir a exist\u00eancia para novas fronteiras, o Instituto Universit\u00e1rio Sophia surgiu para realizar isso\u201d.  <a href=\"https:\/\/www.focolare.org\/pt\/news\/2014\/09\/15\/maria-voce\/\">Maria Voce<\/a><strong>, presidente dos Focolares, em nome de todo o Movimento<\/strong>, expressa ao Patriarca a alegria e a honra em acolh\u00ea-lo na cidadezinha de Loppiano, evidenciando o papel de lideran\u00e7a que os Focolares lhe atribui como personalidade espiritual e intelectual e o valor do seu testemunho e dos seus \u201capelos em favor da justi\u00e7a e da prote\u00e7\u00e3o do ambiente como casa comum dos povos\u201d. \u201c<strong>O <\/strong><strong>di\u00e1logo \u00e9 a nossa prioridade comum<\/strong>\u201d, continua Maria Voce, com o desejo de \u201cprosseguir o caminho em plena harmonia de ideais e testemunho de vida\u201d. Uma pr\u00f3xima etapa, lembrada pelo Patriarca Bartolomeu I numa entrevista conclusiva da cerim\u00f4nia, se realizar\u00e1 em novembro, em Istambul, onde se reunir\u00e3o <a href=\"https:\/\/www.focolare.org\/pt\/movimento-dei-focolari\/scelte-e-impegno\/vescovi\/\" target=\"_blank\" rel=\"noopener\">bipos de v\u00e1rias igrejas<\/a> amigos dos Focolares: \u201cTeremos ali a ocasi\u00e3o \u2013\u00a0\u00a0 afirma \u2013 de manifestar a nossa vontade de trabalhar pela unidade das nossas Igrejas. N\u00f3s somos felizes, estamos prontos para acolher e retribuir o beijo da paz entre Oriente e Ocidente\u201d.  <strong>Unidade na diversidade foi uma das \u201c novas palavras\u201d pronunciadas <\/strong>e que o reitor Piero Coda ressaltou novamente com for\u00e7a: \u201cO Evangelho n\u00e3o \u00e9 uniformidade, mas valoriza\u00e7\u00e3o das diferen\u00e7as. Elas s\u00e3o unidade justamente na medida em que, jorrando da \u00fanica fonte, se colocam em rela\u00e7\u00e3o entre si, ou seja, sabem descobrir reciprocamente os dons que cada um oferece. Por isso a diversidade, vivida como rela\u00e7\u00e3o, como fraternidade e comunh\u00e3o, \u00e9 a flor da unidade\u201d.  <strong>\u201cCom a aceita\u00e7\u00e3o das diversidades \u2013 conclui o Patriarca<\/strong> \u2013 atrav\u00e9s do di\u00e1logo do amor, atrav\u00e9s do m\u00fatuo respeito, atrav\u00e9s da acolhida do Outro e da nossa disponibilidade para acolher e para ser acolhidos poder\u00edamos nos tornar para o mundo, <em>\u00edcones de Cristo<\/em> e como ele, na unidade, ser tamb\u00e9m diversidade\u201d.  <a href=\"http:\/\/www.loppiano.it\/streaming\/C\/Streaming_loppiano-1820762LUO5452063023\">\u00a0<span id=\"result_box\" class=\"short_text\" lang=\"pt\"><span class=\"hps\">Reveja<\/span> <span class=\"hps\">o<\/span> <span class=\"hps\">streaming ao vivo<\/span><\/span><\/a>  <a href=\"https:\/\/www.focolare.org\/press\/files\/2015\/10\/20151027_Patriarca-Bartolomeo-I_Loppiano_dottorato_CS_PT.pdf\" target=\"_blank\" rel=\"noopener\">Comunicado<\/a>  <a href=\"https:\/\/www.focolare.org\/press\/files\/2015\/10\/20151026MessaggioPapaFrancesco_PT.pdf\" target=\"_blank\" rel=\"noopener\">Mensagem do Papa Francisco, <\/a><\/p>\n","protected":false},"excerpt":{"rendered":"<p>\u201cUm justo reconhecimento pelo seu empenho na promo\u00e7\u00e3o da cultura da unidade, que contribui para o caminho comum das nossas Igrejas rumo \u00e0 plena e vis\u00edvel unidade\u201d, assim se expressa o Papa Francisco na sua mensagem ao Patriarca de Constantinopla.<\/p>\n","protected":false},"author":34,"featured_media":0,"comment_status":"open","ping_status":"open","sticky":false,"template":"","format":"standard","meta":{"give_campaign_id":0,"_seopress_robots_primary_cat":"","_seopress_titles_title":"","_seopress_titles_desc":"","_seopress_robots_index":"","_et_pb_use_builder":"","_et_pb_old_content":"","_et_gb_content_width":"","footnotes":""},"categories":[909],"tags":[],"class_list":["post-333960","post","type-post","status-publish","format-standard","hentry","category-focolare-worldwide-2-4"],"_links":{"self":[{"href":"https:\/\/www.focolare.org\/pt-pt\/wp-json\/wp\/v2\/posts\/333960","targetHints":{"allow":["GET"]}}],"collection":[{"href":"https:\/\/www.focolare.org\/pt-pt\/wp-json\/wp\/v2\/posts"}],"about":[{"href":"https:\/\/www.focolare.org\/pt-pt\/wp-json\/wp\/v2\/types\/post"}],"author":[{"embeddable":true,"href":"https:\/\/www.focolare.org\/pt-pt\/wp-json\/wp\/v2\/users\/34"}],"replies":[{"embeddable":true,"href":"https:\/\/www.focolare.org\/pt-pt\/wp-json\/wp\/v2\/comments?post=333960"}],"version-history":[{"count":0,"href":"https:\/\/www.focolare.org\/pt-pt\/wp-json\/wp\/v2\/posts\/333960\/revisions"}],"wp:attachment":[{"href":"https:\/\/www.focolare.org\/pt-pt\/wp-json\/wp\/v2\/media?parent=333960"}],"wp:term":[{"taxonomy":"category","embeddable":true,"href":"https:\/\/www.focolare.org\/pt-pt\/wp-json\/wp\/v2\/categories?post=333960"},{"taxonomy":"post_tag","embeddable":true,"href":"https:\/\/www.focolare.org\/pt-pt\/wp-json\/wp\/v2\/tags?post=333960"}],"curies":[{"name":"wp","href":"https:\/\/api.w.org\/{rel}","templated":true}]}}