{"id":333986,"date":"2015-11-03T05:00:14","date_gmt":"2015-11-03T04:00:14","guid":{"rendered":"https:\/\/www.focolare.org\/evangelho-vivido-todos-sao-candidatos-a-unidade\/"},"modified":"2024-05-16T15:25:46","modified_gmt":"2024-05-16T13:25:46","slug":"evangelho-vivido-todos-sao-candidatos-a-unidade","status":"publish","type":"post","link":"https:\/\/www.focolare.org\/pt-pt\/evangelho-vivido-todos-sao-candidatos-a-unidade\/","title":{"rendered":"Evangelho vivido: todos s\u00e3o candidatos \u00e0 unidade"},"content":{"rendered":"<p><strong>No \u00f4nibus<\/strong>  Todos os dias eu tomo o \u00f4nibus n\u00famero 45 para ir ao trabalho e, um dia, subiu um senhor que estava, visivelmente, de mau humor. Todos os que perceberam isto facilitaram a sua entrada, abriram espa\u00e7o e se distanciaram dele. Eu, ao contr\u00e1rio, permaneci onde estava e ajudei a segurar as sacolas que ele trazia em ambas as m\u00e3os: o meu dia pareceu tornar-se mais luminoso! Em um outro dia, no mesmo \u00f4nibus, eis que, de novo sobe aquele mesmo senhor. Assim que me viu, foi imediatamente cumprimentar-me e isto continuou a acontecer at\u00e9 hoje. Basta realmente pouco para que o outro, qualquer pr\u00f3ximo que encontro durante o dia, sinta-se acolhido e amado. E. M. \u2013 <a href=\"https:\/\/www.focolare.org\/pt\/focolare-worldwide\/europa\/ungheria\/\" target=\"_blank\" rel=\"noopener\">Hungria<\/a>  <strong>Tatuagens<\/strong><img loading=\"lazy\" decoding=\"async\" class=\"  wp-image-130722 alignleft\" src=\"https:\/\/www.focolare.org\/wp-content\/uploads\/2015\/11\/20151003-01.jpg\" alt=\"20151003-01\" width=\"283\" height=\"177\" \/>  No trem, sentei-me ao lado de uma jovem e um jovem cobertos de tatuagem com caracter\u00edsticas sat\u00e2nicas. A minha propens\u00e3o a procurar o positivo nos outros me fez pensar que os dois teriam um motivo para exibir aquelas imagens. Depois de certa hesita\u00e7\u00e3o, criei coragem e perguntei a eles sobre o sentido daquelas tatuagens. Os olhos deles se tornaram brilhantes. Depois, se alternaram para responder-me, mas, com a mesma delicadeza: \u201cFicamos agradecidos por ter nos perguntado. Geralmente, as pessoas nos julgam e, na melhor das hip\u00f3teses, fingem que n\u00e3o nos v\u00eaem. Mas, n\u00f3s n\u00e3o somos a nossa apar\u00eancia, queremos somente que seja uma afronta a esta sociedade paralisada e sem capacidade de ter nenhuma rea\u00e7\u00e3o\u201d. M.\u00a0I. \u2013 <a href=\"https:\/\/www.focolare.org\/pt\/focolare-worldwide\/europa\/francia\/\" target=\"_blank\" rel=\"noopener\">Fran\u00e7a<\/a>  <strong>Um carrinho de beb\u00ea para o filho de Jamal<\/strong>  Em uma tarde de domingo, Jamal, um oper\u00e1rio marroquino que conhecemos, trouxe \u00e0 nossa casa algumas ma\u00e7\u00e3s. Conversando com ele fiquei sabendo que no pr\u00f3ximo m\u00eas de dezembro vai nascer o seu filho. Mas eles n\u00e3o tinham nada do que \u00e9 necess\u00e1rio a um rec\u00e9m-nascido e, especialmente, seria muito \u00fatil um carrinho de beb\u00ea. Depois de ouvi-lo, atentamente, eu tive uma id\u00e9ia: \u201cPor que n\u00f3s n\u00e3o pedimos, juntos, uma ajuda a Deus? Ele \u00e9 o mesmo para todos, podemos cham\u00e1-lo com nomes diferentes, mas, \u00e9 sempre Deus e Ele saber\u00e1 como nos doar um carrinho de beb\u00ea\u201d. Jamal gostou da minha proposta. Est\u00e1vamos no p\u00e1tio e, elevando os olhos ao c\u00e9u, rezamos assim: \u201cSenhor Deus, temos necessidade de um carrinho de beb\u00ea. Ajude-nos!\u201d. \u00c9ramos um jovem mu\u00e7ulmano e uma senhora cat\u00f3lica: duas religi\u00f5es diferentes e, mesmo assim, unidos para pedir algo a Deus. E Ele acolheu a nossa ora\u00e7\u00e3o: na quarta-feira seguinte algu\u00e9m doou o carrinho de presente\u201d. V.\u00a0M. \u2013 <a href=\"https:\/\/www.focolare.org\/pt\/focolare-worldwide\/europa\/italia\/\" target=\"_blank\" rel=\"noopener\">It\u00e1lia<\/a><\/p>\n","protected":false},"excerpt":{"rendered":"<p>\u201cQue todos sejam um\u201d, a ora\u00e7\u00e3o feita por Jesus, antes da sua morte, \u00e9 a frase escolhida para ser vivida durante o m\u00eas de novembro. Breves reflex\u00f5es de quem j\u00e1 procurou coloc\u00e1-la em pr\u00e1tica.<\/p>\n","protected":false},"author":34,"featured_media":0,"comment_status":"open","ping_status":"open","sticky":false,"template":"","format":"standard","meta":{"give_campaign_id":0,"_seopress_robots_primary_cat":"","_seopress_titles_title":"","_seopress_titles_desc":"","_seopress_robots_index":"","_et_pb_use_builder":"","_et_pb_old_content":"","_et_gb_content_width":"","footnotes":""},"categories":[910],"tags":[],"class_list":["post-333986","post","type-post","status-publish","format-standard","hentry","category-senza-categoria-2-4"],"_links":{"self":[{"href":"https:\/\/www.focolare.org\/pt-pt\/wp-json\/wp\/v2\/posts\/333986","targetHints":{"allow":["GET"]}}],"collection":[{"href":"https:\/\/www.focolare.org\/pt-pt\/wp-json\/wp\/v2\/posts"}],"about":[{"href":"https:\/\/www.focolare.org\/pt-pt\/wp-json\/wp\/v2\/types\/post"}],"author":[{"embeddable":true,"href":"https:\/\/www.focolare.org\/pt-pt\/wp-json\/wp\/v2\/users\/34"}],"replies":[{"embeddable":true,"href":"https:\/\/www.focolare.org\/pt-pt\/wp-json\/wp\/v2\/comments?post=333986"}],"version-history":[{"count":0,"href":"https:\/\/www.focolare.org\/pt-pt\/wp-json\/wp\/v2\/posts\/333986\/revisions"}],"wp:attachment":[{"href":"https:\/\/www.focolare.org\/pt-pt\/wp-json\/wp\/v2\/media?parent=333986"}],"wp:term":[{"taxonomy":"category","embeddable":true,"href":"https:\/\/www.focolare.org\/pt-pt\/wp-json\/wp\/v2\/categories?post=333986"},{"taxonomy":"post_tag","embeddable":true,"href":"https:\/\/www.focolare.org\/pt-pt\/wp-json\/wp\/v2\/tags?post=333986"}],"curies":[{"name":"wp","href":"https:\/\/api.w.org\/{rel}","templated":true}]}}