{"id":333994,"date":"2015-11-06T14:33:01","date_gmt":"2015-11-06T13:33:01","guid":{"rendered":"https:\/\/www.focolare.org\/juntos-pela-europa-encontro-reconciliacao-futuro\/"},"modified":"2024-05-16T15:25:48","modified_gmt":"2024-05-16T13:25:48","slug":"juntos-pela-europa-encontro-reconciliacao-futuro","status":"publish","type":"post","link":"https:\/\/www.focolare.org\/pt-pt\/juntos-pela-europa-encontro-reconciliacao-futuro\/","title":{"rendered":"\u201cJuntos pela Europa. Encontro. Reconcilia\u00e7\u00e3o. Futuro\u201d"},"content":{"rendered":"<p>O evento articula-se em um Congresso (30 de junho \u2013 1 de julho de 2016) e uma manifesta\u00e7\u00e3o p\u00fablica, no dia seguinte (2 de julho de 2016), com a qual deseja-se dar um forte sinal de esperan\u00e7a.  Com palestras, testemunhos, cantos e ora\u00e7\u00f5es, deseja-se testemunhar que a unidade \u00e9 poss\u00edvel, que a reconcilia\u00e7\u00e3o \u00e9 a porta para <strong>a unidade na diversidade<\/strong> \u2013 como, h\u00e1 mais de 15 anos, tem sido constatado por Comunidades e Movimentos, de v\u00e1rias Igrejas.  <strong>A unidade \u00e9 poss\u00edvel<\/strong>. Vivendo o Evangelho de Jesus Cristo podem ser superadas as divis\u00f5es entre pessoas, povos e partidos, entre culturas e tamb\u00e9m entre as Igrejas e confiss\u00f5es crist\u00e3s.  Os \u201c7 sim\u201d, sintetizam o compromisso pela Europa das Comunidades e dos Movimentos crist\u00e3os de Juntos pela Europa 2016.  <a href=\"http:\/\/www.together4europe.org\/archive\/monaco-2016\/\" target=\"_blank\" rel=\"noopener\">Programa do evento<\/a><\/p>\n","protected":false},"excerpt":{"rendered":"<p>Encontro internacional das Comunidades e dos Movimentos crist\u00e3os de Juntos pela Europa, em M\u00f4naco da Baviera.<\/p>\n","protected":false},"author":34,"featured_media":0,"comment_status":"open","ping_status":"open","sticky":false,"template":"","format":"standard","meta":{"give_campaign_id":0,"_seopress_robots_primary_cat":"","_seopress_titles_title":"","_seopress_titles_desc":"","_seopress_robots_index":"","_et_pb_use_builder":"","_et_pb_old_content":"","_et_gb_content_width":"","footnotes":""},"categories":[129],"tags":[],"class_list":["post-333994","post","type-post","status-publish","format-standard","hentry","category-sem-categoria"],"_links":{"self":[{"href":"https:\/\/www.focolare.org\/pt-pt\/wp-json\/wp\/v2\/posts\/333994","targetHints":{"allow":["GET"]}}],"collection":[{"href":"https:\/\/www.focolare.org\/pt-pt\/wp-json\/wp\/v2\/posts"}],"about":[{"href":"https:\/\/www.focolare.org\/pt-pt\/wp-json\/wp\/v2\/types\/post"}],"author":[{"embeddable":true,"href":"https:\/\/www.focolare.org\/pt-pt\/wp-json\/wp\/v2\/users\/34"}],"replies":[{"embeddable":true,"href":"https:\/\/www.focolare.org\/pt-pt\/wp-json\/wp\/v2\/comments?post=333994"}],"version-history":[{"count":0,"href":"https:\/\/www.focolare.org\/pt-pt\/wp-json\/wp\/v2\/posts\/333994\/revisions"}],"wp:attachment":[{"href":"https:\/\/www.focolare.org\/pt-pt\/wp-json\/wp\/v2\/media?parent=333994"}],"wp:term":[{"taxonomy":"category","embeddable":true,"href":"https:\/\/www.focolare.org\/pt-pt\/wp-json\/wp\/v2\/categories?post=333994"},{"taxonomy":"post_tag","embeddable":true,"href":"https:\/\/www.focolare.org\/pt-pt\/wp-json\/wp\/v2\/tags?post=333994"}],"curies":[{"name":"wp","href":"https:\/\/api.w.org\/{rel}","templated":true}]}}