{"id":334060,"date":"2015-11-30T08:26:10","date_gmt":"2015-11-30T07:26:10","guid":{"rendered":"https:\/\/www.focolare.org\/calcedonia-novo-pacto-entre-bispos-cristaos\/"},"modified":"2024-05-16T15:26:02","modified_gmt":"2024-05-16T13:26:02","slug":"calcedonia-novo-pacto-entre-bispos-cristaos","status":"publish","type":"post","link":"https:\/\/www.focolare.org\/pt-pt\/calcedonia-novo-pacto-entre-bispos-cristaos\/","title":{"rendered":"Calced\u00f4nia: novo pacto entre bispos crist\u00e3os"},"content":{"rendered":"<p><div id=\"attachment_131858\" style=\"width: 390px\" class=\"wp-caption alignleft\"><a href=\"https:\/\/www.focolare.org\/wp-content\/uploads\/2015\/11\/20151130-01.jpg\"><img loading=\"lazy\" decoding=\"async\" aria-describedby=\"caption-attachment-131858\" class=\"wp-image-131858\" src=\"https:\/\/www.focolare.org\/wp-content\/uploads\/2015\/11\/20151130-01.jpg\" alt=\"20151130-01\" width=\"380\" height=\"260\" \/><\/a><p id=\"caption-attachment-131858\" class=\"wp-caption-text\">\u00a9 CSC Audiovisivi &#8211; R. Meier<\/p><\/div>  A rota do<a href=\"https:\/\/www.focolare.org\/pt\/news\/2015\/11\/24\/espanol-vescovi-di-varie-chiese-insieme-a-istanbul\/\"> 34\u00b0 simp\u00f3sio de bispos de v\u00e1rias igrejas, <\/a>promovido pelos Focolares, se voltou para a terra firme. Um dia mon\u00f3tono e chuvoso acompanhou o deslocamento do Mosteiro de Halki rumo \u00e0 Calced\u00f4nia.  Ap\u00f3s uma hora de navega\u00e7\u00e3o, se chegou a Kadikoy, a antiga Bit\u00ednia, onde se realizou o IV Conc\u00edlio ecum\u00eanico, em 451. O grupo dos 35 bispos de 16 igrejas foi acolhido na igreja de Cristo Rei, \u00e0 qual compete um vasto territ\u00f3rio onde vivem 3 mil pessoas da comunidade arm\u00eania local. O p\u00e1roco explicou porque o Conc\u00edlio de Calced\u00f4nia aconteceu n\u00e3o longe desta igreja.  Estava em discuss\u00e3o uma quest\u00e3o fundamental do cristianismo: a natureza humana e divina do Cristo. Como os padres conciliares n\u00e3o conseguiam se colocar de acordo, confiaram a resolu\u00e7\u00e3o ao Esp\u00edrito Santo, que no Oriente as pessoas consideram como sendo feminino.  Este lugar t\u00e3o significativo e hist\u00f3rico serve de inspira\u00e7\u00e3o para compreender que \u00abo caminho rumo \u00e0 unidade na diversidade \u2013 disse o cardeal Francis Kriengsak \u2013 \u00e0s vezes \u00e9 fatigante e doloroso, mas se formos fi\u00e9is pode gerar frutos para os s\u00e9culos\u00bb.  <div id=\"attachment_131860\" style=\"width: 390px\" class=\"wp-caption alignright\"><a href=\"https:\/\/www.focolare.org\/wp-content\/uploads\/2015\/11\/20151130-02.jpg\"><img loading=\"lazy\" decoding=\"async\" aria-describedby=\"caption-attachment-131860\" class=\"wp-image-131860\" src=\"https:\/\/www.focolare.org\/wp-content\/uploads\/2015\/11\/20151130-02.jpg\" alt=\"20151130-02\" width=\"380\" height=\"238\" \/><\/a><p id=\"caption-attachment-131860\" class=\"wp-caption-text\">\u00a9 CSC Audiovisivi &#8211; R. Meier<\/p><\/div>  Como \u00e9 tradi\u00e7\u00e3o nestes simp\u00f3sios de bispos, seguiu-se um solene pacto de amor rec\u00edproco que envolveu todos os presentes com a promessa de \u201cestar prontos a dar a vida uns pelos outros\u201d segundo o mandamento de Jesus \u201cque vos ameis uns aos outros como eu vos amei\u201d. Inspira\u00e7\u00e3o acompanhada pela leitura das palavras do Patriarca Aten\u00e1goras: \u00abSe nos desarmarmos, se nos despojarmos, se nos abrirmos ao Deus-homem que faz novas todas as coisas, ent\u00e3o \u00e9 ele que cancelar\u00e1 o passado ruim e nos restituir\u00e1 um tempo novo onde tudo \u00e9 poss\u00edvel\u00bb.  A assinatura de cada um diante de um \u00edcone mariano selou o compromisso. \u00abO pacto de amor rec\u00edproco entre bispos de igrejas diferentes \u2013 explicou Brendan Leahy, bispo cat\u00f3lico de Limerck, na Irlanda \u2013 \u00e9 um chamado constante a me abrir, a n\u00e3o me fechar na minha diocese. Significa evitar a superficialidade para ir \u00e0 raiz do nosso ser crist\u00e3os e bispos\u00bb. Para Michael Grabow, bispo luterano de Augsburg \u00ab\u00e9 um compromisso a viver o radicalismo do amor e a me recordar que, mesmo se somos de igrejas diferentes, somos irm\u00e3os e irm\u00e3s\u00bb. Geoffrey Rowell, bispo e te\u00f3logo ingl\u00eas e anglicano, lembrou que \u00abestamos unidos pelo mesmo pacto inclusive com os bispos ortodoxos raptados em Aleppo, na S\u00edria, dos quais n\u00e3o sabemos nada. Enquanto os meios de comunica\u00e7\u00e3o se esquecem, n\u00f3s queremos sempre record\u00e1-los porque estamos ligados por uma fraternidade comum \u00bb. \u00abNo nosso trabalho quotidiano de bispos \u2013 comentou o metropolita indiano Theophilose Kuriakose da igreja copta ortodoxa s\u00edria \u2013 ouvimos muitas pessoas para resolver os seus problemas, mas algumas vezes nos sentimos sozinhos porque n\u00e3o tem ningu\u00e9m que ou\u00e7a os nossos. Precisamos perceber a unidade, a fraternidade que faz com que nos sintamos irm\u00e3os sem desconsiderar, naturalmente, a minha comunh\u00e3o com Deus e a escolha de Jesus crucificado e abandonado. Este pacto permanece selado no meu cora\u00e7\u00e3o, me d\u00e1 for\u00e7a e faz com que eu me sinta respons\u00e1vel na comunh\u00e3o com os outros\u00bb.  <em>Do enviado Aur\u00e9lio Mol\u00e8<\/em>  &nbsp;  &nbsp;<\/p>\n","protected":false},"excerpt":{"rendered":"<p>No lugar do IV Conc\u00edlio Ecum\u00eanico, um solene compromisso a viver a fraternidade entre bispos de v\u00e1rias igrejas, para cancelar o passado e abrir novos caminhos para a unidade entre as igrejas crist\u00e3s.<\/p>\n","protected":false},"author":34,"featured_media":0,"comment_status":"open","ping_status":"open","sticky":false,"template":"","format":"standard","meta":{"give_campaign_id":0,"_seopress_robots_primary_cat":"","_seopress_titles_title":"","_seopress_titles_desc":"","_seopress_robots_index":"","_et_pb_use_builder":"","_et_pb_old_content":"","_et_gb_content_width":"","footnotes":""},"categories":[129],"tags":[],"class_list":["post-334060","post","type-post","status-publish","format-standard","hentry","category-sem-categoria"],"_links":{"self":[{"href":"https:\/\/www.focolare.org\/pt-pt\/wp-json\/wp\/v2\/posts\/334060","targetHints":{"allow":["GET"]}}],"collection":[{"href":"https:\/\/www.focolare.org\/pt-pt\/wp-json\/wp\/v2\/posts"}],"about":[{"href":"https:\/\/www.focolare.org\/pt-pt\/wp-json\/wp\/v2\/types\/post"}],"author":[{"embeddable":true,"href":"https:\/\/www.focolare.org\/pt-pt\/wp-json\/wp\/v2\/users\/34"}],"replies":[{"embeddable":true,"href":"https:\/\/www.focolare.org\/pt-pt\/wp-json\/wp\/v2\/comments?post=334060"}],"version-history":[{"count":0,"href":"https:\/\/www.focolare.org\/pt-pt\/wp-json\/wp\/v2\/posts\/334060\/revisions"}],"wp:attachment":[{"href":"https:\/\/www.focolare.org\/pt-pt\/wp-json\/wp\/v2\/media?parent=334060"}],"wp:term":[{"taxonomy":"category","embeddable":true,"href":"https:\/\/www.focolare.org\/pt-pt\/wp-json\/wp\/v2\/categories?post=334060"},{"taxonomy":"post_tag","embeddable":true,"href":"https:\/\/www.focolare.org\/pt-pt\/wp-json\/wp\/v2\/tags?post=334060"}],"curies":[{"name":"wp","href":"https:\/\/api.w.org\/{rel}","templated":true}]}}